{"id":10007,"date":"2018-08-13T22:09:59","date_gmt":"2018-08-14T01:09:59","guid":{"rendered":"http:\/\/www.jornaldaconstrucaocivil.com.br\/?p=10007"},"modified":"2018-08-13T22:09:59","modified_gmt":"2018-08-14T01:09:59","slug":"festival-sesc-da-juventude-cantora-iza-faz-show-especial-com-entrada-solidaria-no-shopping-grande-rio","status":"publish","type":"post","link":"https:\/\/construcaocivil.siriusmarketingedesign.com.br\/?p=10007","title":{"rendered":"Festival Sesc da Juventude: Cantora Iza faz show especial com entrada solid\u00e1ria no Shopping Grande Rio"},"content":{"rendered":"<p style=\"font-weight: 400; text-align: justify;\">RIO DE JANEIRO &#8211; Em comemora\u00e7\u00e3o ao <span style=\"color: #0000ff;\">Dia Mundial da Juventude<\/span>, celebrado este m\u00eas, o Shopping Grande Rio, em parceria com o Sesc RJ, promover\u00e1, no dia 17 de agosto (sexta-feira), um megashow da cantora Iza, um dos \u00edcones musicais do momento. A atra\u00e7\u00e3o se apresentar\u00e1 a partir das 19h30, no estacionamento do empreendimento.<\/p>\n<p style=\"font-weight: 400; text-align: justify;\">Para participar dessa grande festa, que faz parte do projeto \u2018Festival Sesc da Juventude\u2019, a entrada ser\u00e1 3kg de alimentos n\u00e3o-perec\u00edveis, como arroz, feij\u00e3o ou macarr\u00e3o, que dar\u00e1 direito a um ingresso, sendo tr\u00eas por CPF. As doa\u00e7\u00f5es arrecadadas ser\u00e3o destinadas ao programa social<span style=\"color: #0000ff;\"> \u2018Mesa Brasil Sesc\u2019<\/span> \u2013 a\u00e7\u00e3o que visa minimizar os efeitos da fome e do desperd\u00edcio, e consiste em recolher produtos aliment\u00edcios em perfeitas condi\u00e7\u00f5es de consumo e entreg\u00e1-los a institui\u00e7\u00f5es sociais parceiras.<\/p>\n<p style=\"font-weight: 400; text-align: justify;\">A jovem cantora de Olaria, Zona Norte do Rio de Janeiro, come\u00e7ou postando na internet releituras deslumbrantes de can\u00e7\u00f5es que tocavam seu cora\u00e7\u00e3o. Pouco tempo depois, com repert\u00f3rio autoral e cheio de personalidade, a artista passou a ser um dos expoentes da m\u00fasica pop, com fortes influ\u00eancias do R&amp;B contempor\u00e2neo. Dentre seus principais sucessos est\u00e3o \u2018Pesad\u00e3o\u2019, \u2018Ginga\u2019 e \u2018Esse brilho \u00e9 meu\u2019.<\/p>\n<p style=\"font-weight: 400; text-align: justify;\">O ponto de troca de ingressos ser\u00e1 na loja Sesc do Shopping Grande Rio, localizada no corredor do banco Ita\u00fa, que funcionar\u00e1 de segunda a quinta-feira, das 10h \u00e0s 22h, e na sexta-feira, das 10h \u00e0s 19h, no per\u00edodo entre os dias 10 e 17 de agosto.<\/p>\n<p style=\"font-weight: 400; text-align: justify;\"><strong>Sobre o \u2018Mesa Brasil Sesc\u2019<\/strong><\/p>\n<p style=\"font-weight: 400; text-align: justify;\">Criado h\u00e1 18 anos, no estado do Rio de Janeiro, o \u2018Mesa Brasil Sesc\u2019 recolhe doa\u00e7\u00f5es de produtos aliment\u00edcios em condi\u00e7\u00f5es de consumo, ainda que eventualmente com baixo valor comercial, e os distribui a institui\u00e7\u00f5es de assist\u00eancia social previamente cadastradas. Al\u00e9m das doa\u00e7\u00f5es, as entidades tamb\u00e9m recebem mensalmente a\u00e7\u00f5es educativas com o objetivo de ensinar o aproveitamento integral de alimentos, com a utiliza\u00e7\u00e3o de cascas, sementes e talos, na elabora\u00e7\u00e3o de receitas nutritivas e saborosas.<\/p>\n<p style=\"font-weight: 400; text-align: justify;\">Atualmente, s\u00e3o beneficiadas pelo<span style=\"color: #0000ff;\"> \u2018Mesa Brasil Sesc\u2019<\/span> mais de 50 mil pessoas de 308 institui\u00e7\u00f5es entre asilos, creches, orfanatos e outros, em 33 munic\u00edpios fluminenses.\u00a0 O programa conta com mais de 265 parceiros sistem\u00e1ticos entre ind\u00fastrias, estabelecimentos comerciais, redes de supermercados, pessoas f\u00edsicas, que doam servi\u00e7os e produtos. Para realizar esse trabalho, o projeto tamb\u00e9m conta com mais de 100 volunt\u00e1rios, que se revezam diariamente doando seu tempo e talento por pelo menos 4 horas semanais.<\/p>\n<p style=\"font-weight: 400; text-align: justify;\"><strong><u>Servi\u00e7o:<\/u><\/strong><\/p>\n<p style=\"font-weight: 400; text-align: justify;\"><strong>Cantora Iza faz show especial com entrada solid\u00e1ria no Shopping Grande Rio<\/strong><\/p>\n<p style=\"font-weight: 400; text-align: justify;\"><strong>Data:<\/strong>\u00a017 de agosto de 2018 (sexta-feira)<\/p>\n<p style=\"font-weight: 400; text-align: justify;\"><strong>Hor\u00e1rio:\u00a0<\/strong>19h30<\/p>\n<p style=\"font-weight: 400; text-align: justify;\"><strong>Local:<\/strong>\u00a0Estacionamento<\/p>\n<p style=\"font-weight: 400; text-align: justify;\"><strong>Ingresso:<\/strong>\u00a03kg de alimentos n\u00e3o-perec\u00edveis (arroz, feij\u00e3o ou macarr\u00e3o)<\/p>\n<p>Fonte: Imprensa\/Sesc-RJ<\/p>\n<p style=\"font-weight: 400; text-align: justify;\"><strong><em>\u00a0<\/em><\/strong><\/p>\n<p style=\"font-weight: 400;\">\n","protected":false},"excerpt":{"rendered":"<p>RIO DE JANEIRO &#8211; Em comemora\u00e7\u00e3o ao Dia Mundial da Juventude, celebrado este m\u00eas, o Shopping Grande Rio, em parceria com o Sesc RJ, promover\u00e1, no dia 17 de agosto (sexta-feira), um megashow da cantora Iza, um dos \u00edcones musicais do momento. A atra\u00e7\u00e3o se apresentar\u00e1 a partir das 19h30, no estacionamento do empreendimento. Para [&hellip;]<\/p>\n","protected":false},"author":1,"featured_media":10008,"comment_status":"open","ping_status":"open","sticky":false,"template":"","format":"standard","meta":{"_uag_custom_page_level_css":"","footnotes":""},"categories":[27],"tags":[1217,13223,13221,13225,13226,10375,13222,13224],"class_list":["post-10007","post","type-post","status-publish","format-standard","has-post-thumbnail","hentry","category-acontece","tag-baixada-fluminense","tag-cantora-iza-faz-show-especial","tag-dia-mundial-da-juventude","tag-festival-sesc-da-juventude","tag-oficinas-e-encontros-para-juventude","tag-rio-de-janeiro","tag-sesc-rj","tag-shopping-grande-rio"],"blocksy_meta":[],"spectra_blocks_featured_image_url":{"thumbnail":{"url":"https:\/\/construcaocivil.siriusmarketingedesign.com.br\/wp-content\/uploads\/2018\/08\/AA-IZA-150x150.jpg","width":150,"height":150},"medium":{"url":"https:\/\/construcaocivil.siriusmarketingedesign.com.br\/wp-content\/uploads\/2018\/08\/AA-IZA-300x200.jpg","width":300,"height":200},"medium_large":{"url":"https:\/\/construcaocivil.siriusmarketingedesign.com.br\/wp-content\/uploads\/2018\/08\/AA-IZA.jpg","width":567,"height":378},"large":{"url":"https:\/\/construcaocivil.siriusmarketingedesign.com.br\/wp-content\/uploads\/2018\/08\/AA-IZA.jpg","width":567,"height":378},"full":{"url":"https:\/\/construcaocivil.siriusmarketingedesign.com.br\/wp-content\/uploads\/2018\/08\/AA-IZA.jpg","width":567,"height":378}},"spectra_blocks_author_info":{"display_name":"Jornal da Constru\u00e7\u00e3o Civil","avatar_url":"https:\/\/secure.gravatar.com\/avatar\/973c9774fd44ddaceb026973c4962faa70fc512bc4c9da68e8ebb40fecee6540?s=96&d=mm&r=g","author_link":"https:\/\/construcaocivil.siriusmarketingedesign.com.br\/?author=1","description":"Desde de 2013, levando muitas informa\u00e7\u00f5es, lan\u00e7amentos e produtos de qualidade para toda cadeia produtiva da constru\u00e7\u00e3o. O Futuro da constru\u00e7\u00e3o passa por aqui,"},"uagb_featured_image_src":{"full":["https:\/\/construcaocivil.siriusmarketingedesign.com.br\/wp-content\/uploads\/2018\/08\/AA-IZA.jpg",567,378,false],"thumbnail":["https:\/\/construcaocivil.siriusmarketingedesign.com.br\/wp-content\/uploads\/2018\/08\/AA-IZA-150x150.jpg",150,150,true],"medium":["https:\/\/construcaocivil.siriusmarketingedesign.com.br\/wp-content\/uploads\/2018\/08\/AA-IZA-300x200.jpg",300,200,true],"medium_large":["https:\/\/construcaocivil.siriusmarketingedesign.com.br\/wp-content\/uploads\/2018\/08\/AA-IZA.jpg",567,378,false],"large":["https:\/\/construcaocivil.siriusmarketingedesign.com.br\/wp-content\/uploads\/2018\/08\/AA-IZA.jpg",567,378,false],"1536x1536":["https:\/\/construcaocivil.siriusmarketingedesign.com.br\/wp-content\/uploads\/2018\/08\/AA-IZA.jpg",567,378,false],"2048x2048":["https:\/\/construcaocivil.siriusmarketingedesign.com.br\/wp-content\/uploads\/2018\/08\/AA-IZA.jpg",567,378,false]},"uagb_author_info":{"display_name":"Jornal da Constru\u00e7\u00e3o Civil","author_link":"https:\/\/construcaocivil.siriusmarketingedesign.com.br\/?author=1"},"uagb_comment_info":0,"uagb_excerpt":"RIO DE JANEIRO &#8211; Em comemora\u00e7\u00e3o ao Dia Mundial da Juventude, celebrado este m\u00eas, o Shopping Grande Rio, em parceria com o Sesc RJ, promover\u00e1, no dia 17 de agosto (sexta-feira), um megashow da cantora Iza, um dos \u00edcones musicais do momento. A atra\u00e7\u00e3o se apresentar\u00e1 a partir das 19h30, no estacionamento do empreendimento. Para&hellip;","_links":{"self":[{"href":"https:\/\/construcaocivil.siriusmarketingedesign.com.br\/index.php?rest_route=\/wp\/v2\/posts\/10007","targetHints":{"allow":["GET"]}}],"collection":[{"href":"https:\/\/construcaocivil.siriusmarketingedesign.com.br\/index.php?rest_route=\/wp\/v2\/posts"}],"about":[{"href":"https:\/\/construcaocivil.siriusmarketingedesign.com.br\/index.php?rest_route=\/wp\/v2\/types\/post"}],"author":[{"embeddable":true,"href":"https:\/\/construcaocivil.siriusmarketingedesign.com.br\/index.php?rest_route=\/wp\/v2\/users\/1"}],"replies":[{"embeddable":true,"href":"https:\/\/construcaocivil.siriusmarketingedesign.com.br\/index.php?rest_route=%2Fwp%2Fv2%2Fcomments&post=10007"}],"version-history":[{"count":0,"href":"https:\/\/construcaocivil.siriusmarketingedesign.com.br\/index.php?rest_route=\/wp\/v2\/posts\/10007\/revisions"}],"wp:featuredmedia":[{"embeddable":true,"href":"https:\/\/construcaocivil.siriusmarketingedesign.com.br\/index.php?rest_route=\/wp\/v2\/media\/10008"}],"wp:attachment":[{"href":"https:\/\/construcaocivil.siriusmarketingedesign.com.br\/index.php?rest_route=%2Fwp%2Fv2%2Fmedia&parent=10007"}],"wp:term":[{"taxonomy":"category","embeddable":true,"href":"https:\/\/construcaocivil.siriusmarketingedesign.com.br\/index.php?rest_route=%2Fwp%2Fv2%2Fcategories&post=10007"},{"taxonomy":"post_tag","embeddable":true,"href":"https:\/\/construcaocivil.siriusmarketingedesign.com.br\/index.php?rest_route=%2Fwp%2Fv2%2Ftags&post=10007"}],"curies":[{"name":"wp","href":"https:\/\/api.w.org\/{rel}","templated":true}]}}