{"id":10053,"date":"2018-08-21T12:30:46","date_gmt":"2018-08-21T15:30:46","guid":{"rendered":"http:\/\/www.jornaldaconstrucaocivil.com.br\/?p=10053"},"modified":"2018-08-21T12:32:09","modified_gmt":"2018-08-21T15:32:09","slug":"qual-dos-candidatos-a-presidencia-da-republica-ira-resolver-a-crise-da-construcao-civil","status":"publish","type":"post","link":"https:\/\/construcaocivil.siriusmarketingedesign.com.br\/?p=10053","title":{"rendered":"Qual dos candidatos \u00e0 presid\u00eancia da rep\u00fablica ir\u00e1 resolver a crise da Constru\u00e7\u00e3o Civil ?"},"content":{"rendered":"<p><em>Da Reda\u00e7\u00e3o<\/em><\/p>\n<p style=\"font-weight: 400; text-align: justify;\"><span style=\"color: #993300;\">Rio, 2018<\/span> &#8211; De acordo com os dados do IBGE, a constru\u00e7\u00e3o civil continua puxando o PIB para baixo e consequentemente, desempregando. Em suma, nos 02 primeiros debates na TV Band e Rede TV muito foi falado, prometido e nada de concreto se apresentou. Em qualquer pa\u00eds rico, a constru\u00e7\u00e3o civil \u00e9 forte.<\/p>\n<p style=\"font-weight: 400; text-align: justify;\"><strong><span style=\"color: #0000ff;\">Resumos dos candidatos na TV:<\/span><\/strong><\/p>\n<p style=\"font-weight: 400; text-align: justify;\"><span style=\"color: #800000;\"><strong>Ciro Gomes &#8211; (PDT)<\/strong><\/span>: Tem um plano fenomenal para quitar a d\u00edvida de 63 milh\u00f5es de brasileiros que est\u00e3o no Serasa e SPC, al\u00e9m de revogar a pol\u00edtica de congelamento de gastos p\u00fablicos aprovada por Temer e seus aliados, dentro desse plano est\u00e3o tamb\u00e9m os investimentos p\u00fablicos em todas as \u00e1reas essenciais do pa\u00eds. A ideia do Ciro \u00e9\u00a0\u00a0gerar empregos e voltar com as obras de infraestrutura.<\/p>\n<p style=\"font-weight: 400; text-align: justify;\"><span style=\"color: #800000;\"><strong>Gerlado Alckimin- (PSBD)<\/strong>:<\/span>\u00a0Ir\u00e1 alterar a pol\u00edtica do FGTS do trabalhador ou seja: vai fazer com que os trabalhadores passem a ter rendimento cont\u00ednuo com o dinheiro que fica parado do FGTS, na Caixa;<\/p>\n<p style=\"font-weight: 400; text-align: justify;\"><span style=\"color: #800000;\"><strong>Henrique Meirelles- (MDB<\/strong><\/span>): Sua experi\u00eancia no mercado financeiro \u00e9 a garantia de investimentos. J\u00e1 esteve no governo Lula e agora est\u00e1 no governo Temer, o pior governo da hist\u00f3ria do Brasil. At\u00e9 o momento\u00a0\u00a0sua expertise no mercado financeiro n\u00e3o melhorou a economia do pa\u00eds. Nada melhorou.\u00a0\u00a0S\u00e3o 27,5 milh\u00f5es vivendo de bicos;<\/p>\n<p style=\"font-weight: 400; text-align: justify;\"><span style=\"color: #800000;\"><strong>Guilherme Boullos -(PSOL)<\/strong><\/span>: Como ativista dos movimentos populares por moradia, diz aprimorar as pol\u00edticas de habita\u00e7\u00e3o do Brasil. Tamb\u00e9m quer\u00a0\u00a0reformular o Minha Casa Minha Vida, para projetos que atendem realmente os mais pobres. Falou que vai investir em infraestrutura e dever\u00e1 focar nas m\u00e9dias e pequenas empresas de constru\u00e7\u00f5es;<\/p>\n<p style=\"font-weight: 400; text-align: justify;\"><strong><span style=\"color: #800000;\">Mariana Silva &#8211; (Rede)<\/span><\/strong>: Ir\u00e1 focar nas matrizes energ\u00e9ticas limpas \u2013 Solar, E\u00f3lica e Biomassa. \u00c9 um caminho para tirar o Brasil da crise ainda assim, o apoio nas\u00a0elei\u00e7\u00f5es\u00a0passadas para A\u00e9cio Neves pesam sobre sua candidatura;<\/p>\n<p style=\"font-weight: 400; text-align: justify;\"><strong><span style=\"color: #800000;\">Alvaro Dias &#8211; (Podemos)<\/span><\/strong>: Apenas falou que ir\u00e1 chamar o Juiz S\u00e9rgio Moro para seu governo e criou o Slogan \u201d Abre o olho\u201d.<\/p>\n<p style=\"font-weight: 400; text-align: justify;\"><strong><span style=\"color: #800000;\">Cabo Daciollo (Patriotas)<\/span><\/strong>: Apenas foca em falar o nome de Jesus Cristo e NA\u00c7\u00c3O, al\u00e9m da URSAL\u00bf<\/p>\n<p style=\"font-weight: 400; text-align: justify;\"><strong><span style=\"color: #800000;\">Jair Bolsonaro \u2013 ( PSL ):<\/span><\/strong> Parece que encontrou um advers\u00e1rio a altura: -Cabo Daciollo-, Ningu\u00e9m entende que diz. Quando pergunta algo sobre sa\u00fade e educa\u00e7\u00e3o, por exemplo, responde com um contra senso. \u00c9 algo absurdo.<\/p>\n<p style=\"font-weight: 400; text-align: justify;\"><strong><span style=\"color: #800000;\">Lula Livre \/ Haddad \/ Manuela D\u2019 Avila (PT \/PCdoB<\/span><\/strong>): Est\u00e1 a\u00ed a grande d\u00favida do momento pol\u00edtico mundial, Lula sai ou n\u00e3o da pris\u00e3o? Lula ser\u00e1 barrado ou n\u00e3o pelo TSE ? Os n\u00fameros das pesquisas eleitorais continuam dando ampla vantagem para o ex- presidente. Nos estados como Cear\u00e1 e Pernambuco, Lula tem 65% das inten\u00e7\u00f5es de voto.\u00a0\u00a0No momento Haddad \u00e9 o represante oficial de Lula.<\/p>\n","protected":false},"excerpt":{"rendered":"<p>Da Reda\u00e7\u00e3o Rio, 2018 &#8211; De acordo com os dados do IBGE, a constru\u00e7\u00e3o civil continua puxando o PIB para baixo e consequentemente, desempregando. Em suma, nos 02 primeiros debates na TV Band e Rede TV muito foi falado, prometido e nada de concreto se apresentou. Em qualquer pa\u00eds rico, a constru\u00e7\u00e3o civil \u00e9 forte. [&hellip;]<\/p>\n","protected":false},"author":1,"featured_media":9713,"comment_status":"open","ping_status":"open","sticky":false,"template":"","format":"standard","meta":{"_uag_custom_page_level_css":"","footnotes":""},"categories":[27],"tags":[13290,1464,1675,13294,2963,4019,13291,8170,8598,13293,10109,13292,11433],"class_list":["post-10053","post","type-post","status-publish","format-standard","has-post-thumbnail","hentry","category-acontece","tag-5-mil-obras-paralisadas","tag-bndes","tag-caixa","tag-candidatos-a-presidencia-da-republica","tag-construtoras","tag-eleicoes-2018","tag-investimentos-em-saneamento-basico-nao-aconteceu","tag-norte","tag-palacio-do-planalto","tag-pib-da-construcao-civil-continua-baixo","tag-regiao-nordeste","tag-servicos-de-engenharia-para-exportacao","tag-sudeste"],"blocksy_meta":[],"spectra_blocks_featured_image_url":{"thumbnail":{"url":"https:\/\/construcaocivil.siriusmarketingedesign.com.br\/wp-content\/uploads\/2018\/05\/Desemprego-150x150.jpg","width":150,"height":150},"medium":{"url":"https:\/\/construcaocivil.siriusmarketingedesign.com.br\/wp-content\/uploads\/2018\/05\/Desemprego-300x225.jpg","width":300,"height":225},"medium_large":{"url":"https:\/\/construcaocivil.siriusmarketingedesign.com.br\/wp-content\/uploads\/2018\/05\/Desemprego-768x576.jpg","width":768,"height":576},"large":{"url":"https:\/\/construcaocivil.siriusmarketingedesign.com.br\/wp-content\/uploads\/2018\/05\/Desemprego.jpg","width":768,"height":576},"full":{"url":"https:\/\/construcaocivil.siriusmarketingedesign.com.br\/wp-content\/uploads\/2018\/05\/Desemprego.jpg","width":768,"height":576}},"spectra_blocks_author_info":{"display_name":"Jornal da Constru\u00e7\u00e3o Civil","avatar_url":"https:\/\/secure.gravatar.com\/avatar\/973c9774fd44ddaceb026973c4962faa70fc512bc4c9da68e8ebb40fecee6540?s=96&d=mm&r=g","author_link":"https:\/\/construcaocivil.siriusmarketingedesign.com.br\/?author=1","description":"Desde de 2013, levando muitas informa\u00e7\u00f5es, lan\u00e7amentos e produtos de qualidade para toda cadeia produtiva da constru\u00e7\u00e3o. O Futuro da constru\u00e7\u00e3o passa por aqui,"},"uagb_featured_image_src":{"full":["https:\/\/construcaocivil.siriusmarketingedesign.com.br\/wp-content\/uploads\/2018\/05\/Desemprego.jpg",768,576,false],"thumbnail":["https:\/\/construcaocivil.siriusmarketingedesign.com.br\/wp-content\/uploads\/2018\/05\/Desemprego-150x150.jpg",150,150,true],"medium":["https:\/\/construcaocivil.siriusmarketingedesign.com.br\/wp-content\/uploads\/2018\/05\/Desemprego-300x225.jpg",300,225,true],"medium_large":["https:\/\/construcaocivil.siriusmarketingedesign.com.br\/wp-content\/uploads\/2018\/05\/Desemprego-768x576.jpg",768,576,true],"large":["https:\/\/construcaocivil.siriusmarketingedesign.com.br\/wp-content\/uploads\/2018\/05\/Desemprego.jpg",768,576,false],"1536x1536":["https:\/\/construcaocivil.siriusmarketingedesign.com.br\/wp-content\/uploads\/2018\/05\/Desemprego.jpg",768,576,false],"2048x2048":["https:\/\/construcaocivil.siriusmarketingedesign.com.br\/wp-content\/uploads\/2018\/05\/Desemprego.jpg",768,576,false]},"uagb_author_info":{"display_name":"Jornal da Constru\u00e7\u00e3o Civil","author_link":"https:\/\/construcaocivil.siriusmarketingedesign.com.br\/?author=1"},"uagb_comment_info":0,"uagb_excerpt":"Da Reda\u00e7\u00e3o Rio, 2018 &#8211; De acordo com os dados do IBGE, a constru\u00e7\u00e3o civil continua puxando o PIB para baixo e consequentemente, desempregando. Em suma, nos 02 primeiros debates na TV Band e Rede TV muito foi falado, prometido e nada de concreto se apresentou. Em qualquer pa\u00eds rico, a constru\u00e7\u00e3o civil \u00e9 forte.&hellip;","_links":{"self":[{"href":"https:\/\/construcaocivil.siriusmarketingedesign.com.br\/index.php?rest_route=\/wp\/v2\/posts\/10053","targetHints":{"allow":["GET"]}}],"collection":[{"href":"https:\/\/construcaocivil.siriusmarketingedesign.com.br\/index.php?rest_route=\/wp\/v2\/posts"}],"about":[{"href":"https:\/\/construcaocivil.siriusmarketingedesign.com.br\/index.php?rest_route=\/wp\/v2\/types\/post"}],"author":[{"embeddable":true,"href":"https:\/\/construcaocivil.siriusmarketingedesign.com.br\/index.php?rest_route=\/wp\/v2\/users\/1"}],"replies":[{"embeddable":true,"href":"https:\/\/construcaocivil.siriusmarketingedesign.com.br\/index.php?rest_route=%2Fwp%2Fv2%2Fcomments&post=10053"}],"version-history":[{"count":0,"href":"https:\/\/construcaocivil.siriusmarketingedesign.com.br\/index.php?rest_route=\/wp\/v2\/posts\/10053\/revisions"}],"wp:featuredmedia":[{"embeddable":true,"href":"https:\/\/construcaocivil.siriusmarketingedesign.com.br\/index.php?rest_route=\/wp\/v2\/media\/9713"}],"wp:attachment":[{"href":"https:\/\/construcaocivil.siriusmarketingedesign.com.br\/index.php?rest_route=%2Fwp%2Fv2%2Fmedia&parent=10053"}],"wp:term":[{"taxonomy":"category","embeddable":true,"href":"https:\/\/construcaocivil.siriusmarketingedesign.com.br\/index.php?rest_route=%2Fwp%2Fv2%2Fcategories&post=10053"},{"taxonomy":"post_tag","embeddable":true,"href":"https:\/\/construcaocivil.siriusmarketingedesign.com.br\/index.php?rest_route=%2Fwp%2Fv2%2Ftags&post=10053"}],"curies":[{"name":"wp","href":"https:\/\/api.w.org\/{rel}","templated":true}]}}