{"id":10080,"date":"2018-08-23T15:50:40","date_gmt":"2018-08-23T18:50:40","guid":{"rendered":"http:\/\/www.jornaldaconstrucaocivil.com.br\/?p=10080"},"modified":"2018-08-23T15:50:40","modified_gmt":"2018-08-23T18:50:40","slug":"acao-social-dia-nacional-da-construcao-social-reune-cerca-de-25-mil-pessoas-em-joinville","status":"publish","type":"post","link":"https:\/\/construcaocivil.siriusmarketingedesign.com.br\/?p=10080","title":{"rendered":"A\u00e7\u00e3o Social: Dia Nacional da Constru\u00e7\u00e3o Social re\u00fane cerca de 2,5 mil pessoas em Joinville"},"content":{"rendered":"<p style=\"text-align: justify;\"><span style=\"color: #800000;\">Agosto,\u00a0 2018<\/span> &#8211; Joinville participou no \u00faltimo s\u00e1bado, dia 18, de mais uma edi\u00e7\u00e3o do <span style=\"color: #666699;\">Dia Nacional da Constru\u00e7\u00e3o Social (DNCS)<\/span>. Das 13h \u00e0s 17h, 2.496 pessoas passaram pelo SESC Joinville e foram realizados 18.388 atendimentos nas \u00e1reas de sa\u00fade, educa\u00e7\u00e3o, seguran\u00e7a, cidadania, cultura, bem-estar, lazer e esporte.<\/p>\n<figure id=\"attachment_10081\" aria-describedby=\"caption-attachment-10081\" style=\"width: 300px\" class=\"wp-caption alignleft\"><img loading=\"lazy\" decoding=\"async\" class=\"size-medium wp-image-10081\" src=\"http:\/\/www.jornaldaconstrucaocivil.com.br\/wp-content\/uploads\/2018\/08\/Vilson-Buss.JPG-II-300x176.jpg\" alt=\"\" width=\"300\" height=\"176\" \/><figcaption id=\"caption-attachment-10081\" class=\"wp-caption-text\">Vilson Buss &#8211; Presidente do Sinduscon- Joinville. Cr\u00e9ditos: Elton Costa\/Divulga\u00e7\u00e3o Sinduscon<\/figcaption><\/figure>\n<p style=\"text-align: justify;\">A iniciativa \u00e9 da C\u00e2mara Brasileira da Ind\u00fastria da Constru\u00e7\u00e3o e, neste ano, 26 munic\u00edpios do pa\u00eds realizaram o evento simultaneamente. Em Santa Catarina, al\u00e9m de Joinville, as cidades de Brusque e Blumenau tamb\u00e9m participaram da a\u00e7\u00e3o. O objetivo \u00e9 promover a integra\u00e7\u00e3o e a qualidade de vida dos trabalhadores da ind\u00fastria da constru\u00e7\u00e3o civil, seus familiares e toda a comunidade por meio de atividades e servi\u00e7os gratuitos.<\/p>\n<p style=\"text-align: justify;\">Organizado em Joinville pelo Sindicato da Ind\u00fastria da Constru\u00e7\u00e3o Civil (SINDUSCON), Servi\u00e7o Social da Ind\u00fastria da Constru\u00e7\u00e3o (SECONCI) e Sistema FIESC\/SESI, com apoio do Servi\u00e7o Social do Com\u00e9rcio (SESC), o DNCS ofereceu mais de 30 atra\u00e7\u00f5es. Em perfeita sinergia com o tema deste ano \u2013<span style=\"color: #0000ff;\"> &#8220;O futuro dos nossos filhos&#8221;<\/span> \u2013 a organiza\u00e7\u00e3o ampliou as atividades e os pr\u00eamios voltados ao p\u00fablico infanto-juvenil.<\/p>\n<p style=\"text-align: justify;\">O presidente do SINDUSCON Joinville, empres\u00e1rio Vilson Buss, lembra que o DNCS \u00e9 o mais importante evento de responsabilidade social do setor da constru\u00e7\u00e3o civil. &#8220;\u00c9 gratificante reunir trabalhadores do setor, seus familiares e comunidade para uma tarde de integra\u00e7\u00e3o e atividades com foco na qualidade de vida. Estamos muito felizes com a participa\u00e7\u00e3o do p\u00fablico e dos parceiros que sempre contribuem para este dia especial. Sabemos que \u00e9 nosso papel investir em a\u00e7\u00f5es como esta, principalmente pensando no futuro das novas gera\u00e7\u00f5es&#8221;, disse.<\/p>\n<figure id=\"attachment_10082\" aria-describedby=\"caption-attachment-10082\" style=\"width: 300px\" class=\"wp-caption alignright\"><img loading=\"lazy\" decoding=\"async\" class=\"size-medium wp-image-10082\" src=\"http:\/\/www.jornaldaconstrucaocivil.com.br\/wp-content\/uploads\/2018\/08\/AA-Luis_alves_vencedor_moto-300x193.jpg\" alt=\"\" width=\"300\" height=\"193\" \/><figcaption id=\"caption-attachment-10082\" class=\"wp-caption-text\">Luis Alves, vencedor da moto. Cr\u00e9ditos: Elton Costa\/Divulga\u00e7\u00e3o Sinduscon<\/figcaption><\/figure>\n<p style=\"text-align: justify;\">Feliz tamb\u00e9m ficou Lu\u00eds Pedro Alves, o vencedor do pr\u00eamio principal \u2013 uma moto CG zero km. &#8220;O evento foi sensacional, muito bem organizado e cheio de atrativos. N\u00e3o faltou nada para ningu\u00e9m e eu ainda ganhei a moto, ent\u00e3o, ficou perfeito&#8221;, comemorou, em sua primeira participa\u00e7\u00e3o no evento. &#8220;No ano que vem, estarei aqui novamente.&#8221;<\/p>\n<p style=\"text-align: justify;\">Acompanhado do filho Jo\u00e3o Paulo, de 19 anos, o servente de pedreiro Campolim Ferreira aproveitou as atividades e servi\u00e7os do DNCS em Joinville. &#8220;\u00c9 a segunda vez que participamos e, com certeza, \u00e9 poss\u00edvel perceber uma integra\u00e7\u00e3o ainda maior das fam\u00edlias. Ningu\u00e9m tem desculpas para ficar em casa. Eu e meu filho vamos passar a tarde toda no evento&#8221;, garantiu, enquanto esperava para cortar o cabelo.<\/p>\n<p style=\"text-align: justify;\">Na avalia\u00e7\u00e3o do servente de pedreiro Maur\u00edcio Guerra, funcion\u00e1rio de uma empreiteira da cidade, a programa\u00e7\u00e3o variada \u00e9 uma excelente op\u00e7\u00e3o de lazer para as fam\u00edlias. &#8220;J\u00e1 visitei v\u00e1rios estandes. As atividades e servi\u00e7os s\u00e3o excelentes&#8221;, comentou.<\/p>\n<figure id=\"attachment_10083\" aria-describedby=\"caption-attachment-10083\" style=\"width: 300px\" class=\"wp-caption alignleft\"><img loading=\"lazy\" decoding=\"async\" class=\"size-medium wp-image-10083\" src=\"http:\/\/www.jornaldaconstrucaocivil.com.br\/wp-content\/uploads\/2018\/08\/FAMILIA-I-300x167.jpg\" alt=\"\" width=\"300\" height=\"167\" \/><figcaption id=\"caption-attachment-10083\" class=\"wp-caption-text\">Diversas atividades para crian\u00e7as no DNSC. Cr\u00e9ditos: Elton Costa\/Divulga\u00e7\u00e3o Sinduscon<\/figcaption><\/figure>\n<p style=\"text-align: justify;\">Quem tamb\u00e9m n\u00e3o perdeu tempo e reuniu a fam\u00edlia para uma tarde diferente foi a industri\u00e1ria Zita Kopitowski. Com a filha e a neta, ela acompanhava com aten\u00e7\u00e3o o sorteio dos pr\u00eamios enquanto aguardava a chegada de outros parentes. &#8220;Eu adoro vir nesta festa. \u00c9 o terceiro ano que prestigio. N\u00e3o perco por nada. S\u00e3o atividades muito legais para todas as idades&#8221;, afirmou.<\/p>\n<p style=\"text-align: justify;\"><span style=\"color: #666699;\"><strong>Atividades para todos<\/strong><\/span><\/p>\n<p style=\"text-align: justify;\">Em Joinville n\u00e3o faltaram atra\u00e7\u00f5es, como orienta\u00e7\u00f5es sobre sa\u00fade e seguran\u00e7a no trabalho, testes visuais e de glicemia, avalia\u00e7\u00e3o da press\u00e3o arterial, avalia\u00e7\u00f5es capilar e odontol\u00f3gica, orienta\u00e7\u00e3o nutricional, massoterapia, corte de cabelo e barbearia. As crian\u00e7as puderam se divertir nos brinquedos infl\u00e1veis, pintura facial e atividades recreativas.<\/p>\n<p style=\"text-align: justify;\">No gin\u00e1sio, sorteio de pr\u00eamios \u2013 uma moto, dez bicicletas, cinco micro-ondas, dois televisores de 40 polegadas, eletrodom\u00e9sticos, furadeiras, cursos profissionalizantes e outros brindes -, apresenta\u00e7\u00f5es culturais, aulas de dan\u00e7a, atividades f\u00edsicas e shows musicais. Todos os participantes ganharam cachorro-quente, suco e pipoca.<\/p>\n<p style=\"text-align: justify;\">Destaque tamb\u00e9m para a Delegacia M\u00f3vel da Pol\u00edcia Civil, a exposi\u00e7\u00e3o de carros antigos do Veteran Car Club, o torneio de p\u00eanaltis com a presen\u00e7a dos atletas do JEC\/Krona Futsal, a participa\u00e7\u00e3o do SESI Rob\u00f3tica e os Caminh\u00f5es do SENAI NR-35 e SESI Ci\u00eancias.<\/p>\n<p>Fonte: Imprensa\/Sinduscon-Joinville<\/p>\n<p>&nbsp;<\/p>\n","protected":false},"excerpt":{"rendered":"<p>Agosto,\u00a0 2018 &#8211; Joinville participou no \u00faltimo s\u00e1bado, dia 18, de mais uma edi\u00e7\u00e3o do Dia Nacional da Constru\u00e7\u00e3o Social (DNCS). Das 13h \u00e0s 17h, 2.496 pessoas passaram pelo SESC Joinville e foram realizados 18.388 atendimentos nas \u00e1reas de sa\u00fade, educa\u00e7\u00e3o, seguran\u00e7a, cidadania, cultura, bem-estar, lazer e esporte. A iniciativa \u00e9 da C\u00e2mara Brasileira da [&hellip;]<\/p>\n","protected":false},"author":1,"featured_media":10084,"comment_status":"open","ping_status":"open","sticky":false,"template":"","format":"standard","meta":{"_uag_custom_page_level_css":"","footnotes":""},"categories":[27],"tags":[13333,2029,2244,3306,3626,13332,5394,6537,13335,13334,10928,13336,10964],"class_list":["post-10080","post","type-post","status-publish","format-standard","has-post-thumbnail","hentry","category-acontece","tag-atividades-e-premios","tag-cbic","tag-cidadania","tag-cursos-gratuitos","tag-dia-nacional-da-construcao-social-dncs","tag-festa-para-trabalhadores-da-construcao-civil","tag-geracao-de-empregos","tag-joinville-sc","tag-o-futuro-dos-nossos-filhos","tag-saude-e-dicas-de-bem-estar","tag-servico-social-da-industria-da-construcao-seconci","tag-sesc-joinville","tag-sesi"],"blocksy_meta":[],"spectra_blocks_featured_image_url":{"thumbnail":{"url":"https:\/\/construcaocivil.siriusmarketingedesign.com.br\/wp-content\/uploads\/2018\/08\/Trabalhadores-I-150x150.jpg","width":150,"height":150},"medium":{"url":"https:\/\/construcaocivil.siriusmarketingedesign.com.br\/wp-content\/uploads\/2018\/08\/Trabalhadores-I-300x171.jpg","width":300,"height":171},"medium_large":{"url":"https:\/\/construcaocivil.siriusmarketingedesign.com.br\/wp-content\/uploads\/2018\/08\/Trabalhadores-I-768x439.jpg","width":768,"height":439},"large":{"url":"https:\/\/construcaocivil.siriusmarketingedesign.com.br\/wp-content\/uploads\/2018\/08\/Trabalhadores-I-1024x585.jpg","width":1024,"height":585},"full":{"url":"https:\/\/construcaocivil.siriusmarketingedesign.com.br\/wp-content\/uploads\/2018\/08\/Trabalhadores-I-e1535049946249.jpg","width":900,"height":514}},"spectra_blocks_author_info":{"display_name":"Jornal da Constru\u00e7\u00e3o Civil","avatar_url":"https:\/\/secure.gravatar.com\/avatar\/973c9774fd44ddaceb026973c4962faa70fc512bc4c9da68e8ebb40fecee6540?s=96&d=mm&r=g","author_link":"https:\/\/construcaocivil.siriusmarketingedesign.com.br\/?author=1","description":"Desde de 2013, levando muitas informa\u00e7\u00f5es, lan\u00e7amentos e produtos de qualidade para toda cadeia produtiva da constru\u00e7\u00e3o. O Futuro da constru\u00e7\u00e3o passa por aqui,"},"uagb_featured_image_src":{"full":["https:\/\/construcaocivil.siriusmarketingedesign.com.br\/wp-content\/uploads\/2018\/08\/Trabalhadores-I-e1535049946249.jpg",900,514,false],"thumbnail":["https:\/\/construcaocivil.siriusmarketingedesign.com.br\/wp-content\/uploads\/2018\/08\/Trabalhadores-I-150x150.jpg",150,150,true],"medium":["https:\/\/construcaocivil.siriusmarketingedesign.com.br\/wp-content\/uploads\/2018\/08\/Trabalhadores-I-300x171.jpg",300,171,true],"medium_large":["https:\/\/construcaocivil.siriusmarketingedesign.com.br\/wp-content\/uploads\/2018\/08\/Trabalhadores-I-768x439.jpg",768,439,true],"large":["https:\/\/construcaocivil.siriusmarketingedesign.com.br\/wp-content\/uploads\/2018\/08\/Trabalhadores-I-1024x585.jpg",1024,585,true],"1536x1536":["https:\/\/construcaocivil.siriusmarketingedesign.com.br\/wp-content\/uploads\/2018\/08\/Trabalhadores-I-e1535049946249.jpg",900,514,false],"2048x2048":["https:\/\/construcaocivil.siriusmarketingedesign.com.br\/wp-content\/uploads\/2018\/08\/Trabalhadores-I-e1535049946249.jpg",900,514,false]},"uagb_author_info":{"display_name":"Jornal da Constru\u00e7\u00e3o Civil","author_link":"https:\/\/construcaocivil.siriusmarketingedesign.com.br\/?author=1"},"uagb_comment_info":0,"uagb_excerpt":"Agosto,\u00a0 2018 &#8211; Joinville participou no \u00faltimo s\u00e1bado, dia 18, de mais uma edi\u00e7\u00e3o do Dia Nacional da Constru\u00e7\u00e3o Social (DNCS). Das 13h \u00e0s 17h, 2.496 pessoas passaram pelo SESC Joinville e foram realizados 18.388 atendimentos nas \u00e1reas de sa\u00fade, educa\u00e7\u00e3o, seguran\u00e7a, cidadania, cultura, bem-estar, lazer e esporte. A iniciativa \u00e9 da C\u00e2mara Brasileira da&hellip;","_links":{"self":[{"href":"https:\/\/construcaocivil.siriusmarketingedesign.com.br\/index.php?rest_route=\/wp\/v2\/posts\/10080","targetHints":{"allow":["GET"]}}],"collection":[{"href":"https:\/\/construcaocivil.siriusmarketingedesign.com.br\/index.php?rest_route=\/wp\/v2\/posts"}],"about":[{"href":"https:\/\/construcaocivil.siriusmarketingedesign.com.br\/index.php?rest_route=\/wp\/v2\/types\/post"}],"author":[{"embeddable":true,"href":"https:\/\/construcaocivil.siriusmarketingedesign.com.br\/index.php?rest_route=\/wp\/v2\/users\/1"}],"replies":[{"embeddable":true,"href":"https:\/\/construcaocivil.siriusmarketingedesign.com.br\/index.php?rest_route=%2Fwp%2Fv2%2Fcomments&post=10080"}],"version-history":[{"count":0,"href":"https:\/\/construcaocivil.siriusmarketingedesign.com.br\/index.php?rest_route=\/wp\/v2\/posts\/10080\/revisions"}],"wp:featuredmedia":[{"embeddable":true,"href":"https:\/\/construcaocivil.siriusmarketingedesign.com.br\/index.php?rest_route=\/wp\/v2\/media\/10084"}],"wp:attachment":[{"href":"https:\/\/construcaocivil.siriusmarketingedesign.com.br\/index.php?rest_route=%2Fwp%2Fv2%2Fmedia&parent=10080"}],"wp:term":[{"taxonomy":"category","embeddable":true,"href":"https:\/\/construcaocivil.siriusmarketingedesign.com.br\/index.php?rest_route=%2Fwp%2Fv2%2Fcategories&post=10080"},{"taxonomy":"post_tag","embeddable":true,"href":"https:\/\/construcaocivil.siriusmarketingedesign.com.br\/index.php?rest_route=%2Fwp%2Fv2%2Ftags&post=10080"}],"curies":[{"name":"wp","href":"https:\/\/api.w.org\/{rel}","templated":true}]}}