{"id":10097,"date":"2018-08-24T15:43:08","date_gmt":"2018-08-24T18:43:08","guid":{"rendered":"http:\/\/www.jornaldaconstrucaocivil.com.br\/?p=10097"},"modified":"2018-08-25T11:59:03","modified_gmt":"2018-08-25T14:59:03","slug":"grupo-aco-cearense-marca-presenca-no-congresso-aco-brasil","status":"publish","type":"post","link":"https:\/\/construcaocivil.siriusmarketingedesign.com.br\/?p=10097","title":{"rendered":"Grupo A\u00e7o Cearense marca presen\u00e7a no Congresso A\u00e7o Brasil"},"content":{"rendered":"<p style=\"text-align: justify;\"><span style=\"color: #800000;\">Agosto, 2018<\/span> &#8211; O Grupo A\u00e7o Cearense esteve presente no Congresso A\u00e7o Brasil, que aconteceu na \u00faltima semana, nos dias 21 e 22, no Hotel Transam\u00e9rica, em S\u00e3o Paulo. A institui\u00e7\u00e3o foi Representada pelo vice-presidente de opera\u00e7\u00f5es do Grupo, Ian Corr\u00eaa e pelo diretor de sustentabilidade da SINOBRAS, Clayton Labes.<\/p>\n<p style=\"text-align: justify;\">O congresso \u00e9 o principal evento da cadeia do a\u00e7o no Brasil, organizado pelo Instituto A\u00e7o Brasil, do qual a SINOBRAS \u00e9 associada. O evento tem formato corporativo, com foco exclusivo na discuss\u00e3o dos rumos da ind\u00fastria do a\u00e7o e da economia do Pa\u00eds feita por renomados palestrantes nacionais e internacionais. A abertura do evento teve a presen\u00e7a do presidente da Rep\u00fablica, Michel Temer; do ministro da Ind\u00fastria, Com\u00e9rcio Exterior e Servi\u00e7os, Marco Jorge de Lima; e contou com a posse do novo presidente do Conselho Diretor do Instituto A\u00e7o Brasil, Sergio Leite de Andrade, CEO da Usiminas.<\/p>\n<p style=\"text-align: justify;\">Segundo Ian Corr\u00eaa, a presen\u00e7a do Grupo A\u00e7o Cearense no congresso possibilita trocas muito positivas. <span style=\"color: #993300;\"><em>&#8220;A participa\u00e7\u00e3o no Congresso A\u00e7o Brasil sempre nos d\u00e1 a oportunidade de discuss\u00e3o de temas relevantes como em debates sobre as tend\u00eancias da economia brasileira, a situa\u00e7\u00e3o atual e perspectivas do setor no pa\u00eds e no mundo, os fatores limitativos \u00e0 competitividade no Brasil e a rela\u00e7\u00e3o do consumo do a\u00e7o com o crescimento econ\u00f4mico&#8221;<\/em><\/span>, explica Ian.<\/p>\n<p>Fonte: Imprensa\/ Grupo A\u00e7o Cearense<\/p>\n<p style=\"text-align: justify;\">\n","protected":false},"excerpt":{"rendered":"<p>Agosto, 2018 &#8211; O Grupo A\u00e7o Cearense esteve presente no Congresso A\u00e7o Brasil, que aconteceu na \u00faltima semana, nos dias 21 e 22, no Hotel Transam\u00e9rica, em S\u00e3o Paulo. A institui\u00e7\u00e3o foi Representada pelo vice-presidente de opera\u00e7\u00f5es do Grupo, Ian Corr\u00eaa e pelo diretor de sustentabilidade da SINOBRAS, Clayton Labes. O congresso \u00e9 o principal [&hellip;]<\/p>\n","protected":false},"author":1,"featured_media":10105,"comment_status":"open","ping_status":"open","sticky":false,"template":"","format":"standard","meta":{"_uag_custom_page_level_css":"","footnotes":""},"categories":[33],"tags":[13359,12605,13304,13357,13358,10114,10668,12924,13360],"class_list":["post-10097","post","type-post","status-publish","format-standard","has-post-thumbnail","hentry","category-mercado","tag-cadeia-produtiva-do-aco","tag-ceara-fortaleza","tag-congresso-aco-brasil-2018","tag-grupo-aco-cearense","tag-mercado-de-aco-no-brasil-vendas-para-construcao-civil","tag-regiao-norte","tag-sao-paulo","tag-sinobras","tag-vendas-de-produtos-do-aco"],"blocksy_meta":[],"spectra_blocks_featured_image_url":{"thumbnail":{"url":"https:\/\/construcaocivil.siriusmarketingedesign.com.br\/wp-content\/uploads\/2018\/08\/Clayton-Labes-e-Ian-Corr\u00eaa-AB-150x150.jpeg","width":150,"height":150},"medium":{"url":"https:\/\/construcaocivil.siriusmarketingedesign.com.br\/wp-content\/uploads\/2018\/08\/Clayton-Labes-e-Ian-Corr\u00eaa-AB-300x182.jpeg","width":300,"height":182},"medium_large":{"url":"https:\/\/construcaocivil.siriusmarketingedesign.com.br\/wp-content\/uploads\/2018\/08\/Clayton-Labes-e-Ian-Corr\u00eaa-AB.jpeg","width":592,"height":360},"large":{"url":"https:\/\/construcaocivil.siriusmarketingedesign.com.br\/wp-content\/uploads\/2018\/08\/Clayton-Labes-e-Ian-Corr\u00eaa-AB.jpeg","width":592,"height":360},"full":{"url":"https:\/\/construcaocivil.siriusmarketingedesign.com.br\/wp-content\/uploads\/2018\/08\/Clayton-Labes-e-Ian-Corr\u00eaa-AB.jpeg","width":592,"height":360}},"spectra_blocks_author_info":{"display_name":"Jornal da Constru\u00e7\u00e3o Civil","avatar_url":"https:\/\/secure.gravatar.com\/avatar\/973c9774fd44ddaceb026973c4962faa70fc512bc4c9da68e8ebb40fecee6540?s=96&d=mm&r=g","author_link":"https:\/\/construcaocivil.siriusmarketingedesign.com.br\/?author=1","description":"Desde de 2013, levando muitas informa\u00e7\u00f5es, lan\u00e7amentos e produtos de qualidade para toda cadeia produtiva da constru\u00e7\u00e3o. O Futuro da constru\u00e7\u00e3o passa por aqui,"},"uagb_featured_image_src":{"full":["https:\/\/construcaocivil.siriusmarketingedesign.com.br\/wp-content\/uploads\/2018\/08\/Clayton-Labes-e-Ian-Corr\u00eaa-AB.jpeg",592,360,false],"thumbnail":["https:\/\/construcaocivil.siriusmarketingedesign.com.br\/wp-content\/uploads\/2018\/08\/Clayton-Labes-e-Ian-Corr\u00eaa-AB-150x150.jpeg",150,150,true],"medium":["https:\/\/construcaocivil.siriusmarketingedesign.com.br\/wp-content\/uploads\/2018\/08\/Clayton-Labes-e-Ian-Corr\u00eaa-AB-300x182.jpeg",300,182,true],"medium_large":["https:\/\/construcaocivil.siriusmarketingedesign.com.br\/wp-content\/uploads\/2018\/08\/Clayton-Labes-e-Ian-Corr\u00eaa-AB.jpeg",592,360,false],"large":["https:\/\/construcaocivil.siriusmarketingedesign.com.br\/wp-content\/uploads\/2018\/08\/Clayton-Labes-e-Ian-Corr\u00eaa-AB.jpeg",592,360,false],"1536x1536":["https:\/\/construcaocivil.siriusmarketingedesign.com.br\/wp-content\/uploads\/2018\/08\/Clayton-Labes-e-Ian-Corr\u00eaa-AB.jpeg",592,360,false],"2048x2048":["https:\/\/construcaocivil.siriusmarketingedesign.com.br\/wp-content\/uploads\/2018\/08\/Clayton-Labes-e-Ian-Corr\u00eaa-AB.jpeg",592,360,false]},"uagb_author_info":{"display_name":"Jornal da Constru\u00e7\u00e3o Civil","author_link":"https:\/\/construcaocivil.siriusmarketingedesign.com.br\/?author=1"},"uagb_comment_info":0,"uagb_excerpt":"Agosto, 2018 &#8211; O Grupo A\u00e7o Cearense esteve presente no Congresso A\u00e7o Brasil, que aconteceu na \u00faltima semana, nos dias 21 e 22, no Hotel Transam\u00e9rica, em S\u00e3o Paulo. A institui\u00e7\u00e3o foi Representada pelo vice-presidente de opera\u00e7\u00f5es do Grupo, Ian Corr\u00eaa e pelo diretor de sustentabilidade da SINOBRAS, Clayton Labes. O congresso \u00e9 o principal&hellip;","_links":{"self":[{"href":"https:\/\/construcaocivil.siriusmarketingedesign.com.br\/index.php?rest_route=\/wp\/v2\/posts\/10097","targetHints":{"allow":["GET"]}}],"collection":[{"href":"https:\/\/construcaocivil.siriusmarketingedesign.com.br\/index.php?rest_route=\/wp\/v2\/posts"}],"about":[{"href":"https:\/\/construcaocivil.siriusmarketingedesign.com.br\/index.php?rest_route=\/wp\/v2\/types\/post"}],"author":[{"embeddable":true,"href":"https:\/\/construcaocivil.siriusmarketingedesign.com.br\/index.php?rest_route=\/wp\/v2\/users\/1"}],"replies":[{"embeddable":true,"href":"https:\/\/construcaocivil.siriusmarketingedesign.com.br\/index.php?rest_route=%2Fwp%2Fv2%2Fcomments&post=10097"}],"version-history":[{"count":0,"href":"https:\/\/construcaocivil.siriusmarketingedesign.com.br\/index.php?rest_route=\/wp\/v2\/posts\/10097\/revisions"}],"wp:featuredmedia":[{"embeddable":true,"href":"https:\/\/construcaocivil.siriusmarketingedesign.com.br\/index.php?rest_route=\/wp\/v2\/media\/10105"}],"wp:attachment":[{"href":"https:\/\/construcaocivil.siriusmarketingedesign.com.br\/index.php?rest_route=%2Fwp%2Fv2%2Fmedia&parent=10097"}],"wp:term":[{"taxonomy":"category","embeddable":true,"href":"https:\/\/construcaocivil.siriusmarketingedesign.com.br\/index.php?rest_route=%2Fwp%2Fv2%2Fcategories&post=10097"},{"taxonomy":"post_tag","embeddable":true,"href":"https:\/\/construcaocivil.siriusmarketingedesign.com.br\/index.php?rest_route=%2Fwp%2Fv2%2Ftags&post=10097"}],"curies":[{"name":"wp","href":"https:\/\/api.w.org\/{rel}","templated":true}]}}