{"id":10110,"date":"2018-08-26T13:28:54","date_gmt":"2018-08-26T16:28:54","guid":{"rendered":"http:\/\/www.jornaldaconstrucaocivil.com.br\/?p=10110"},"modified":"2018-08-26T13:31:36","modified_gmt":"2018-08-26T16:31:36","slug":"caged-rio-de-janeiro-fecha-empregos-formais-no-mes-de-julho","status":"publish","type":"post","link":"https:\/\/construcaocivil.siriusmarketingedesign.com.br\/?p=10110","title":{"rendered":"Caged: Rio de Janeiro fecha empregos formais no m\u00eas de julho"},"content":{"rendered":"<p style=\"font-weight: 400; text-align: justify;\"><em>Agosto, 2018 &#8211;\u00a0<\/em>O Rio de Janeiro teve redu\u00e7\u00e3o de 0,03% no mercado de emprego formal, com fechamento de 1.001 vagas no m\u00eas de julho. Os dados s\u00e3o do\u00a0Cadastro Geral de Empregados e Desempregados (Caged), divulgado pelo Minist\u00e9rio do Trabalho nessa quarta-feira (22).\u00a0O\u00a0resultado \u00e9 a diferen\u00e7a entre 88.977 admiss\u00f5es e\u00a089.978\u00a0desligamentos.<\/p>\n<p style=\"font-weight: 400; text-align: justify;\">O desempenho do mercado de trabalho fluminense foi influenciado principalmente pelo Com\u00e9rcio, que fechou 1.444 vagas, e a Constru\u00e7\u00e3o Civil, com redu\u00e7\u00e3o de 789 postos. J\u00e1 o setor de Servi\u00e7os teve saldo positivo de 1.212 novos postos, e a Agropecu\u00e1ria abriu 479 vagas.<\/p>\n<table style=\"font-weight: 400;\" width=\"548\">\n<tbody>\n<tr>\n<td rowspan=\"2\" width=\"295\"><span style=\"color: #993300;\"><strong>Setores de Atividade Econ\u00f4mica<\/strong><\/span><\/td>\n<td colspan=\"2\" width=\"253\"><span style=\"color: #993300;\"><strong>Saldo de Julho de 2018<\/strong><\/span><\/td>\n<\/tr>\n<tr>\n<td width=\"115\"><span style=\"color: #993300;\"><strong>Varia\u00e7\u00e3o Absoluta<\/strong><\/span><\/td>\n<td width=\"138\"><span style=\"color: #993300;\"><strong>Varia\u00e7\u00e3o Relativa (%)<\/strong><\/span><\/td>\n<\/tr>\n<tr>\n<td width=\"295\"><span style=\"color: #993300;\">Extrativa Mineral<\/span><\/td>\n<td width=\"115\"><span style=\"color: #993300;\">-16<\/span><\/td>\n<td width=\"138\"><span style=\"color: #993300;\">-0,08<\/span><\/td>\n<\/tr>\n<tr>\n<td width=\"295\"><span style=\"color: #993300;\">Ind\u00fastria de Transforma\u00e7\u00e3o<\/span><\/td>\n<td width=\"115\"><span style=\"color: #993300;\">-399<\/span><\/td>\n<td width=\"138\"><span style=\"color: #993300;\">-0,11<\/span><\/td>\n<\/tr>\n<tr>\n<td width=\"295\"><span style=\"color: #993300;\">Servi\u00e7os Industriais de Utilidade P\u00fablica &#8211; SIUP<\/span><\/td>\n<td width=\"115\"><span style=\"color: #993300;\">34<\/span><\/td>\n<td width=\"138\"><span style=\"color: #993300;\">0,06<\/span><\/td>\n<\/tr>\n<tr>\n<td width=\"295\"><span style=\"color: #993300;\">Constru\u00e7\u00e3o Civil<\/span><\/td>\n<td width=\"115\"><span style=\"color: #993300;\">-789<\/span><\/td>\n<td width=\"138\"><span style=\"color: #993300;\">-0,48<\/span><\/td>\n<\/tr>\n<tr>\n<td width=\"295\"><span style=\"color: #993300;\">Com\u00e9rcio<\/span><\/td>\n<td width=\"115\"><span style=\"color: #993300;\">-1.444<\/span><\/td>\n<td width=\"138\"><span style=\"color: #993300;\">-0,18<\/span><\/td>\n<\/tr>\n<tr>\n<td width=\"295\"><span style=\"color: #993300;\">Servi\u00e7os<\/span><\/td>\n<td width=\"115\"><span style=\"color: #993300;\">1.212<\/span><\/td>\n<td width=\"138\"><span style=\"color: #993300;\">0,07<\/span><\/td>\n<\/tr>\n<tr>\n<td width=\"295\"><span style=\"color: #993300;\">Administra\u00e7\u00e3o P\u00fablica<\/span><\/td>\n<td width=\"115\"><span style=\"color: #993300;\">-78<\/span><\/td>\n<td width=\"138\"><span style=\"color: #993300;\">-0,15<\/span><\/td>\n<\/tr>\n<tr>\n<td width=\"295\"><span style=\"color: #993300;\">Agropecu\u00e1ria<\/span><\/td>\n<td width=\"115\"><span style=\"color: #993300;\">479<\/span><\/td>\n<td width=\"138\"><span style=\"color: #993300;\">1,83<\/span><\/td>\n<\/tr>\n<tr>\n<td width=\"295\"><span style=\"color: #993300;\"><strong>Total<\/strong><\/span><\/td>\n<td width=\"115\"><span style=\"color: #993300;\"><strong>-1.001<\/strong><\/span><\/td>\n<td width=\"138\"><span style=\"color: #993300;\"><strong>-0,03<\/strong><\/span><\/td>\n<\/tr>\n<\/tbody>\n<\/table>\n<p style=\"font-weight: 400;\"><strong>\u00a0<\/strong><\/p>\n<p style=\"font-weight: 400;\"><strong>Desempenho nacional<\/strong><\/p>\n<p style=\"font-weight: 400; text-align: justify;\">O emprego formal no Brasil teve expans\u00e3o no m\u00eas de julho, com a abertura de 47.319 novos postos de trabalho, uma varia\u00e7\u00e3o de +0,12% em rela\u00e7\u00e3o ao estoque de empregos do m\u00eas anterior. A alta no emprego formal em julho foi resultado de 1.219.187 admiss\u00f5es e 1.171.868 desligamentos.<\/p>\n<p style=\"font-weight: 400; text-align: justify;\">Houve crescimento do emprego formal em seis dos oito setores econ\u00f4micos. A maior expans\u00e3o foi dos setores de Agropecu\u00e1ria (17.455 postos), Servi\u00e7os (14.548 postos) e Constru\u00e7\u00e3o Civil (10.063 postos).<\/p>\n<p style=\"font-weight: 400; text-align: justify;\">A Ind\u00fastria de Transforma\u00e7\u00e3o (4.993 postos), os Servi\u00e7os Industriais de Utilidade P\u00fablica (Siup) (1.335 postos) e a \u00e1rea Extrativa Mineral (702 postos) tamb\u00e9m tiveram saldos positivos. Os recuos foram nos setores de Administra\u00e7\u00e3o P\u00fablica (-1.528 postos) e Com\u00e9rcio (-249 postos).<\/p>\n<p style=\"font-weight: 400; text-align: justify;\"><strong>Desempenho regional<\/strong><\/p>\n<p style=\"font-weight: 400; text-align: justify;\">O saldo de empregos de julho foi positivo em quatro das cinco regi\u00f5es do pa\u00eds, com destaque para o Sudeste, com abertura de 24.023 postos (+0,12%). Os demais crescimentos foram verificados no Centro-Oeste, com 9.911 postos (+0,31%); Nordeste, com 7.163 vagas (+0,12%); e Norte, com 6.635 postos (+0,39%). A \u00fanica redu\u00e7\u00e3o ocorreu na Regi\u00e3o Sul, com fechamento de 413 vagas (-0,01%).<\/p>\n<p>Fonte: Imprensa \/ MTE<\/p>\n<p style=\"font-weight: 400;\">\n","protected":false},"excerpt":{"rendered":"<p>Agosto, 2018 &#8211;\u00a0O Rio de Janeiro teve redu\u00e7\u00e3o de 0,03% no mercado de emprego formal, com fechamento de 1.001 vagas no m\u00eas de julho. Os dados s\u00e3o do\u00a0Cadastro Geral de Empregados e Desempregados (Caged), divulgado pelo Minist\u00e9rio do Trabalho nessa quarta-feira (22).\u00a0O\u00a0resultado \u00e9 a diferen\u00e7a entre 88.977 admiss\u00f5es e\u00a089.978\u00a0desligamentos. O desempenho do mercado de trabalho [&hellip;]<\/p>\n","protected":false},"author":1,"featured_media":10111,"comment_status":"open","ping_status":"open","sticky":false,"template":"","format":"standard","meta":{"_uag_custom_page_level_css":"","footnotes":""},"categories":[27],"tags":[13372,13370,2826,13373,3856,13369,13371,13368,13374,11030],"class_list":["post-10110","post","type-post","status-publish","format-standard","has-post-thumbnail","hentry","category-acontece","tag-01-milhao-de-desempregados-no-rio","tag-comperj-parado","tag-construcao-civil","tag-corrupcao-na-saude-e-nos-transportes","tag-economia","tag-eleicoes-2018-governo-ao-rio-de-janeiro","tag-mudar-matriz-economica-do-estado","tag-rio-segue-fechando-empregos-formais","tag-servicos-e-turismo","tag-setor-naval"],"blocksy_meta":[],"spectra_blocks_featured_image_url":{"thumbnail":{"url":"https:\/\/construcaocivil.siriusmarketingedesign.com.br\/wp-content\/uploads\/2018\/08\/METALURGICOS-EMPREGOS-150x150.jpg","width":150,"height":150},"medium":{"url":"https:\/\/construcaocivil.siriusmarketingedesign.com.br\/wp-content\/uploads\/2018\/08\/METALURGICOS-EMPREGOS-300x217.jpg","width":300,"height":217},"medium_large":{"url":"https:\/\/construcaocivil.siriusmarketingedesign.com.br\/wp-content\/uploads\/2018\/08\/METALURGICOS-EMPREGOS-768x556.jpg","width":768,"height":556},"large":{"url":"https:\/\/construcaocivil.siriusmarketingedesign.com.br\/wp-content\/uploads\/2018\/08\/METALURGICOS-EMPREGOS-1024x741.jpg","width":1024,"height":741},"full":{"url":"https:\/\/construcaocivil.siriusmarketingedesign.com.br\/wp-content\/uploads\/2018\/08\/METALURGICOS-EMPREGOS-e1535300568603.jpg","width":900,"height":651}},"spectra_blocks_author_info":{"display_name":"Jornal da Constru\u00e7\u00e3o Civil","avatar_url":"https:\/\/secure.gravatar.com\/avatar\/973c9774fd44ddaceb026973c4962faa70fc512bc4c9da68e8ebb40fecee6540?s=96&d=mm&r=g","author_link":"https:\/\/construcaocivil.siriusmarketingedesign.com.br\/?author=1","description":"Desde de 2013, levando muitas informa\u00e7\u00f5es, lan\u00e7amentos e produtos de qualidade para toda cadeia produtiva da constru\u00e7\u00e3o. O Futuro da constru\u00e7\u00e3o passa por aqui,"},"uagb_featured_image_src":{"full":["https:\/\/construcaocivil.siriusmarketingedesign.com.br\/wp-content\/uploads\/2018\/08\/METALURGICOS-EMPREGOS-e1535300568603.jpg",900,651,false],"thumbnail":["https:\/\/construcaocivil.siriusmarketingedesign.com.br\/wp-content\/uploads\/2018\/08\/METALURGICOS-EMPREGOS-150x150.jpg",150,150,true],"medium":["https:\/\/construcaocivil.siriusmarketingedesign.com.br\/wp-content\/uploads\/2018\/08\/METALURGICOS-EMPREGOS-300x217.jpg",300,217,true],"medium_large":["https:\/\/construcaocivil.siriusmarketingedesign.com.br\/wp-content\/uploads\/2018\/08\/METALURGICOS-EMPREGOS-768x556.jpg",768,556,true],"large":["https:\/\/construcaocivil.siriusmarketingedesign.com.br\/wp-content\/uploads\/2018\/08\/METALURGICOS-EMPREGOS-1024x741.jpg",1024,741,true],"1536x1536":["https:\/\/construcaocivil.siriusmarketingedesign.com.br\/wp-content\/uploads\/2018\/08\/METALURGICOS-EMPREGOS-e1535300568603.jpg",900,651,false],"2048x2048":["https:\/\/construcaocivil.siriusmarketingedesign.com.br\/wp-content\/uploads\/2018\/08\/METALURGICOS-EMPREGOS-e1535300568603.jpg",900,651,false]},"uagb_author_info":{"display_name":"Jornal da Constru\u00e7\u00e3o Civil","author_link":"https:\/\/construcaocivil.siriusmarketingedesign.com.br\/?author=1"},"uagb_comment_info":0,"uagb_excerpt":"Agosto, 2018 &#8211;\u00a0O Rio de Janeiro teve redu\u00e7\u00e3o de 0,03% no mercado de emprego formal, com fechamento de 1.001 vagas no m\u00eas de julho. Os dados s\u00e3o do\u00a0Cadastro Geral de Empregados e Desempregados (Caged), divulgado pelo Minist\u00e9rio do Trabalho nessa quarta-feira (22).\u00a0O\u00a0resultado \u00e9 a diferen\u00e7a entre 88.977 admiss\u00f5es e\u00a089.978\u00a0desligamentos. O desempenho do mercado de trabalho&hellip;","_links":{"self":[{"href":"https:\/\/construcaocivil.siriusmarketingedesign.com.br\/index.php?rest_route=\/wp\/v2\/posts\/10110","targetHints":{"allow":["GET"]}}],"collection":[{"href":"https:\/\/construcaocivil.siriusmarketingedesign.com.br\/index.php?rest_route=\/wp\/v2\/posts"}],"about":[{"href":"https:\/\/construcaocivil.siriusmarketingedesign.com.br\/index.php?rest_route=\/wp\/v2\/types\/post"}],"author":[{"embeddable":true,"href":"https:\/\/construcaocivil.siriusmarketingedesign.com.br\/index.php?rest_route=\/wp\/v2\/users\/1"}],"replies":[{"embeddable":true,"href":"https:\/\/construcaocivil.siriusmarketingedesign.com.br\/index.php?rest_route=%2Fwp%2Fv2%2Fcomments&post=10110"}],"version-history":[{"count":0,"href":"https:\/\/construcaocivil.siriusmarketingedesign.com.br\/index.php?rest_route=\/wp\/v2\/posts\/10110\/revisions"}],"wp:featuredmedia":[{"embeddable":true,"href":"https:\/\/construcaocivil.siriusmarketingedesign.com.br\/index.php?rest_route=\/wp\/v2\/media\/10111"}],"wp:attachment":[{"href":"https:\/\/construcaocivil.siriusmarketingedesign.com.br\/index.php?rest_route=%2Fwp%2Fv2%2Fmedia&parent=10110"}],"wp:term":[{"taxonomy":"category","embeddable":true,"href":"https:\/\/construcaocivil.siriusmarketingedesign.com.br\/index.php?rest_route=%2Fwp%2Fv2%2Fcategories&post=10110"},{"taxonomy":"post_tag","embeddable":true,"href":"https:\/\/construcaocivil.siriusmarketingedesign.com.br\/index.php?rest_route=%2Fwp%2Fv2%2Ftags&post=10110"}],"curies":[{"name":"wp","href":"https:\/\/api.w.org\/{rel}","templated":true}]}}