{"id":10127,"date":"2018-08-28T13:44:38","date_gmt":"2018-08-28T16:44:38","guid":{"rendered":"http:\/\/www.jornaldaconstrucaocivil.com.br\/?p=10127"},"modified":"2018-08-28T13:44:38","modified_gmt":"2018-08-28T16:44:38","slug":"maquinas-e-equipamentos-novos-expositores-tem-a-expectativa-de-ampliar-sua-participacao-de-mercado-com-a-mt-expo-2018","status":"publish","type":"post","link":"https:\/\/construcaocivil.siriusmarketingedesign.com.br\/?p=10127","title":{"rendered":"M\u00e1quinas e equipamentos: Novos expositores t\u00eam a expectativa de ampliar sua participa\u00e7\u00e3o de mercado com a M&#038;T Expo 2018"},"content":{"rendered":"<p style=\"text-align: justify;\"><span style=\"color: #993300;\">Agosto, 2018<\/span> &#8211; Reconhecida como a principal feira de neg\u00f3cios na \u00e1rea de m\u00e1quinas voltados para os segmentos da constru\u00e7\u00e3o e minera\u00e7\u00e3o na Am\u00e9rica Latina, a M&amp;T Expo 2018 \u2013 10\u00aa Feira Internacional de Equipamentos para Constru\u00e7\u00e3o e Minera\u00e7\u00e3o conta com novos expositores, que participam pela primeira vez do evento, justamente, por sua import\u00e2ncia e por ser uma oportunidade de estar em contato com um p\u00fablico altamente qualificado.<\/p>\n<p style=\"text-align: justify;\">Segundo Charlyston Rodrigues, diretor Comercial da Pemill, ind\u00fastria especializada na fabrica\u00e7\u00e3o e comercializa\u00e7\u00e3o de pe\u00e7as para minera\u00e7\u00e3o, moagem, penetra\u00e7\u00e3o no solo e bombeamento de polpa, situada em Divin\u00f3polis, Minas Gerais, a M&amp;T Expo \u00e9 uma feira de alcance nacional e internacional. \u201cAssim, temos a expectativa de aumentar nossa participa\u00e7\u00e3o de mercado e obter uma maior visibilidade tanto no territ\u00f3rio brasileiro como no exterior\u201d, disse. Entre os produtos que ser\u00e3o levados para a exposi\u00e7\u00e3o est\u00e3o: moinhos pendulares e pe\u00e7as de desgaste para minera\u00e7\u00e3o, bombas de polpa e para a linha de britagem, FPS e martelos.<\/p>\n<p style=\"text-align: justify;\">Na avalia\u00e7\u00e3o de Celso Szczypula, diretor da Ouro Diesel, faltam ainda dois anos para que o Brasil comece uma retomada mais forte da economia. \u201cNosso objetivo \u00e9 estar na mente de novos clientes quando isso come\u00e7ar a acontecer, por isso estaremos a M&amp;T Expo, que conta com visitantes que atuam em nossa nova linha de trabalho\u201d, explicou. A empresa especializada em solu\u00e7\u00f5es para inje\u00e7\u00e3o eletr\u00f4nica, com sede em Campinas, interior paulista, vai mostrar seu trabalho em suas bancadas de testes, que s\u00e3o importadas da Europa.<\/p>\n<p style=\"text-align: justify;\">J\u00e1 a Testato, que iniciou suas atividades em 2002, fornecendo servi\u00e7os de montagem, manuten\u00e7\u00e3o e reformas de equipamentos m\u00f3veis, mostrar\u00e1 na feira os sistemas de supress\u00e3o de inc\u00eandios da companhia sueca Dafo. \u201cNossa expectativa \u00e9 alcan\u00e7ar o maior n\u00famero de profissionais e empresas, ampliando nosso relacionamento com os atuais clientes e criando novos contatos para gerar novos neg\u00f3cios no futuro\u201d, afirmou Raphael Torres, supervisor de Marketing.<\/p>\n<p style=\"text-align: justify;\">Al\u00e9m desses novos expositores, a \u00e1rea de componentes e servi\u00e7os da M&amp;T Expo contar\u00e1 com a participa\u00e7\u00e3o de importantes empresas que atuam no mercado. O evento ainda apresentar\u00e1 novidades de expositores nacionais e internacionais do segmento em mais tr\u00eas segmentos: equipamentos para constru\u00e7\u00e3o e minera\u00e7\u00e3o, equipamentos de eleva\u00e7\u00e3o de carga e pessoas e equipamentos para a \u00e1rea do concreto e para o segmento de pavimenta\u00e7\u00e3o.<\/p>\n<p style=\"text-align: justify;\">Marcada entre os dias 26 e 29 de novembro, no S\u00e3o Paulo Expo, 10\u00aa M&amp;T Expo ser\u00e1 o principal ponto de encontro do setor na Am\u00e9rica Latina. Promovida, pela primeira vez, em 1995, pela Associa\u00e7\u00e3o Brasileira de Tecnologia para Constru\u00e7\u00e3o e Minera\u00e7\u00e3o (Sobratema), a edi\u00e7\u00e3o de 2018 marca o in\u00edcio do acordo de coopera\u00e7\u00e3o de longo prazo firmado entre a entidade e a Messe M\u00fcnchen, promotora da bauma, maior feira mundial da \u00e1rea de equipamentos para constru\u00e7\u00e3o. Para visitar a M&amp;T Expo 2018, basta realizar o credenciamento online no\u00a0<span style=\"color: #0000ff;\"><a style=\"color: #0000ff;\" href=\"http:\/\/www.mtexpo.com.br\/Conteudo\/credenciamento-de-visitantes\" target=\"_blank\" rel=\"noopener noreferrer\">site oficial<\/a><\/span>.<\/p>\n<p style=\"text-align: justify;\"><strong><u>Servi\u00e7o<\/u><\/strong><strong>:<\/strong><\/p>\n<p style=\"text-align: justify;\">M&amp;T Expo 2018 \u2013 10\u00aa Feira Internacional de Equipamentos para Constru\u00e7\u00e3o e Minera\u00e7\u00e3o<\/p>\n<p style=\"text-align: justify;\">Data: 26 a 29 de novembro de 2018<\/p>\n<p style=\"text-align: justify;\">Hor\u00e1rios: 26 a 28 &#8211; 13h \u00e0s 20h<\/p>\n<p style=\"text-align: justify;\">\u00a0\u00a0\u00a0\u00a0\u00a0\u00a0\u00a0\u00a0\u00a0\u00a0\u00a0\u00a0\u00a0\u00a0\u00a0 \u00a0\u00a0 29 &#8211; 9h \u00e0s 16h<\/p>\n<p style=\"text-align: justify;\">Local: S\u00e3o Paulo Expo Exhibition &amp; Convention Center &#8211; Rodovia dos Imigrantes, km 1,5 \u2013 \u00c1gua Funda \u2013 S\u00e3o Paulo\/SP<\/p>\n<p style=\"text-align: justify;\">Informa\u00e7\u00f5es e credenciamento:\u00a0<span style=\"color: #0000ff;\"><a style=\"color: #0000ff;\" href=\"http:\/\/www.mtexpo.com.br\/\" target=\"_blank\" rel=\"noopener noreferrer\">http:\/\/www.mtexpo.com.br<\/a><\/span><\/p>\n","protected":false},"excerpt":{"rendered":"<p>Agosto, 2018 &#8211; Reconhecida como a principal feira de neg\u00f3cios na \u00e1rea de m\u00e1quinas voltados para os segmentos da constru\u00e7\u00e3o e minera\u00e7\u00e3o na Am\u00e9rica Latina, a M&amp;T Expo 2018 \u2013 10\u00aa Feira Internacional de Equipamentos para Constru\u00e7\u00e3o e Minera\u00e7\u00e3o conta com novos expositores, que participam pela primeira vez do evento, justamente, por sua import\u00e2ncia e [&hellip;]<\/p>\n","protected":false},"author":1,"featured_media":10128,"comment_status":"open","ping_status":"open","sticky":false,"template":"","format":"standard","meta":{"_uag_custom_page_level_css":"","footnotes":""},"categories":[33],"tags":[6096,7100,7226,13394,13391,10300,13393,10679,13392,13395],"class_list":["post-10127","post","type-post","status-publish","format-standard","has-post-thumbnail","hentry","category-mercado","tag-infraestrutura","tag-mt-expo-2018","tag-maquinas-para-construcao","tag-pecas-e-produtos-para-servicos-de-mineracao","tag-pecas-e-revendas","tag-retroescavadeiras","tag-revendedores-de-equipamentos-para-mineracao-de-todo-o-brasil","tag-sao-paulo-sp","tag-vendas-de-escavadeiras","tag-vendas-de-maquinas-cresce-no-brasil"],"blocksy_meta":[],"spectra_blocks_featured_image_url":{"thumbnail":{"url":"https:\/\/construcaocivil.siriusmarketingedesign.com.br\/wp-content\/uploads\/2018\/08\/M-E-T-150x150.jpg","width":150,"height":150},"medium":{"url":"https:\/\/construcaocivil.siriusmarketingedesign.com.br\/wp-content\/uploads\/2018\/08\/M-E-T.jpg","width":300,"height":300},"medium_large":{"url":"https:\/\/construcaocivil.siriusmarketingedesign.com.br\/wp-content\/uploads\/2018\/08\/M-E-T.jpg","width":300,"height":300},"large":{"url":"https:\/\/construcaocivil.siriusmarketingedesign.com.br\/wp-content\/uploads\/2018\/08\/M-E-T.jpg","width":300,"height":300},"full":{"url":"https:\/\/construcaocivil.siriusmarketingedesign.com.br\/wp-content\/uploads\/2018\/08\/M-E-T.jpg","width":300,"height":300}},"spectra_blocks_author_info":{"display_name":"Jornal da Constru\u00e7\u00e3o Civil","avatar_url":"https:\/\/secure.gravatar.com\/avatar\/973c9774fd44ddaceb026973c4962faa70fc512bc4c9da68e8ebb40fecee6540?s=96&d=mm&r=g","author_link":"https:\/\/construcaocivil.siriusmarketingedesign.com.br\/?author=1","description":"Desde de 2013, levando muitas informa\u00e7\u00f5es, lan\u00e7amentos e produtos de qualidade para toda cadeia produtiva da constru\u00e7\u00e3o. O Futuro da constru\u00e7\u00e3o passa por aqui,"},"uagb_featured_image_src":{"full":["https:\/\/construcaocivil.siriusmarketingedesign.com.br\/wp-content\/uploads\/2018\/08\/M-E-T.jpg",300,300,false],"thumbnail":["https:\/\/construcaocivil.siriusmarketingedesign.com.br\/wp-content\/uploads\/2018\/08\/M-E-T-150x150.jpg",150,150,true],"medium":["https:\/\/construcaocivil.siriusmarketingedesign.com.br\/wp-content\/uploads\/2018\/08\/M-E-T.jpg",300,300,false],"medium_large":["https:\/\/construcaocivil.siriusmarketingedesign.com.br\/wp-content\/uploads\/2018\/08\/M-E-T.jpg",300,300,false],"large":["https:\/\/construcaocivil.siriusmarketingedesign.com.br\/wp-content\/uploads\/2018\/08\/M-E-T.jpg",300,300,false],"1536x1536":["https:\/\/construcaocivil.siriusmarketingedesign.com.br\/wp-content\/uploads\/2018\/08\/M-E-T.jpg",300,300,false],"2048x2048":["https:\/\/construcaocivil.siriusmarketingedesign.com.br\/wp-content\/uploads\/2018\/08\/M-E-T.jpg",300,300,false]},"uagb_author_info":{"display_name":"Jornal da Constru\u00e7\u00e3o Civil","author_link":"https:\/\/construcaocivil.siriusmarketingedesign.com.br\/?author=1"},"uagb_comment_info":0,"uagb_excerpt":"Agosto, 2018 &#8211; Reconhecida como a principal feira de neg\u00f3cios na \u00e1rea de m\u00e1quinas voltados para os segmentos da constru\u00e7\u00e3o e minera\u00e7\u00e3o na Am\u00e9rica Latina, a M&amp;T Expo 2018 \u2013 10\u00aa Feira Internacional de Equipamentos para Constru\u00e7\u00e3o e Minera\u00e7\u00e3o conta com novos expositores, que participam pela primeira vez do evento, justamente, por sua import\u00e2ncia e&hellip;","_links":{"self":[{"href":"https:\/\/construcaocivil.siriusmarketingedesign.com.br\/index.php?rest_route=\/wp\/v2\/posts\/10127","targetHints":{"allow":["GET"]}}],"collection":[{"href":"https:\/\/construcaocivil.siriusmarketingedesign.com.br\/index.php?rest_route=\/wp\/v2\/posts"}],"about":[{"href":"https:\/\/construcaocivil.siriusmarketingedesign.com.br\/index.php?rest_route=\/wp\/v2\/types\/post"}],"author":[{"embeddable":true,"href":"https:\/\/construcaocivil.siriusmarketingedesign.com.br\/index.php?rest_route=\/wp\/v2\/users\/1"}],"replies":[{"embeddable":true,"href":"https:\/\/construcaocivil.siriusmarketingedesign.com.br\/index.php?rest_route=%2Fwp%2Fv2%2Fcomments&post=10127"}],"version-history":[{"count":0,"href":"https:\/\/construcaocivil.siriusmarketingedesign.com.br\/index.php?rest_route=\/wp\/v2\/posts\/10127\/revisions"}],"wp:featuredmedia":[{"embeddable":true,"href":"https:\/\/construcaocivil.siriusmarketingedesign.com.br\/index.php?rest_route=\/wp\/v2\/media\/10128"}],"wp:attachment":[{"href":"https:\/\/construcaocivil.siriusmarketingedesign.com.br\/index.php?rest_route=%2Fwp%2Fv2%2Fmedia&parent=10127"}],"wp:term":[{"taxonomy":"category","embeddable":true,"href":"https:\/\/construcaocivil.siriusmarketingedesign.com.br\/index.php?rest_route=%2Fwp%2Fv2%2Fcategories&post=10127"},{"taxonomy":"post_tag","embeddable":true,"href":"https:\/\/construcaocivil.siriusmarketingedesign.com.br\/index.php?rest_route=%2Fwp%2Fv2%2Ftags&post=10127"}],"curies":[{"name":"wp","href":"https:\/\/api.w.org\/{rel}","templated":true}]}}