{"id":10130,"date":"2018-08-28T14:01:34","date_gmt":"2018-08-28T17:01:34","guid":{"rendered":"http:\/\/www.jornaldaconstrucaocivil.com.br\/?p=10130"},"modified":"2018-08-28T14:08:31","modified_gmt":"2018-08-28T17:08:31","slug":"empresas-do-rio-discutem-convergencia-entre-setores-da-industria","status":"publish","type":"post","link":"https:\/\/construcaocivil.siriusmarketingedesign.com.br\/?p=10130","title":{"rendered":"Empresas do Rio discutem converg\u00eancia entre setores da ind\u00fastria"},"content":{"rendered":"<p style=\"font-weight: 400; text-align: justify;\"><span style=\"color: #993300;\">Rio, Agosto, 2018<\/span> &#8211; A Firjan promove nesta quarta-feira (29\/8) o semin\u00e1rio Conex\u00e3o Setorial, reunindo especialistas e empres\u00e1rios de 9 setores da ind\u00fastria fluminense com o objetivo de estimular pontos de converg\u00eancia, disseminar novos conhecimentos e promover encontro de relacionamento entre os setores. A palestra \u201cOmnichannel: a experi\u00eancia do usu\u00e1rio nos multicanais\u201d, de Fab\u00edola Paes, abre o evento \u00e0s 9h30. O conceito envolve a integra\u00e7\u00e3o dos pontos de vendas f\u00edsico e virtual, de modo a facilitar a vida do consumidor, ampliando as possibilidades de neg\u00f3cios.<\/p>\n<p style=\"font-weight: 400; text-align: justify;\">\u00c0 tarde, haver\u00e1 espa\u00e7o de exposi\u00e7\u00e3o Firjan SENAI como Novos Talentos e Desafio SENAI + Ind\u00fastria; palestras setoriais e momento networking. A ideia \u00e9 estimular cada vez mais a aproxima\u00e7\u00e3o entre os empres\u00e1rios, fomentando novos neg\u00f3cios entre as empresas do Rio. Entre outros, participar\u00e3o dos debates setoriais representantes da Coca-Cola, cervejaria Noi, Green People, Andrade Gutierrez, E-commerce Brasil.<\/p>\n<p style=\"font-weight: 400; text-align: justify;\">\u201cH\u00e1 pouco tempo, falava-se de venda por telefone e representantes. Hoje, h\u00e1 plataformas online e uso de intelig\u00eancia artificial. A ideia \u00e9 apresentar diversos canais para fomentar o empres\u00e1rio fluminense a se tornar um omnichannel\u201d, diz Ana Carla Torres, coordenadora de Desenvolvimento dos Setores de Consumo da Firjan.<\/p>\n<p style=\"font-weight: 400;\"><strong>Programa\u00e7\u00e3o Palestras Setoriais a partir das 14h30:<\/strong><\/p>\n<p style=\"font-weight: 400;\"><strong><u>Alimentos e Bebidas<\/u><\/strong><\/p>\n<p style=\"font-weight: 400;\">&#8211; palestra \u201cTend\u00eancias e oportunidades no mercado brasileiro de alimentos e bebidas\u201d, com Simone Galante, da Galunion Consultoria<\/p>\n<p style=\"font-weight: 400;\">&#8211; painel \u201cO Futuro \u00e9 local, saud\u00e1vel e sustent\u00e1vel\u201d, com Haroldo Montenegro, diretor da Green People; Marco Aur\u00e9lio Grillo, s\u00f3cio diretor da Frialp; e Angela Thompson, s\u00f3cia diretora do S\u00edtio do Moinho<\/p>\n<p style=\"font-weight: 400;\">&#8211; painel \u201cMarcas com prop\u00f3sito\u201d, com Bianca Buzin, s\u00f3cia diretora da cervejaria Noi; Marina Peixoto, diretora de Comunica\u00e7\u00f5es da Coca Cola; e Luiz Dematte, CEO da Korin Agricultura e Meio Ambiente Ltda<\/p>\n<p style=\"font-weight: 400;\"><strong><u>Audiovisual<\/u><\/strong><\/p>\n<p style=\"font-weight: 400;\">&#8211; palestra &#8220;A TV e a p\u00f3s produ\u00e7\u00e3o&#8221;, com Allan Caldeira, da FOX<\/p>\n<p style=\"font-weight: 400;\">&#8211; Palestra &#8220;Multitelas&#8221;, com M\u00e1rcio Rolla, consultor de m\u00eddias estrat\u00e9gicas<\/p>\n<p style=\"font-weight: 400;\">&#8211; palestra \u201cGamifica\u00e7\u00e3o no audiovisual&#8221;, com Andr\u00e9 Scucato e \u00c2ngelo Chafin, da Firjan<\/p>\n<p style=\"font-weight: 400;\"><strong><u>Constru\u00e7\u00e3o civil<\/u><\/strong><\/p>\n<p style=\"font-weight: 400;\">&#8211; palestra &#8220;Cen\u00e1rios e desafios para a constru\u00e7\u00e3o civil&#8221;, com Ana Maria Castelo, coordenadora de Projetos da Constru\u00e7\u00e3o da FGV\/IBRE<\/p>\n<p style=\"font-weight: 400;\">&#8211; palestra &#8220;A Revolu\u00e7\u00e3o blockchain&#8221;, com Carl Amorim, do Country Executive for Brazil da Blockchain Research Institute<\/p>\n<p style=\"font-weight: 400;\">&#8211; painel \u201cAprendendo e inovando com o ecossistema&#8221;, com Gl\u00e1ucia Alves da Costa, diretora de Inova\u00e7\u00e3o da Andrade Gutierrez Engenharia S.A.<\/p>\n<p style=\"font-weight: 400;\">&#8211; painel &#8220;Investimento imobili\u00e1rio com crowdfunding&#8221;, com Lucas Obino, s\u00f3cio fundador do URBE.ME<\/p>\n<p style=\"font-weight: 400;\"><strong><u>Gr\u00e1fico<\/u><\/strong><\/p>\n<p style=\"font-weight: 400;\">&#8211; palestra &#8220;Canais de venda&#8221;, com Diego Maia, CEO do CDPV (Centro de Desenvolvimento do Profissional de Vendas)<\/p>\n<p style=\"font-weight: 400;\">&#8211; painel &#8220;Gr\u00e1fica: uma ind\u00fastria em transforma\u00e7\u00e3o&#8221;, com Hamilton Terni, diretor consultor da AN Consulting<\/p>\n<p style=\"font-weight: 400;\">&#8211; painel &#8220;Valoriza\u00e7\u00e3o sensorial do produto gr\u00e1fico: Por que \u00e9 legal ter um produto impresso?&#8221;, com Fabio Mortara, da Two Side<\/p>\n<p style=\"font-weight: 400;\"><strong><u>Joias<\/u><\/strong><\/p>\n<p style=\"font-weight: 400;\">&#8211; palestra &#8220;Metodologia da Pir\u00e2mide e Formata\u00e7\u00e3o do quadro de produ\u00e7\u00e3o para desenvolvimento de novos produtos&#8221;, com Marcia Croce, diretora da DGNG \u2013 Design &amp; Neg\u00f3cio<\/p>\n<p style=\"font-weight: 400;\">&#8211; painel &#8220;Firjan SENAI \u2013 refer\u00eancia em joalheira&#8221;, com Eliana Rossi, especialista em joias da Firjan SENAI.<\/p>\n<p style=\"font-weight: 400;\"><strong><u>Mobili\u00e1rio<\/u><\/strong><\/p>\n<p style=\"font-weight: 400;\">&#8211; palestra &#8220;Desafios e Oportunidades no comercio eletr\u00f4nico para ind\u00fastria moveleira&#8221;, com Vivianne Vilela, diretora executiva da E-commerce Brasil<\/p>\n<p style=\"font-weight: 400;\">&#8211; painel &#8220;Westwing casa e decora\u00e7\u00e3o: sinergia entre canais&#8221;, com Andres Mutschler, fundador e CEO at Westwing casa e decora\u00e7\u00e3o<\/p>\n<p style=\"font-weight: 400;\">&#8211; painel &#8220;Realidades virtual e aumentada: a sua nova realidade na ind\u00fastria moveleira&#8221;, com Rodrigo Corradini, da Studio Abacate<\/p>\n<p style=\"font-weight: 400;\"><strong><u>Moda<\/u><\/strong><\/p>\n<p style=\"font-weight: 400;\">&#8211; palestra &#8220;Economia da Moda&#8221;, com Enrico Cietta<\/p>\n<p style=\"font-weight: 400;\">&#8211; palestra &#8220;Tecnologias 4.0 apoiando a aproxima\u00e7\u00e3o com mercado consumidor&#8221;, com Marcelo Ramos, do SENAI CETIQT<\/p>\n<p style=\"font-weight: 400;\">&#8211; palestra &#8220;Melhores pr\u00e1ticas do varejo de moda na era digital&#8221;, com Luis Antonio Secco, consultor e s\u00f3cio-fundador da Azov<\/p>\n<p style=\"font-weight: 400;\"><strong><u>Pl\u00e1stico<\/u><\/strong><\/p>\n<p style=\"font-weight: 400;\">&#8211; palestra &#8220;Produ\u00e7\u00e3o, Consumo e Descarte: o impacto na ind\u00fastria&#8221;, com Carol Zocolli, especialista em Meio Ambiente da Firjan, e Alexander Turra, do Instituto do Oceanogr\u00e1fico da Universidade de S\u00e3o Paulo (IOUSP)<\/p>\n<p style=\"font-weight: 400;\">&#8211; painel &#8220;Plastic Bank: a criptomoeda do pl\u00e1stico&#8221;, com Dov Rosenmann, da Plastic bank<\/p>\n<p style=\"font-weight: 400;\">&#8211; painel &#8220;Produ\u00e7\u00e3o Sustent\u00e1vel: o caminho para ind\u00fastria&#8221;, com Lucas Amendola, da Coca-Cola, e Ederson Munhoz, da Braskem<strong><u>\u00a0<\/u><\/strong><\/p>\n<p style=\"font-weight: 400;\"><strong><u>TIC<\/u><\/strong><\/p>\n<p style=\"font-weight: 400;\">&#8211; palestra &#8220;Panorama internacional setorial de TIC&#8221;, com Thiago Pacheco Ramos, analista de Com\u00e9rcio Exterior Firjan<\/p>\n<p style=\"font-weight: 400;\">&#8211; pain\u00e9is TIC com Carlos C\u00e2mara, da Client Solutions Executive na DELL EMC, e Marcelo Carius, CEO Diretoria de Produtos e Servi\u00e7os<\/p>\n<p>Fonte: Imprensa\/FIRJAN<\/p>\n<p style=\"font-weight: 400;\">\n","protected":false},"excerpt":{"rendered":"<p>Rio, Agosto, 2018 &#8211; A Firjan promove nesta quarta-feira (29\/8) o semin\u00e1rio Conex\u00e3o Setorial, reunindo especialistas e empres\u00e1rios de 9 setores da ind\u00fastria fluminense com o objetivo de estimular pontos de converg\u00eancia, disseminar novos conhecimentos e promover encontro de relacionamento entre os setores. A palestra \u201cOmnichannel: a experi\u00eancia do usu\u00e1rio nos multicanais\u201d, de Fab\u00edola Paes, [&hellip;]<\/p>\n","protected":false},"author":1,"featured_media":10131,"comment_status":"open","ping_status":"open","sticky":false,"template":"","format":"standard","meta":{"_uag_custom_page_level_css":"","footnotes":""},"categories":[27],"tags":[13400,13396,2826,13401,5096,13397,13399,13398],"class_list":["post-10130","post","type-post","status-publish","format-standard","has-post-thumbnail","hentry","category-acontece","tag-alimentos-e-bebidas","tag-andrade-gutierrez-engenharia","tag-construcao-civil","tag-design-negocio","tag-firjan","tag-novos-negocios-e-conhecimentos","tag-omnichannel","tag-setores-diversos-numa-so-rede"],"blocksy_meta":[],"spectra_blocks_featured_image_url":{"thumbnail":{"url":"https:\/\/construcaocivil.siriusmarketingedesign.com.br\/wp-content\/uploads\/2018\/08\/F-negocios-redes-150x150.jpg","width":150,"height":150},"medium":{"url":"https:\/\/construcaocivil.siriusmarketingedesign.com.br\/wp-content\/uploads\/2018\/08\/F-negocios-redes-300x157.jpg","width":300,"height":157},"medium_large":{"url":"https:\/\/construcaocivil.siriusmarketingedesign.com.br\/wp-content\/uploads\/2018\/08\/F-negocios-redes-768x401.jpg","width":768,"height":401},"large":{"url":"https:\/\/construcaocivil.siriusmarketingedesign.com.br\/wp-content\/uploads\/2018\/08\/F-negocios-redes-1024x535.jpg","width":1024,"height":535},"full":{"url":"https:\/\/construcaocivil.siriusmarketingedesign.com.br\/wp-content\/uploads\/2018\/08\/F-negocios-redes.jpg","width":1200,"height":627}},"spectra_blocks_author_info":{"display_name":"Jornal da Constru\u00e7\u00e3o Civil","avatar_url":"https:\/\/secure.gravatar.com\/avatar\/973c9774fd44ddaceb026973c4962faa70fc512bc4c9da68e8ebb40fecee6540?s=96&d=mm&r=g","author_link":"https:\/\/construcaocivil.siriusmarketingedesign.com.br\/?author=1","description":"Desde de 2013, levando muitas informa\u00e7\u00f5es, lan\u00e7amentos e produtos de qualidade para toda cadeia produtiva da constru\u00e7\u00e3o. O Futuro da constru\u00e7\u00e3o passa por aqui,"},"uagb_featured_image_src":{"full":["https:\/\/construcaocivil.siriusmarketingedesign.com.br\/wp-content\/uploads\/2018\/08\/F-negocios-redes.jpg",1200,627,false],"thumbnail":["https:\/\/construcaocivil.siriusmarketingedesign.com.br\/wp-content\/uploads\/2018\/08\/F-negocios-redes-150x150.jpg",150,150,true],"medium":["https:\/\/construcaocivil.siriusmarketingedesign.com.br\/wp-content\/uploads\/2018\/08\/F-negocios-redes-300x157.jpg",300,157,true],"medium_large":["https:\/\/construcaocivil.siriusmarketingedesign.com.br\/wp-content\/uploads\/2018\/08\/F-negocios-redes-768x401.jpg",768,401,true],"large":["https:\/\/construcaocivil.siriusmarketingedesign.com.br\/wp-content\/uploads\/2018\/08\/F-negocios-redes-1024x535.jpg",1024,535,true],"1536x1536":["https:\/\/construcaocivil.siriusmarketingedesign.com.br\/wp-content\/uploads\/2018\/08\/F-negocios-redes.jpg",1200,627,false],"2048x2048":["https:\/\/construcaocivil.siriusmarketingedesign.com.br\/wp-content\/uploads\/2018\/08\/F-negocios-redes.jpg",1200,627,false]},"uagb_author_info":{"display_name":"Jornal da Constru\u00e7\u00e3o Civil","author_link":"https:\/\/construcaocivil.siriusmarketingedesign.com.br\/?author=1"},"uagb_comment_info":0,"uagb_excerpt":"Rio, Agosto, 2018 &#8211; A Firjan promove nesta quarta-feira (29\/8) o semin\u00e1rio Conex\u00e3o Setorial, reunindo especialistas e empres\u00e1rios de 9 setores da ind\u00fastria fluminense com o objetivo de estimular pontos de converg\u00eancia, disseminar novos conhecimentos e promover encontro de relacionamento entre os setores. A palestra \u201cOmnichannel: a experi\u00eancia do usu\u00e1rio nos multicanais\u201d, de Fab\u00edola Paes,&hellip;","_links":{"self":[{"href":"https:\/\/construcaocivil.siriusmarketingedesign.com.br\/index.php?rest_route=\/wp\/v2\/posts\/10130","targetHints":{"allow":["GET"]}}],"collection":[{"href":"https:\/\/construcaocivil.siriusmarketingedesign.com.br\/index.php?rest_route=\/wp\/v2\/posts"}],"about":[{"href":"https:\/\/construcaocivil.siriusmarketingedesign.com.br\/index.php?rest_route=\/wp\/v2\/types\/post"}],"author":[{"embeddable":true,"href":"https:\/\/construcaocivil.siriusmarketingedesign.com.br\/index.php?rest_route=\/wp\/v2\/users\/1"}],"replies":[{"embeddable":true,"href":"https:\/\/construcaocivil.siriusmarketingedesign.com.br\/index.php?rest_route=%2Fwp%2Fv2%2Fcomments&post=10130"}],"version-history":[{"count":0,"href":"https:\/\/construcaocivil.siriusmarketingedesign.com.br\/index.php?rest_route=\/wp\/v2\/posts\/10130\/revisions"}],"wp:featuredmedia":[{"embeddable":true,"href":"https:\/\/construcaocivil.siriusmarketingedesign.com.br\/index.php?rest_route=\/wp\/v2\/media\/10131"}],"wp:attachment":[{"href":"https:\/\/construcaocivil.siriusmarketingedesign.com.br\/index.php?rest_route=%2Fwp%2Fv2%2Fmedia&parent=10130"}],"wp:term":[{"taxonomy":"category","embeddable":true,"href":"https:\/\/construcaocivil.siriusmarketingedesign.com.br\/index.php?rest_route=%2Fwp%2Fv2%2Fcategories&post=10130"},{"taxonomy":"post_tag","embeddable":true,"href":"https:\/\/construcaocivil.siriusmarketingedesign.com.br\/index.php?rest_route=%2Fwp%2Fv2%2Ftags&post=10130"}],"curies":[{"name":"wp","href":"https:\/\/api.w.org\/{rel}","templated":true}]}}