{"id":10151,"date":"2018-08-30T20:39:17","date_gmt":"2018-08-30T23:39:17","guid":{"rendered":"http:\/\/www.jornaldaconstrucaocivil.com.br\/?p=10151"},"modified":"2018-08-30T20:39:17","modified_gmt":"2018-08-30T23:39:17","slug":"casa-do-aluminio-sera-apresentada-em-sao-paulo","status":"publish","type":"post","link":"https:\/\/construcaocivil.siriusmarketingedesign.com.br\/?p=10151","title":{"rendered":"Casa do Alum\u00ednio ser\u00e1 apresentada em S\u00e3o Paulo"},"content":{"rendered":"<p style=\"text-align: justify;\"><strong>S\u00e3o Paulo, agosto de 2018 \u2013<\/strong>\u00a0Voc\u00ea sabe onde o alum\u00ednio est\u00e1 presente no seu cotidiano? O projeto <span style=\"color: #666699;\">\u201cCasa do Alum\u00ednio<\/span> \u2013 uma experi\u00eancia de arquitetura, arte e design\u201d chega para mostrar a import\u00e2ncia do metal nessas aplica\u00e7\u00f5es e como ele est\u00e1 inserido no dia a dia das pessoas.<\/p>\n<p style=\"text-align: justify;\">Uma realiza\u00e7\u00e3o do Minist\u00e9rio da Cultura-Lei Rouanet e da Quattro Projetos, com chancela da Associa\u00e7\u00e3o Brasileira do Alum\u00ednio (ABAL) e patroc\u00ednio das empresas associadas: Alcoa, Companhia Brasileira do Alum\u00ednio (CBA), Hydro e Novelis, o projeto \u00e9 in\u00e9dito e ser\u00e1 apresentado pela primeira vez durante a ExpoAlum\u00ednio 2018 \u2013 Exposi\u00e7\u00e3o Internacional do Alum\u00ednio \u2013 e o 8\u00ba Congresso Internacional do Alum\u00ednio,\u00a0 principais eventos do setor na Am\u00e9rica Latina e que ser\u00e3o realizados entre os dias 3 e 5 de setembro, no S\u00e3o Paulo Expo.<\/p>\n<p style=\"text-align: justify;\">A<span style=\"color: #0000ff;\"> \u201cCasa do Alum\u00ednio\u201d<\/span> tem 100 m2, e \u00e9 composta por espa\u00e7os como quarto, copa, living, banho, varanda e garagem. \u201cA proposta da instala\u00e7\u00e3o \u00e9 mostrar essa presen\u00e7a, muitas vezes impercept\u00edvel, por\u00e9m, fundamental do alum\u00ednio em uma casa, proporcionando conforto, bem-estar, praticidade e seguran\u00e7a nas vidas das pessoas. Trata-se de um material que, por suas caracter\u00edsticas intr\u00ednsecas, j\u00e1 est\u00e1 consagrado em algumas aplica\u00e7\u00f5es na arquitetura e tem conquistado a prefer\u00eancia de projetistas de outros setores\u201d, explica a arquiteta Magda Reis, consultora do projeto.<\/p>\n<figure id=\"attachment_10153\" aria-describedby=\"caption-attachment-10153\" style=\"width: 300px\" class=\"wp-caption alignleft\"><img loading=\"lazy\" decoding=\"async\" class=\"size-medium wp-image-10153\" src=\"http:\/\/www.jornaldaconstrucaocivil.com.br\/wp-content\/uploads\/2018\/08\/ABAL-II-300x77.jpeg\" alt=\"\" width=\"300\" height=\"77\" srcset=\"https:\/\/construcaocivil.siriusmarketingedesign.com.br\/wp-content\/uploads\/2018\/08\/ABAL-II-300x77.jpeg 300w, https:\/\/construcaocivil.siriusmarketingedesign.com.br\/wp-content\/uploads\/2018\/08\/ABAL-II-768x197.jpeg 768w, https:\/\/construcaocivil.siriusmarketingedesign.com.br\/wp-content\/uploads\/2018\/08\/ABAL-II-1024x262.jpeg 1024w, https:\/\/construcaocivil.siriusmarketingedesign.com.br\/wp-content\/uploads\/2018\/08\/ABAL-II.jpeg 1280w\" sizes=\"auto, (max-width: 300px) 100vw, 300px\" \/><figcaption id=\"caption-attachment-10153\" class=\"wp-caption-text\">\u201cCasa do Alum\u00ednio\u201d. Divulga\u00e7\u00e3o<\/figcaption><\/figure>\n<p style=\"text-align: justify;\">A visita \u00e0<span style=\"color: #666699;\"> \u201cCasa do Alum\u00ednio\u201d<\/span> ser\u00e1 gratuita\u00a0e os visitantes poder\u00e3o ampliar sua experi\u00eancia por meio de conte\u00fados disponibilizados em tablets e v\u00eddeos curtos que explicar\u00e3o os benef\u00edcios e aplica\u00e7\u00f5es do material em cada item da casa. Assim, poder\u00e3o\u00a0conhecer mais sobre arte e design, a hist\u00f3ria do metal e sua aplica\u00e7\u00e3o em transportes, embalagens, utilidades dom\u00e9sticas e constru\u00e7\u00e3o civil.<\/p>\n<p>\u201cA Casa do Alum\u00ednio oferece uma forma l\u00fadica e interativa de levar ao p\u00fablico as muitas aplica\u00e7\u00f5es desse material polivalente. Assim, a ABAL cumpre a sua fun\u00e7\u00e3o de difundir o conhecimento sobre o alum\u00ednio e mostrar como ele est\u00e1 presente no nosso dia a dia, nas mais variadas formas\u201d, resume o presidente-executivo da Associa\u00e7\u00e3o Brasileira do Alum\u00ednio, Milton Rego.<\/p>\n<p>Ao t\u00e9rmino da ExpoAlum\u00ednio, o projeto tem programa\u00e7\u00e3o para ser realizada em outras cinco cidades: Alum\u00ednio e Pindamonhangaba, em S\u00e3o Paulo; Bras\u00edlia no Distrito Federal; Bel\u00e9m do Par\u00e1 e S\u00e3o Lu\u00eds do Maranh\u00e3o, entre os meses de outubro de 2018 e abril de 2019.<\/p>\n<p><strong>Arte e Design<\/strong><\/p>\n<p style=\"text-align: justify;\">Outro destaque do projeto \u00e9 mostrar como o alum\u00ednio \u00e9 bastante presente na produ\u00e7\u00e3o de obras de arte, seja como mat\u00e9ria-prima, obra ou matriz. Ser\u00e3o exibidas cria\u00e7\u00f5es art\u00edsticas de Maria Bonomi, Hans G\u00fcnter Flieg, Paulo Bordhin, Vicente Nu, Osni Branco, Hugo Curti, Tatiana Stropp, Silvia Ruiz, Regis Ribeiro, Maf\u00ea de Biaggi, Fabricio de Petta Barbosa, Marcelo Theodoro e Marianne Arnone.<\/p>\n<p style=\"text-align: justify;\">O design tamb\u00e9m ser\u00e1 marcante na \u201cCasa do Alum\u00ednio\u201d, sendo encontrado em todos os ambientes. S\u00e3o exemplos de design e decora\u00e7\u00e3o pe\u00e7as como a cesta Nuvem, dos irm\u00e3os Humberto e Fernando Campana; a cadeira Iczero1- edi\u00e7\u00e3o comemorativa 10 anos, de Guto \u00cdndio da Costa; e o banco Ondula\u00e7\u00e3o, de Richard Nascimento e Kati Takahashi, entre outros.<\/p>\n<p style=\"text-align: justify;\"><span style=\"color: #993300;\"><em>\u201cA Casa do Alum\u00ednio tem o objetivo de mostrar por meio da arte, do design a da arquitetura como o alum\u00ednio est\u00e1 presente nessas aplica\u00e7\u00f5es, criando um diferencial est\u00e9tico e de vanguarda, seja pela sua apar\u00eancia, seja pelas caracter\u00edsticas \u00edmpares que esse metal permite na constru\u00e7\u00e3o dessas pe\u00e7as\u201d, explica o diretor-cultural da \u201cCasa do Alum\u00ednio\u201d<\/em><\/span>, Flavio Enninger.<\/p>\n<p style=\"text-align: justify;\"><strong>Patroc\u00ednio e Apoio<\/strong><\/p>\n<p style=\"text-align: justify;\">Al\u00e9m dos patrocinadores Alcoa, Companhia Brasileira do Alum\u00ednio (CBA), Hydro e Novelis, o projeto conta com o apoio das seguintes empresas que cederam servi\u00e7os e materiais para execu\u00e7\u00e3o e montagem da cenografia: Cebrace, Nespresso, Maxion Wheels, Renault, Screenline e Truckvan.<\/p>\n<p style=\"text-align: justify;\"><strong>Servi\u00e7o<\/strong><\/p>\n<div style=\"text-align: justify;\">\n<p><span style=\"color: #ff0000;\">\u201cCasa do Alum\u00ednio \u2013 uma experi\u00eancia de arquitetura, arte e design\u201d<\/span><\/p>\n<p><span style=\"color: #0000ff;\">Data e hor\u00e1rio:\u00a0 de 3 a 5 de setembro de 2018 | das 11h \u00e0s 20h | evento gratuito<\/span><\/p>\n<p><span style=\"color: #0000ff;\">Local: S\u00e3o Paulo Expo |\u00a0Rodovia dos Imigrantes, km 1,5 \u2013 S\u00e3o Paulo (SP)<\/span><\/p>\n<p><span style=\"color: #0000ff;\">Transporte gratuito: \u00f4nibus circulares saem da Rua Nelson Fernandes, pr\u00f3xima \u00e0 esta\u00e7\u00e3o Jabaquara do Metr\u00f4, uma hora antes da abertura do evento e funcionam at\u00e9 uma hora ap\u00f3s o seu t\u00e9rmino.<\/span><\/p>\n<p>Site:<strong>\u00a0<a href=\"http:\/\/www.expoaluminio.com.br\"><span style=\"color: #0000ff;\">www.expoaluminio.com.br<\/span><\/a><\/strong><\/p>\n<p><em><strong>Sobre a ExpoAlum\u00ednio-Exposi\u00e7\u00e3o Internacional do Alum\u00ednio<\/strong><\/em><\/p>\n<p style=\"text-align: justify;\"><em>A ExpoAlum\u00ednio integra a comunidade global de\u00a0eventos Aluminum: um portf\u00f3lio global de eventos do setor, que promove neg\u00f3cios e conte\u00fado para a ind\u00fastria do alum\u00ednio e seus profissionais ao redor do mundo. O grupo conta com seis eventos que ocorrem em seis\u00a0regi\u00f5es do planeta. Ao todo, os eventos espalhados pelo mundo re\u00fanem mais de 60 mil visitantes e tr\u00eas mil expositores. No Brasil, a ExpoAlum\u00ednio \u00e9 realizada pela Associa\u00e7\u00e3o Brasileira do Alum\u00ednio (ABAL), tamb\u00e9m respons\u00e1vel pela curadoria do Congresso Internacional do Alum\u00ednio, e promovida pela Reed Exhibitions Alcantara Machado.\u00a0<\/em><\/p>\n<p>Fonte: Imprensa \/ ABAL<\/p>\n<\/div>\n<p style=\"text-align: justify;\">\n","protected":false},"excerpt":{"rendered":"<p>S\u00e3o Paulo, agosto de 2018 \u2013\u00a0Voc\u00ea sabe onde o alum\u00ednio est\u00e1 presente no seu cotidiano? O projeto \u201cCasa do Alum\u00ednio \u2013 uma experi\u00eancia de arquitetura, arte e design\u201d chega para mostrar a import\u00e2ncia do metal nessas aplica\u00e7\u00f5es e como ele est\u00e1 inserido no dia a dia das pessoas. Uma realiza\u00e7\u00e3o do Minist\u00e9rio da Cultura-Lei Rouanet [&hellip;]<\/p>\n","protected":false},"author":1,"featured_media":10152,"comment_status":"open","ping_status":"open","sticky":false,"template":"","format":"standard","meta":{"_uag_custom_page_level_css":"","footnotes":""},"categories":[28],"tags":[911,1569,13427,2826,13429,13428,8238,13430,10664,10668,10675,13431],"class_list":["post-10151","post","type-post","status-publish","format-standard","has-post-thumbnail","hentry","category-arquitetura","tag-arquitetura","tag-brasilia","tag-companhia-brasileira-do-aluminio-cba","tag-construcao-civil","tag-expoaluminio-2018","tag-hydro","tag-novelis","tag-projetos-de-casas-de-aluminio","tag-sao-luis-ma","tag-sao-paulo","tag-sao-paulo-expo","tag-vendas-de-aluminio-no-brasil"],"blocksy_meta":[],"spectra_blocks_featured_image_url":{"thumbnail":{"url":"https:\/\/construcaocivil.siriusmarketingedesign.com.br\/wp-content\/uploads\/2018\/08\/ABAL-150x150.jpeg","width":150,"height":150},"medium":{"url":"https:\/\/construcaocivil.siriusmarketingedesign.com.br\/wp-content\/uploads\/2018\/08\/ABAL-300x121.jpeg","width":300,"height":121},"medium_large":{"url":"https:\/\/construcaocivil.siriusmarketingedesign.com.br\/wp-content\/uploads\/2018\/08\/ABAL-768x311.jpeg","width":768,"height":311},"large":{"url":"https:\/\/construcaocivil.siriusmarketingedesign.com.br\/wp-content\/uploads\/2018\/08\/ABAL-1024x414.jpeg","width":1024,"height":414},"full":{"url":"https:\/\/construcaocivil.siriusmarketingedesign.com.br\/wp-content\/uploads\/2018\/08\/ABAL.jpeg","width":1280,"height":518}},"spectra_blocks_author_info":{"display_name":"Jornal da Constru\u00e7\u00e3o Civil","avatar_url":"https:\/\/secure.gravatar.com\/avatar\/973c9774fd44ddaceb026973c4962faa70fc512bc4c9da68e8ebb40fecee6540?s=96&d=mm&r=g","author_link":"https:\/\/construcaocivil.siriusmarketingedesign.com.br\/?author=1","description":"Desde de 2013, levando muitas informa\u00e7\u00f5es, lan\u00e7amentos e produtos de qualidade para toda cadeia produtiva da constru\u00e7\u00e3o. O Futuro da constru\u00e7\u00e3o passa por aqui,"},"uagb_featured_image_src":{"full":["https:\/\/construcaocivil.siriusmarketingedesign.com.br\/wp-content\/uploads\/2018\/08\/ABAL.jpeg",1280,518,false],"thumbnail":["https:\/\/construcaocivil.siriusmarketingedesign.com.br\/wp-content\/uploads\/2018\/08\/ABAL-150x150.jpeg",150,150,true],"medium":["https:\/\/construcaocivil.siriusmarketingedesign.com.br\/wp-content\/uploads\/2018\/08\/ABAL-300x121.jpeg",300,121,true],"medium_large":["https:\/\/construcaocivil.siriusmarketingedesign.com.br\/wp-content\/uploads\/2018\/08\/ABAL-768x311.jpeg",768,311,true],"large":["https:\/\/construcaocivil.siriusmarketingedesign.com.br\/wp-content\/uploads\/2018\/08\/ABAL-1024x414.jpeg",1024,414,true],"1536x1536":["https:\/\/construcaocivil.siriusmarketingedesign.com.br\/wp-content\/uploads\/2018\/08\/ABAL.jpeg",1280,518,false],"2048x2048":["https:\/\/construcaocivil.siriusmarketingedesign.com.br\/wp-content\/uploads\/2018\/08\/ABAL.jpeg",1280,518,false]},"uagb_author_info":{"display_name":"Jornal da Constru\u00e7\u00e3o Civil","author_link":"https:\/\/construcaocivil.siriusmarketingedesign.com.br\/?author=1"},"uagb_comment_info":0,"uagb_excerpt":"S\u00e3o Paulo, agosto de 2018 \u2013\u00a0Voc\u00ea sabe onde o alum\u00ednio est\u00e1 presente no seu cotidiano? O projeto \u201cCasa do Alum\u00ednio \u2013 uma experi\u00eancia de arquitetura, arte e design\u201d chega para mostrar a import\u00e2ncia do metal nessas aplica\u00e7\u00f5es e como ele est\u00e1 inserido no dia a dia das pessoas. Uma realiza\u00e7\u00e3o do Minist\u00e9rio da Cultura-Lei Rouanet&hellip;","_links":{"self":[{"href":"https:\/\/construcaocivil.siriusmarketingedesign.com.br\/index.php?rest_route=\/wp\/v2\/posts\/10151","targetHints":{"allow":["GET"]}}],"collection":[{"href":"https:\/\/construcaocivil.siriusmarketingedesign.com.br\/index.php?rest_route=\/wp\/v2\/posts"}],"about":[{"href":"https:\/\/construcaocivil.siriusmarketingedesign.com.br\/index.php?rest_route=\/wp\/v2\/types\/post"}],"author":[{"embeddable":true,"href":"https:\/\/construcaocivil.siriusmarketingedesign.com.br\/index.php?rest_route=\/wp\/v2\/users\/1"}],"replies":[{"embeddable":true,"href":"https:\/\/construcaocivil.siriusmarketingedesign.com.br\/index.php?rest_route=%2Fwp%2Fv2%2Fcomments&post=10151"}],"version-history":[{"count":0,"href":"https:\/\/construcaocivil.siriusmarketingedesign.com.br\/index.php?rest_route=\/wp\/v2\/posts\/10151\/revisions"}],"wp:featuredmedia":[{"embeddable":true,"href":"https:\/\/construcaocivil.siriusmarketingedesign.com.br\/index.php?rest_route=\/wp\/v2\/media\/10152"}],"wp:attachment":[{"href":"https:\/\/construcaocivil.siriusmarketingedesign.com.br\/index.php?rest_route=%2Fwp%2Fv2%2Fmedia&parent=10151"}],"wp:term":[{"taxonomy":"category","embeddable":true,"href":"https:\/\/construcaocivil.siriusmarketingedesign.com.br\/index.php?rest_route=%2Fwp%2Fv2%2Fcategories&post=10151"},{"taxonomy":"post_tag","embeddable":true,"href":"https:\/\/construcaocivil.siriusmarketingedesign.com.br\/index.php?rest_route=%2Fwp%2Fv2%2Ftags&post=10151"}],"curies":[{"name":"wp","href":"https:\/\/api.w.org\/{rel}","templated":true}]}}