{"id":10161,"date":"2018-09-01T13:00:21","date_gmt":"2018-09-01T16:00:21","guid":{"rendered":"http:\/\/www.jornaldaconstrucaocivil.com.br\/?p=10161"},"modified":"2018-09-01T13:00:21","modified_gmt":"2018-09-01T16:00:21","slug":"expointer-2018-jmalucelli-equipamentos-inaugura-lojas-pelo-pais","status":"publish","type":"post","link":"https:\/\/construcaocivil.siriusmarketingedesign.com.br\/?p=10161","title":{"rendered":"Expointer 2018: JMalucelli Equipamentos inaugura lojas pelo pa\u00eds"},"content":{"rendered":"<p style=\"text-align: justify;\"><span style=\"color: #ff0000;\">Setembro, 2018<\/span> &#8211; A <span style=\"color: #0000ff;\">JMalucelli Agrom\u00e1quinas,<\/span> atrav\u00e9s da parceria firmada com a <span style=\"color: #0000ff;\"><strong>Case IH<\/strong><\/span> no in\u00edcio do anol, inaugurou oficialmente tr\u00eas lojas no interior do Paran\u00e1.\u00a0 Os eventos de inaugura\u00e7\u00e3o foram altamente prestigiados por clientes e familiares, amigos, autoridades e imprensa da regi\u00e3o, contando tamb\u00e9m com a participa\u00e7\u00e3o especial de representantes do Grupo JMalucelli e Case IH, da JMalucelli Agrom\u00e1quinas e funcion\u00e1rios, satisfeitos com o acolhimento positivo das cidades de Cascavel, Vitorino e Medianeira, onde em localiza\u00e7\u00f5es estrat\u00e9gicas com amplas e modernas instala\u00e7\u00f5es poder\u00e3o servir o cliente.<\/p>\n<p style=\"text-align: justify;\">Em Cascavel, no dia 8 de agosto, o presidente do grupo JMalucelli, Alexandre Malucelli ao lado da diretoria da JMalucelli Agrom\u00e1quinas, Rafael Malucelli e Luiz Henrique Dal Molin Molinari, juntamente com o representante da Case IH, diretor comercial nacional, Paolo Rivoli, deram in\u00edcio aos pronunciamentos deste per\u00edodo de inaugura\u00e7\u00e3o oficial, ressaltando a import\u00e2ncia do munic\u00edpio\u00a0 e regi\u00e3o que acenaram positivamente desde os primeiros passos da implanta\u00e7\u00e3o do projeto da empresa em parceria com a marca. \u00a0Nos dias 15 e 22, eventos igualmente qualificados, representantes da JMalucelli Agrom\u00e1quinas e Case IH tiveram a oportunidade em absorverem o mesmo sucesso ocorrido em Cascavel.<\/p>\n<p style=\"text-align: justify;\">O diretor Rafael Malucelli comenta que <em>satisfatoriamente a responsabilidade cresce a cada dia, o objetivo principal &#8211; al\u00e9m da aprova\u00e7\u00e3o na regi\u00e3o &#8211; \u00e9 deixar o nosso cliente bem inteirado do produto que estamos apresentando, podendo sentir e acreditar que realmente poder\u00e1 contar conosco na realiza\u00e7\u00e3o de um melhor neg\u00f3cio para ambos &#8211; desde a visualiza\u00e7\u00e3o do produto, pr\u00e9 e p\u00f3s-venda<\/em>. Acrescenta o diretor: <em>um diferencial a ser destacado \u00e9 que o JMalucelli \u00e9 o \u00fanico no Brasil a ter concession\u00e1rias nas duas frentes, Case Constru\u00e7\u00e3o e Agr\u00edcola. <\/em><\/p>\n<p style=\"text-align: justify;\">A Case IH coloca a tecnologia ao alcance do homem do campo, oferecendo um sistema completo de produtos e servi\u00e7os capazes de preparar o produtor rural para os desafios do seu dia a dia.<\/p>\n<p><strong>Expointer 2018\u00a0<\/strong><\/p>\n<p><span style=\"color: #993300;\"><strong>A JMalucelli Equipamentos est\u00e1 presente na Expointer 2018 que est\u00e1 sendo realizada em Esteio\/RS<\/strong><\/span><\/p>\n<p style=\"text-align: justify;\">De 25 de agosto a 2 de setembro, no munic\u00edpio ga\u00facho de Esteio, a CASE est\u00e1 participando da Expointer 2018 junto com a Case IH, fabricante de m\u00e1quinas agr\u00edcolas &#8211; que tamb\u00e9m pertence \u00e0 CNH Industrial, e seu concession\u00e1rio para a regi\u00e3o Sul, a JMalucelli Equipamentos. A Expointer \u00e9 a maior feira agropecu\u00e1ria do Rio Grande do Sul e uma das maiores do Brasil, que neste ano chega em sua 41\u00aa. edi\u00e7\u00e3o.<\/p>\n<p style=\"text-align: justify;\">Num dos espa\u00e7os mais bem localizados da feira, no estande da CASE &#8211; dentro do pavilh\u00e3o do Setor de M\u00e1quinas e Implementos Agr\u00edcolas, \u00e1rea 52, a JMalucelli Equipamentos e sua equipe apresentam as melhores m\u00e1quinas e condi\u00e7\u00f5es do mercado. A marca est\u00e1 expondo as p\u00e1s-carregadeiras 621E e W20F, a motoniveladora 865B, a escavadeira hidr\u00e1ulica CX180C e as retroescavadeiras 580N e 580N VC, vers\u00e3o carregadeira.<\/p>\n<p style=\"text-align: justify;\">O gerente da JMalucelli Equipamentos, Jos\u00e9 Claudino, comenta a participa\u00e7\u00e3o na Expointer do ano passado informando que o n\u00famero de pedidos alinhavados durante a feira e concretizados na sequ\u00eancia foi dentro do esperado, sendo que o objetivo para este ano \u00e9 igualar os resultados<em> \u2013<\/em><span style=\"color: #0000ff;\"> \u00e9 uma expectativa de acordo com o agroneg\u00f3cio em alta e, em especial, pelo cultivo da soja no estado<\/span><span style=\"color: #0000ff;\">. O agricultor ga\u00facho j\u00e1 est\u00e1 voltado para a safra 2018\/2019. \u00a0<\/span><\/p>\n<p><strong><span style=\"color: #993300;\">JMalucelli Equipamentos<\/span> \u2013<\/strong>\u00a0Concession\u00e1ria CASE para o Sul do Brasil \u2013\u00a0a empresa est\u00e1 em opera\u00e7\u00e3o desde 1993 firmando-se como destaque em recordes de vendas no Brasil<\/p>\n<p>Maiores detalhe<span style=\"color: #0000ff;\">s<a style=\"color: #0000ff;\" href=\"http:\/\/www.jjmalucelliequipamentos.com.br\"> www.jmalucelliequipamentos.com.br<\/a><\/span><\/p>\n<p style=\"text-align: justify;\"><span style=\"color: #993300;\"><strong>CASE Construction Equipment<\/strong><\/span>\u00a0\u2013 comercializa e d\u00e1 suporte a uma linha completa de equipamentos de constru\u00e7\u00e3o ao redor do mundo, incluindo a primeira retroescavadeira fabricada, escavadeiras hidr\u00e1ulicas, motoniveladoras, p\u00e1s carregadeiras, tratores de esteira e minicarregadeiras.<\/p>\n<p>Mais detalhes em<span style=\"color: #0000ff;\">\u00a0<a style=\"color: #0000ff;\" href=\"http:\/\/www.cnh.com\">www.cnhind.com<\/a><\/span><\/p>\n<p><span style=\"color: #993300;\">Fonte: Imprensa\/JMalucelli Equipamentos\u00a0<\/span><\/p>\n","protected":false},"excerpt":{"rendered":"<p>Setembro, 2018 &#8211; A JMalucelli Agrom\u00e1quinas, atrav\u00e9s da parceria firmada com a Case IH no in\u00edcio do anol, inaugurou oficialmente tr\u00eas lojas no interior do Paran\u00e1.\u00a0 Os eventos de inaugura\u00e7\u00e3o foram altamente prestigiados por clientes e familiares, amigos, autoridades e imprensa da regi\u00e3o, contando tamb\u00e9m com a participa\u00e7\u00e3o especial de representantes do Grupo JMalucelli e [&hellip;]<\/p>\n","protected":false},"author":1,"featured_media":10162,"comment_status":"open","ping_status":"open","sticky":false,"template":"","format":"standard","meta":{"_uag_custom_page_level_css":"","footnotes":""},"categories":[33],"tags":[529,543,1987,1992,4601,13342,5070,13445,6518,13446,13444,13447],"class_list":["post-10161","post","type-post","status-publish","format-standard","has-post-thumbnail","hentry","category-mercado","tag-agricultura","tag-agronegocios","tag-cascavel-pr","tag-case-construcao","tag-esteio-rs","tag-expointer-2018","tag-finame","tag-jmalucelli-abre-lojas-no-interior-do-parana","tag-jmalucelli-equipamentos","tag-setor-agricola-continua-crescendo","tag-vendas-de-maquinas-crescem-no-pais","tag-vendas-de-pecas-e-pos-venda"],"blocksy_meta":[],"spectra_blocks_featured_image_url":{"thumbnail":{"url":"https:\/\/construcaocivil.siriusmarketingedesign.com.br\/wp-content\/uploads\/2018\/09\/CASE-CE-JMALUCELLI-EXPOINTER-2018-150x150.jpg","width":150,"height":150},"medium":{"url":"https:\/\/construcaocivil.siriusmarketingedesign.com.br\/wp-content\/uploads\/2018\/09\/CASE-CE-JMALUCELLI-EXPOINTER-2018-300x169.jpg","width":300,"height":169},"medium_large":{"url":"https:\/\/construcaocivil.siriusmarketingedesign.com.br\/wp-content\/uploads\/2018\/09\/CASE-CE-JMALUCELLI-EXPOINTER-2018-768x432.jpg","width":768,"height":432},"large":{"url":"https:\/\/construcaocivil.siriusmarketingedesign.com.br\/wp-content\/uploads\/2018\/09\/CASE-CE-JMALUCELLI-EXPOINTER-2018-1024x576.jpg","width":1024,"height":576},"full":{"url":"https:\/\/construcaocivil.siriusmarketingedesign.com.br\/wp-content\/uploads\/2018\/09\/CASE-CE-JMALUCELLI-EXPOINTER-2018.jpg","width":1080,"height":607}},"spectra_blocks_author_info":{"display_name":"Jornal da Constru\u00e7\u00e3o Civil","avatar_url":"https:\/\/secure.gravatar.com\/avatar\/973c9774fd44ddaceb026973c4962faa70fc512bc4c9da68e8ebb40fecee6540?s=96&d=mm&r=g","author_link":"https:\/\/construcaocivil.siriusmarketingedesign.com.br\/?author=1","description":"Desde de 2013, levando muitas informa\u00e7\u00f5es, lan\u00e7amentos e produtos de qualidade para toda cadeia produtiva da constru\u00e7\u00e3o. O Futuro da constru\u00e7\u00e3o passa por aqui,"},"uagb_featured_image_src":{"full":["https:\/\/construcaocivil.siriusmarketingedesign.com.br\/wp-content\/uploads\/2018\/09\/CASE-CE-JMALUCELLI-EXPOINTER-2018.jpg",1080,607,false],"thumbnail":["https:\/\/construcaocivil.siriusmarketingedesign.com.br\/wp-content\/uploads\/2018\/09\/CASE-CE-JMALUCELLI-EXPOINTER-2018-150x150.jpg",150,150,true],"medium":["https:\/\/construcaocivil.siriusmarketingedesign.com.br\/wp-content\/uploads\/2018\/09\/CASE-CE-JMALUCELLI-EXPOINTER-2018-300x169.jpg",300,169,true],"medium_large":["https:\/\/construcaocivil.siriusmarketingedesign.com.br\/wp-content\/uploads\/2018\/09\/CASE-CE-JMALUCELLI-EXPOINTER-2018-768x432.jpg",768,432,true],"large":["https:\/\/construcaocivil.siriusmarketingedesign.com.br\/wp-content\/uploads\/2018\/09\/CASE-CE-JMALUCELLI-EXPOINTER-2018-1024x576.jpg",1024,576,true],"1536x1536":["https:\/\/construcaocivil.siriusmarketingedesign.com.br\/wp-content\/uploads\/2018\/09\/CASE-CE-JMALUCELLI-EXPOINTER-2018.jpg",1080,607,false],"2048x2048":["https:\/\/construcaocivil.siriusmarketingedesign.com.br\/wp-content\/uploads\/2018\/09\/CASE-CE-JMALUCELLI-EXPOINTER-2018.jpg",1080,607,false]},"uagb_author_info":{"display_name":"Jornal da Constru\u00e7\u00e3o Civil","author_link":"https:\/\/construcaocivil.siriusmarketingedesign.com.br\/?author=1"},"uagb_comment_info":0,"uagb_excerpt":"Setembro, 2018 &#8211; A JMalucelli Agrom\u00e1quinas, atrav\u00e9s da parceria firmada com a Case IH no in\u00edcio do anol, inaugurou oficialmente tr\u00eas lojas no interior do Paran\u00e1.\u00a0 Os eventos de inaugura\u00e7\u00e3o foram altamente prestigiados por clientes e familiares, amigos, autoridades e imprensa da regi\u00e3o, contando tamb\u00e9m com a participa\u00e7\u00e3o especial de representantes do Grupo JMalucelli e&hellip;","_links":{"self":[{"href":"https:\/\/construcaocivil.siriusmarketingedesign.com.br\/index.php?rest_route=\/wp\/v2\/posts\/10161","targetHints":{"allow":["GET"]}}],"collection":[{"href":"https:\/\/construcaocivil.siriusmarketingedesign.com.br\/index.php?rest_route=\/wp\/v2\/posts"}],"about":[{"href":"https:\/\/construcaocivil.siriusmarketingedesign.com.br\/index.php?rest_route=\/wp\/v2\/types\/post"}],"author":[{"embeddable":true,"href":"https:\/\/construcaocivil.siriusmarketingedesign.com.br\/index.php?rest_route=\/wp\/v2\/users\/1"}],"replies":[{"embeddable":true,"href":"https:\/\/construcaocivil.siriusmarketingedesign.com.br\/index.php?rest_route=%2Fwp%2Fv2%2Fcomments&post=10161"}],"version-history":[{"count":0,"href":"https:\/\/construcaocivil.siriusmarketingedesign.com.br\/index.php?rest_route=\/wp\/v2\/posts\/10161\/revisions"}],"wp:featuredmedia":[{"embeddable":true,"href":"https:\/\/construcaocivil.siriusmarketingedesign.com.br\/index.php?rest_route=\/wp\/v2\/media\/10162"}],"wp:attachment":[{"href":"https:\/\/construcaocivil.siriusmarketingedesign.com.br\/index.php?rest_route=%2Fwp%2Fv2%2Fmedia&parent=10161"}],"wp:term":[{"taxonomy":"category","embeddable":true,"href":"https:\/\/construcaocivil.siriusmarketingedesign.com.br\/index.php?rest_route=%2Fwp%2Fv2%2Fcategories&post=10161"},{"taxonomy":"post_tag","embeddable":true,"href":"https:\/\/construcaocivil.siriusmarketingedesign.com.br\/index.php?rest_route=%2Fwp%2Fv2%2Ftags&post=10161"}],"curies":[{"name":"wp","href":"https:\/\/api.w.org\/{rel}","templated":true}]}}