{"id":10168,"date":"2018-09-03T23:37:24","date_gmt":"2018-09-04T02:37:24","guid":{"rendered":"http:\/\/www.jornaldaconstrucaocivil.com.br\/?p=10168"},"modified":"2018-09-03T23:46:06","modified_gmt":"2018-09-04T02:46:06","slug":"tragedia-do-museu-nacional-arquitetos-pedem-um-basta-e-propoem-fundo-de-apoio-para-patrimonio","status":"publish","type":"post","link":"https:\/\/construcaocivil.siriusmarketingedesign.com.br\/?p=10168","title":{"rendered":"Trag\u00e9dia do Museu Nacional: arquitetos pedem um &#8220;basta&#8221; e prop\u00f5em fundo de apoio para Patrim\u00f4nio"},"content":{"rendered":"<p style=\"text-align: justify;\"><span style=\"color: #993300;\"><em><span style=\"color: #000000;\">Setembro, 2018<\/span> &#8211; \u201cA destrui\u00e7\u00e3o o Museu Nacional da Quinta da Boa Vista, no Rio de Janeiro, n\u00e3o pode passar em branco. Essa trag\u00e9dia deve servir como um grito de basta contra o abandono, neglig\u00eancia e destrui\u00e7\u00e3o da mem\u00f3ria nacional\u201d<\/em><\/span>, afirma em nota oficial o Conselho de Arquitetura e Urbanismo do Brasil.<\/p>\n<p style=\"text-align: justify;\">\u201cO basta! deve vir de toda sociedade. Dos estudantes ao Presidente da Rep\u00fablica\u201d, conclama o CAU\/BR, acrescentando que \u201cos valores que nos identificam como sociedade n\u00e3o podem virar cinzas como o Museu Nacional\u201d.<\/p>\n<p style=\"text-align: justify;\">O Conselho recomenda a elabora\u00e7\u00e3o urgente de um plano plurianual nacional, vinculado a um fundo pr\u00f3prio, que privilegie a elimina\u00e7\u00e3o de riscos de inc\u00eandios, desabamentos e alagamentos, garantindo o funcionamento e o usufruto p\u00fablico do Patrim\u00f4nio.<\/p>\n<p style=\"text-align: justify;\">No mesmo sentido, o Instituto de Arquitetos do Brasil (IAB) sugeriu a cria\u00e7\u00e3o de um fundo permanente que garanta a manuten\u00e7\u00e3o dos museus nacionais e a preserva\u00e7\u00e3o do nosso patrim\u00f4nio cultural, a ser gerido pelo Instituto do Patrim\u00f4nio Hist\u00f3rico e Art\u00edstico Nacional (Iphan) e Instituto Brasileiro de Museus (IBRAM). Ambas entidades divulgaram recentemente \u201cCarta-Aberta aos Candidatos nas Elei\u00e7\u00f5es de 2018\u201d tratando das quest\u00f5es urbanas do pa\u00eds, inclusive a preserva\u00e7\u00e3o e valoriza\u00e7\u00e3o do Patrim\u00f4nio nacional.<\/p>\n<p align=\"center\"><span style=\"color: #0000ff;\"><strong>Nota do Conselho de Arquitetura e Urbanismo do Brasil<\/strong><\/span><\/p>\n<p align=\"center\"><span style=\"color: #0000ff;\"><strong>sobre a trag\u00e9dia do Museu Nacional<\/strong><\/span><\/p>\n<p><span style=\"color: #993300;\"><strong><em>\u201cBasta!<\/em><\/strong><\/span><\/p>\n<p><em>A destrui\u00e7\u00e3o o Museu Nacional da Quinta da Boa Vista, no Rio de Janeiro, n\u00e3o pode passar em branco. Essa trag\u00e9dia deve servir como um grito de basta contra o abandono, neglig\u00eancia e destrui\u00e7\u00e3o da mem\u00f3ria nacional. A realidade, lamentavelmente, \u00e9 que a situa\u00e7\u00e3o do Museu Nacional n\u00e3o \u00e9 \u00fanica. Outras trag\u00e9dias iguais podem ocorrer.\u00a0<\/em><\/p>\n<p>&nbsp;<\/p>\n<p><em>Os valores que nos identificam como sociedade n\u00e3o podem virar cinzas como o Museu Nacional. Conclamamos o Estado, os arquitetos e urbanistas, as universidades, os intelectuais, as entidades de classe, enfim, a sociedade brasileira a se mobilizar.\u00a0<\/em><\/p>\n<p>&nbsp;<\/p>\n<p style=\"text-align: justify;\"><span style=\"color: #993300;\"><strong><em>O basta! deve vir de toda sociedade. Dos estudantes ao Presidente da Rep\u00fablica.<\/em><\/strong><\/span><\/p>\n<p style=\"text-align: justify;\"><span style=\"color: #993300;\"><em>De imediato \u00e9 necess\u00e1rio levantar outros bens em perigo \u2013 inclusive cidades hist\u00f3ricas &#8211; \u00a0e prover meios para sua recupera\u00e7\u00e3o e manuten\u00e7\u00e3o. Nesse sentido \u00e9 preciso agir em duas frentes: recursos financeiros e humanos.<\/em><\/span><\/p>\n<p style=\"text-align: justify;\"><span style=\"color: #993300;\"><em>Os recursos do Tesouro e financiamentos p\u00fablicos e privados existentes para o setor cultural, frutos de leis de incentivo, s\u00e3o insuficientes, as prioridades raramente incluem o Patrim\u00f4nio e n\u00e3o passam de a\u00e7\u00f5es pontuais. \u00c9 preciso avan\u00e7ar, elaborando um plano plurianual nacional, vinculado a um fundo pr\u00f3prio, que privilegie a elimina\u00e7\u00e3o de riscos de inc\u00eandios, desabamentos e alagamentos, garantindo o funcionamento e o usufruto p\u00fablico do Patrim\u00f4nio.<\/em><\/span><\/p>\n<p style=\"text-align: justify;\"><span style=\"color: #993300;\"><em>S\u00e3o necess\u00e1rios tamb\u00e9m profissionais capacitados. H\u00e1 anos assistimos, por exemplo, o definhamento do quadro t\u00e9cnico de \u00f3rg\u00e3os como o IPHAN (Instituto do Patrim\u00f4nio Hist\u00f3rico e Art\u00edstico Nacional), quest\u00e3o apenas recentemente encaminhada.<\/em><\/span><\/p>\n<p style=\"text-align: justify;\"><span style=\"color: #993300;\"><em>Cumprindo o compromisso hist\u00f3rico dos arquitetos e urbanistas com a preserva\u00e7\u00e3o do Patrim\u00f4nio, em \u201cCarta Aberta dos Arquitetos e Urbanistas aos Candidatos nas Elei\u00e7\u00f5es de 2018\u201d, divulgada em julho, o Conselho de Arquitetura e Urbanismo do Brasil (CAU\/BR) e o Instituto de Arquitetos do Brasil (IAB) apresentaram propostas que, a m\u00e9dio prazo, garantiriam a sustentabilidade da pol\u00edtica p\u00fablica para o setor.<\/em><\/span><\/p>\n<p style=\"text-align: justify;\"><span style=\"color: #993300;\"><strong><em>Todos estamos indignados, todos devemos colaborar&#8221;.\u00a0 CAU\/BR<\/em><\/strong><\/span><\/p>\n<p>Fonte: Imprensa\/CAU-BR<\/p>\n<p style=\"text-align: justify;\">\n","protected":false},"excerpt":{"rendered":"<p>Setembro, 2018 &#8211; \u201cA destrui\u00e7\u00e3o o Museu Nacional da Quinta da Boa Vista, no Rio de Janeiro, n\u00e3o pode passar em branco. Essa trag\u00e9dia deve servir como um grito de basta contra o abandono, neglig\u00eancia e destrui\u00e7\u00e3o da mem\u00f3ria nacional\u201d, afirma em nota oficial o Conselho de Arquitetura e Urbanismo do Brasil. \u201cO basta! deve [&hellip;]<\/p>\n","protected":false},"author":1,"featured_media":10169,"comment_status":"open","ping_status":"open","sticky":false,"template":"","format":"standard","meta":{"_uag_custom_page_level_css":"","footnotes":""},"categories":[27],"tags":[13463,13460,1464,2015,2775,13462,6213,6391,13464,13461,13465,13466,10375,13459],"class_list":["post-10168","post","type-post","status-publish","format-standard","has-post-thumbnail","hentry","category-acontece","tag-acervos-e-identidades-culturais","tag-arquitetos-brasileiros-dizem-basta","tag-bndes","tag-cau-br","tag-conselho-de-arquitetura-e-urbanismo-do-brasil","tag-fogo-destroi-museu-nacional","tag-instituto-de-arquitetos-do-brasil-iab","tag-iphan","tag-patrimonio-e-acervo-s-mn","tag-preservacao-dos-acervos-do-brasil","tag-recursos-do-tesouro-para-preservar-museus","tag-restaurar-e-preservar-museus","tag-rio-de-janeiro","tag-tragedia-do-museu-nacional"],"blocksy_meta":[],"spectra_blocks_featured_image_url":{"thumbnail":{"url":"https:\/\/construcaocivil.siriusmarketingedesign.com.br\/wp-content\/uploads\/2018\/09\/FOGO-MN-150x150.jpg","width":150,"height":150},"medium":{"url":"https:\/\/construcaocivil.siriusmarketingedesign.com.br\/wp-content\/uploads\/2018\/09\/FOGO-MN-300x180.jpg","width":300,"height":180},"medium_large":{"url":"https:\/\/construcaocivil.siriusmarketingedesign.com.br\/wp-content\/uploads\/2018\/09\/FOGO-MN.jpg","width":699,"height":420},"large":{"url":"https:\/\/construcaocivil.siriusmarketingedesign.com.br\/wp-content\/uploads\/2018\/09\/FOGO-MN.jpg","width":699,"height":420},"full":{"url":"https:\/\/construcaocivil.siriusmarketingedesign.com.br\/wp-content\/uploads\/2018\/09\/FOGO-MN.jpg","width":699,"height":420}},"spectra_blocks_author_info":{"display_name":"Jornal da Constru\u00e7\u00e3o Civil","avatar_url":"https:\/\/secure.gravatar.com\/avatar\/973c9774fd44ddaceb026973c4962faa70fc512bc4c9da68e8ebb40fecee6540?s=96&d=mm&r=g","author_link":"https:\/\/construcaocivil.siriusmarketingedesign.com.br\/?author=1","description":"Desde de 2013, levando muitas informa\u00e7\u00f5es, lan\u00e7amentos e produtos de qualidade para toda cadeia produtiva da constru\u00e7\u00e3o. O Futuro da constru\u00e7\u00e3o passa por aqui,"},"uagb_featured_image_src":{"full":["https:\/\/construcaocivil.siriusmarketingedesign.com.br\/wp-content\/uploads\/2018\/09\/FOGO-MN.jpg",699,420,false],"thumbnail":["https:\/\/construcaocivil.siriusmarketingedesign.com.br\/wp-content\/uploads\/2018\/09\/FOGO-MN-150x150.jpg",150,150,true],"medium":["https:\/\/construcaocivil.siriusmarketingedesign.com.br\/wp-content\/uploads\/2018\/09\/FOGO-MN-300x180.jpg",300,180,true],"medium_large":["https:\/\/construcaocivil.siriusmarketingedesign.com.br\/wp-content\/uploads\/2018\/09\/FOGO-MN.jpg",699,420,false],"large":["https:\/\/construcaocivil.siriusmarketingedesign.com.br\/wp-content\/uploads\/2018\/09\/FOGO-MN.jpg",699,420,false],"1536x1536":["https:\/\/construcaocivil.siriusmarketingedesign.com.br\/wp-content\/uploads\/2018\/09\/FOGO-MN.jpg",699,420,false],"2048x2048":["https:\/\/construcaocivil.siriusmarketingedesign.com.br\/wp-content\/uploads\/2018\/09\/FOGO-MN.jpg",699,420,false]},"uagb_author_info":{"display_name":"Jornal da Constru\u00e7\u00e3o Civil","author_link":"https:\/\/construcaocivil.siriusmarketingedesign.com.br\/?author=1"},"uagb_comment_info":0,"uagb_excerpt":"Setembro, 2018 &#8211; \u201cA destrui\u00e7\u00e3o o Museu Nacional da Quinta da Boa Vista, no Rio de Janeiro, n\u00e3o pode passar em branco. Essa trag\u00e9dia deve servir como um grito de basta contra o abandono, neglig\u00eancia e destrui\u00e7\u00e3o da mem\u00f3ria nacional\u201d, afirma em nota oficial o Conselho de Arquitetura e Urbanismo do Brasil. \u201cO basta! deve&hellip;","_links":{"self":[{"href":"https:\/\/construcaocivil.siriusmarketingedesign.com.br\/index.php?rest_route=\/wp\/v2\/posts\/10168","targetHints":{"allow":["GET"]}}],"collection":[{"href":"https:\/\/construcaocivil.siriusmarketingedesign.com.br\/index.php?rest_route=\/wp\/v2\/posts"}],"about":[{"href":"https:\/\/construcaocivil.siriusmarketingedesign.com.br\/index.php?rest_route=\/wp\/v2\/types\/post"}],"author":[{"embeddable":true,"href":"https:\/\/construcaocivil.siriusmarketingedesign.com.br\/index.php?rest_route=\/wp\/v2\/users\/1"}],"replies":[{"embeddable":true,"href":"https:\/\/construcaocivil.siriusmarketingedesign.com.br\/index.php?rest_route=%2Fwp%2Fv2%2Fcomments&post=10168"}],"version-history":[{"count":0,"href":"https:\/\/construcaocivil.siriusmarketingedesign.com.br\/index.php?rest_route=\/wp\/v2\/posts\/10168\/revisions"}],"wp:featuredmedia":[{"embeddable":true,"href":"https:\/\/construcaocivil.siriusmarketingedesign.com.br\/index.php?rest_route=\/wp\/v2\/media\/10169"}],"wp:attachment":[{"href":"https:\/\/construcaocivil.siriusmarketingedesign.com.br\/index.php?rest_route=%2Fwp%2Fv2%2Fmedia&parent=10168"}],"wp:term":[{"taxonomy":"category","embeddable":true,"href":"https:\/\/construcaocivil.siriusmarketingedesign.com.br\/index.php?rest_route=%2Fwp%2Fv2%2Fcategories&post=10168"},{"taxonomy":"post_tag","embeddable":true,"href":"https:\/\/construcaocivil.siriusmarketingedesign.com.br\/index.php?rest_route=%2Fwp%2Fv2%2Ftags&post=10168"}],"curies":[{"name":"wp","href":"https:\/\/api.w.org\/{rel}","templated":true}]}}