{"id":1017,"date":"2016-03-08T16:27:06","date_gmt":"2016-03-08T16:27:06","guid":{"rendered":"http:\/\/www.jornaldaconstrucaocivil.com.br\/?p=1017"},"modified":"2016-03-08T16:27:06","modified_gmt":"2016-03-08T16:27:06","slug":"inovacao-tecnologica-e-energias-renovaveis-devem-alterar-os-rumos-da-distribuicao-de-energia-no-brasil","status":"publish","type":"post","link":"https:\/\/construcaocivil.siriusmarketingedesign.com.br\/?p=1017","title":{"rendered":"Inova\u00e7\u00e3o tecnol\u00f3gica e energias renov\u00e1veis devem alterar os rumos da distribui\u00e7\u00e3o de energia no Brasil"},"content":{"rendered":"<p><span style=\"color: #000080;\"><strong><em>Com as novas regras da Aneel, em vigor a partir de mar\u00e7o, estima-se que at\u00e9 2024 cerca de 1,2 milh\u00e3o de resid\u00eancias contem com energia produzida pelo sistema de gera\u00e7\u00e3o distribu\u00edda<\/em><\/strong><\/span><\/p>\n<p><span style=\"color: #000080;\"><em>L\u00edder mundial em efici\u00eancia e\u00f3lica, pa\u00eds deve investir em pesquisas em armazenamento de energia, gera\u00e7\u00e3o distribu\u00edda e Smart Grid para consolidar efici\u00eancia energ\u00e9tica<\/em><\/span><\/p>\n<p><span style=\"color: #000000;\">A expans\u00e3o das energias renov\u00e1veis pelo mundo representa uma nova era no setor energ\u00e9tico, mas tamb\u00e9m apresenta novos desafios para a ind\u00fastria tecnol\u00f3gica. A integra\u00e7\u00e3o das energias renov\u00e1veis n\u00e3o convencionais nos parques geradores \u2013 as fontes intermitentes, como solar e e\u00f3lica -, seu armazenamento e distribui\u00e7\u00e3o em <em>smart grids<\/em> s\u00e3o alguns dos exemplos que podem impactar significativamente a produ\u00e7\u00e3o, distribui\u00e7\u00e3o e o consumo da energia no pa\u00eds.<\/span><\/p>\n<p><span style=\"color: #000000;\">Pelo menos \u00e9 o que acredita o presidente da Associa\u00e7\u00e3o Brasileira de Distribuidores de Energia El\u00e9trica (Abradee), Nelson Fonseca Leite. Para ele, o armazenamento de energia representar\u00e1 uma ruptura tecnol\u00f3gica que significar\u00e1 uma distribui\u00e7\u00e3o completamente diferente da forma como temos hoje no Brasil. \u201cEmbora o pa\u00eds tenha perpassado por uma crise hidrol\u00f3gica que afetou o setor el\u00e9trico, tamb\u00e9m vivenciou um grande investimento em energias renov\u00e1veis, que vai desempenhar um importante papel nos pr\u00f3ximos anos. Mas para isso ser\u00e1 necess\u00e1rio estar em sintonia com essas novas tecnologias\u201d. Segundo Leite, a tecnologia de armazenamento dessas energias ser\u00e1 a maior fronteira e, portanto, tamb\u00e9m a maior oportunidade.<\/span><\/p>\n<p><span style=\"color: #000000;\">Pesquisas mais avan\u00e7adas j\u00e1 s\u00e3o realizadas no Jap\u00e3o, na China e em pa\u00edses da Europa, como o armazenamento em larga escala em baterias de s\u00f3dio e a microgera\u00e7\u00e3o fotovoltaica (pain\u00e9is solares). O Brasil, embora seja incipiente neste ramo, \u00e9 o pa\u00eds que est\u00e1 mais avan\u00e7ado na Am\u00e9rica do Sul, e ainda precisa ajustar quest\u00f5es regulat\u00f3rias para liderar a produ\u00e7\u00e3o e uso dessa tecnologia, bem como usufruir dos benef\u00edcios da integra\u00e7\u00e3o das energias renov\u00e1veis de forma eficiente e segura em sua matriz energ\u00e9tica.<\/span><\/p>\n<p><span style=\"color: #000000;\">De acordo com Leite, o momento \u00e9 oportuno para que governo, empresas e associa\u00e7\u00f5es comecem a repensar os moldes do setor, investimentos, tecnologias e, principalmente, um plano para implanta\u00e7\u00e3o das redes inteligentes em larga escala no Brasil. \u201cOs sistemas de redes inteligentes ser\u00e3o inevit\u00e1veis, portanto deve ser prioridade para o setor el\u00e9trico brasileiro, principalmente porque vai alterar totalmente o planejamento energ\u00e9tico do pa\u00eds\u201d, explica.<\/span><\/p>\n<p><span style=\"color: #000000;\">Atualmente, a seguran\u00e7a energ\u00e9tica centra-se basicamente nas distribuidoras, que s\u00e3o obrigadas a contratar 100% da sua carga com cinco anos de anteced\u00eancia. No novo cen\u00e1rio, o planejamento \u00e9 mais complexo e menos assertivo, pois passa a considerar uma s\u00e9rie de incertezas antes desconsideradas. Al\u00e9m disso, permite que sejam realizados ajustes ao longo do tempo, fundamental para potencializar o funcionamento de um sistema robusto como \u00e9 o caso do Sistema Interligado Nacional (SIN). O resultado seria um sistema integrado que permitiria aproveitar os excedentes e complementaridades hidrol\u00f3gicas existentes. \u201cPara tanto precisamos de uma rede interligada de sensores e certa intelig\u00eancia na opera\u00e7\u00e3o desse sistema para sua otimiza\u00e7\u00e3o, que incluiria tamb\u00e9m ajustes no modelo regulat\u00f3rio para aplica\u00e7\u00e3o em larga escala\u201d, conclui Leite.<\/span><\/p>\n<p><span style=\"color: #000000;\"><strong>REDES INTELIGENTES E EFICI\u00caNCIA ENERG\u00c9TICA BRASILEIRA<\/strong><\/span><\/p>\n<p><span style=\"color: #000000;\">O sistema <em>smart grid<\/em> (ou rede inteligente) consiste na instala\u00e7\u00e3o de sensores ao longo das redes, integrados por meio de equipamentos de telecomunica\u00e7\u00e3o e TI, programados para tomar decis\u00f5es e se auto reconfigurar automaticamente (<em>Self-Healing<\/em>), podendo controlar tamb\u00e9m a microgera\u00e7\u00e3o distribu\u00edda nos momentos em que n\u00e3o h\u00e1 disponibilidade da fonte intermitente, aumentando a confiabilidade \u00e0s redes.<\/span><\/p>\n<p><span style=\"color: #000000;\">Neste cen\u00e1rio, os consumidores tornam-se tamb\u00e9m produtores de energia (<em>prosumidor<\/em>) e a rede torna-se bidirecional. \u201cAssim, o consumidor participa da gera\u00e7\u00e3o e tem total controle da energia consumida, pois pode ter informa\u00e7\u00f5es online do cen\u00e1rio e tomar decis\u00f5es sobre seu consumo de acordo com as altera\u00e7\u00f5es no perfil da gera\u00e7\u00e3o de energia ou no pre\u00e7o\u201d, explica o Gerente Geral do Bracier, Eduardo Veiga.<\/span><\/p>\n<p><span style=\"color: #000000;\">A energia solar fotovoltaica cresceu quase 30% no mundo no \u00faltimo ano, sendo que no Brasil maior crescimento ser\u00e1 notado com a gera\u00e7\u00e3o distribu\u00edda. Nesse sentido, o Minist\u00e9rio de Minas e Energia lan\u00e7ou o Programa de Gera\u00e7\u00e3o Distribu\u00edda de Energia El\u00e9trica (ProGD), incentivando a gera\u00e7\u00e3o de energia pelos pr\u00f3prios consumidores (residencial, comercial, industrial e rural) com base em fontes renov\u00e1veis, em especial a fotovoltaica; h\u00e1 potencial para a instala\u00e7\u00e3o de 23,5GW at\u00e9 2030.<\/span><\/p>\n<p><span style=\"color: #000000;\">Hoje, o Brasil tamb\u00e9m lidera o ranking mundial de efici\u00eancia em energia e\u00f3lica, com um fator de capacidade de 37%, uma vez e meia o indicador mundial. Este \u00edndice poder\u00e1 aumentar com os resultados dos empreendimentos iniciados em 2015, que colocam o pa\u00eds em 4\u00ba no ranking mundial de expans\u00e3o de pot\u00eancia em energia e\u00f3lica. Em um horizonte de oito anos, com a expans\u00e3o dos parques e\u00f3licos, a previs\u00e3o \u00e9 que a fonte represente 11% da matriz el\u00e9trica brasileira. Segundo o Plano Decenal de Energia (PDE 2024), a participa\u00e7\u00e3o das fontes de energia renov\u00e1veis na matriz pode representar 83,8% at\u00e9 2024. Os dados s\u00e3o do boletim<em>Energia E\u00f3lica no Brasil e Mundo &#8211; ano de refer\u00eancia 2014<\/em>, produzido pelo MME.<\/span><\/p>\n<p><span style=\"color: #000000;\"><strong>SOBRE O BRACIER:<\/strong><\/span><\/p>\n<p><span style=\"color: #000000;\">O BRACIER <span style=\"color: #000080;\">(<a style=\"color: #000080;\" href=\"http:\/\/emm.to\/c\/?6461.466.860451.0.1.7264.9.213138039.0.10.6045.0.162322.0.2.e5101\">Comit\u00ea Brasileiro da CIER<\/a><\/span>) \u00e9 uma entidade n\u00e3o governamental, sem fins lucrativos, que congrega atualmente 40 empresas e entidades do Setor El\u00e9trico Brasileiro. \u00c9 o representante no Brasil da Comiss\u00e3o de Integra\u00e7\u00e3o Energ\u00e9tica Regional \u2013 CIER, que busca a integra\u00e7\u00e3o energ\u00e9tica na regi\u00e3o da Am\u00e9rica do Sul, Central e Caribe, sendo composta por 10 Comit\u00eas Nacionais estabelecidos na Argentina, Bol\u00edvia, Brasil, Chile, Col\u00f4mbia, Equador, Paraguai, Peru, Uruguai e Venezuela, e um Comit\u00ea Regional que re\u00fane empresas da Costa Rica, El Salvador, Guatemala, Nicar\u00e1gua, Panam\u00e1 e Rep\u00fablica Dominicana.<\/span><\/p>\n<p>&nbsp;<\/p>\n","protected":false},"excerpt":{"rendered":"<p>Com as novas regras da Aneel, em vigor a partir de mar\u00e7o, estima-se que at\u00e9 2024 cerca de 1,2 milh\u00e3o de resid\u00eancias contem com energia produzida pelo sistema de gera\u00e7\u00e3o distribu\u00edda L\u00edder mundial em efici\u00eancia e\u00f3lica, pa\u00eds deve investir em pesquisas em armazenamento de energia, gera\u00e7\u00e3o distribu\u00edda e Smart Grid para consolidar efici\u00eancia energ\u00e9tica A [&hellip;]<\/p>\n","protected":false},"author":1,"featured_media":0,"comment_status":"open","ping_status":"open","sticky":false,"template":"","format":"quote","meta":{"_uag_custom_page_level_css":"","footnotes":""},"categories":[29],"tags":[127,337,1523,3986,5433,7767,9375,10003],"class_list":["post-1017","post","type-post","status-publish","format-quote","hentry","category-energia","tag-127","tag-abradee","tag-bracier","tag-eficiencia-energetica","tag-gerente-geral-eduardo-veiga","tag-mme","tag-presidente-nelson-fonseca-leite","tag-redes-inteligentes","post_format-post-format-quote"],"blocksy_meta":[],"spectra_blocks_featured_image_url":null,"spectra_blocks_author_info":{"display_name":"Jornal da Constru\u00e7\u00e3o Civil","avatar_url":"https:\/\/secure.gravatar.com\/avatar\/973c9774fd44ddaceb026973c4962faa70fc512bc4c9da68e8ebb40fecee6540?s=96&d=mm&r=g","author_link":"https:\/\/construcaocivil.siriusmarketingedesign.com.br\/?author=1","description":"Desde de 2013, levando muitas informa\u00e7\u00f5es, lan\u00e7amentos e produtos de qualidade para toda cadeia produtiva da constru\u00e7\u00e3o. O Futuro da constru\u00e7\u00e3o passa por aqui,"},"uagb_featured_image_src":{"full":false,"thumbnail":false,"medium":false,"medium_large":false,"large":false,"1536x1536":false,"2048x2048":false},"uagb_author_info":{"display_name":"Jornal da Constru\u00e7\u00e3o Civil","author_link":"https:\/\/construcaocivil.siriusmarketingedesign.com.br\/?author=1"},"uagb_comment_info":0,"uagb_excerpt":"Com as novas regras da Aneel, em vigor a partir de mar\u00e7o, estima-se que at\u00e9 2024 cerca de 1,2 milh\u00e3o de resid\u00eancias contem com energia produzida pelo sistema de gera\u00e7\u00e3o distribu\u00edda L\u00edder mundial em efici\u00eancia e\u00f3lica, pa\u00eds deve investir em pesquisas em armazenamento de energia, gera\u00e7\u00e3o distribu\u00edda e Smart Grid para consolidar efici\u00eancia energ\u00e9tica A&hellip;","_links":{"self":[{"href":"https:\/\/construcaocivil.siriusmarketingedesign.com.br\/index.php?rest_route=\/wp\/v2\/posts\/1017","targetHints":{"allow":["GET"]}}],"collection":[{"href":"https:\/\/construcaocivil.siriusmarketingedesign.com.br\/index.php?rest_route=\/wp\/v2\/posts"}],"about":[{"href":"https:\/\/construcaocivil.siriusmarketingedesign.com.br\/index.php?rest_route=\/wp\/v2\/types\/post"}],"author":[{"embeddable":true,"href":"https:\/\/construcaocivil.siriusmarketingedesign.com.br\/index.php?rest_route=\/wp\/v2\/users\/1"}],"replies":[{"embeddable":true,"href":"https:\/\/construcaocivil.siriusmarketingedesign.com.br\/index.php?rest_route=%2Fwp%2Fv2%2Fcomments&post=1017"}],"version-history":[{"count":0,"href":"https:\/\/construcaocivil.siriusmarketingedesign.com.br\/index.php?rest_route=\/wp\/v2\/posts\/1017\/revisions"}],"wp:attachment":[{"href":"https:\/\/construcaocivil.siriusmarketingedesign.com.br\/index.php?rest_route=%2Fwp%2Fv2%2Fmedia&parent=1017"}],"wp:term":[{"taxonomy":"category","embeddable":true,"href":"https:\/\/construcaocivil.siriusmarketingedesign.com.br\/index.php?rest_route=%2Fwp%2Fv2%2Fcategories&post=1017"},{"taxonomy":"post_tag","embeddable":true,"href":"https:\/\/construcaocivil.siriusmarketingedesign.com.br\/index.php?rest_route=%2Fwp%2Fv2%2Ftags&post=1017"}],"curies":[{"name":"wp","href":"https:\/\/api.w.org\/{rel}","templated":true}]}}