{"id":10179,"date":"2018-09-04T14:18:03","date_gmt":"2018-09-04T17:18:03","guid":{"rendered":"http:\/\/www.jornaldaconstrucaocivil.com.br\/?p=10179"},"modified":"2018-09-04T14:18:03","modified_gmt":"2018-09-04T17:18:03","slug":"cba-marca-presenca-na-7a-expoaluminio","status":"publish","type":"post","link":"https:\/\/construcaocivil.siriusmarketingedesign.com.br\/?p=10179","title":{"rendered":"CBA marca presen\u00e7a na 7\u00aa ExpoAlum\u00ednio"},"content":{"rendered":"<p style=\"font-weight: 400; text-align: justify;\"><strong>Setembro, 2018<\/strong>\u00a0\u2013 A CBA (Companhia Brasileira de Alum\u00ednio) marca presen\u00e7a na 7\u00aa edi\u00e7\u00e3o da ExpoAlum\u00ednio como patrocinadora e expositora. A ExpoAlum\u00ednio acontece de 3 a 5 de setembro, em S\u00e3o Paulo, e \u00e9 considerada o principal evento do setor de alum\u00ednio da Am\u00e9rica Latina.<\/p>\n<p style=\"font-weight: 400; text-align: justify;\"><span style=\"color: #333399;\"><em>\u201cNos \u00faltimos tr\u00eas anos, a CBA vem passando por um movimento importante de transforma\u00e7\u00e3o, que denominamos de <span style=\"color: #ff6600;\">CBA do Futuro<\/span>. Definimos e implementamos a nossa nova estrat\u00e9gia de neg\u00f3cio, saindo de um\u00a0mindset\u00a0de produtor de alum\u00ednio para provedor de solu\u00e7\u00f5es e servi\u00e7os, por meio da co-cria\u00e7\u00e3o com os nossos clientes e parceiros; al\u00e9m de dividir a atua\u00e7\u00e3o da Companhia em tr\u00eas neg\u00f3cios diferentes: Energia, Prim\u00e1rios e Transformados. Tamb\u00e9m fizemos o spin-off da Nexa (antiga Votorantim Metais), nos tornando uma empresa aut\u00f4noma com o seu pr\u00f3prio Conselho de Administra\u00e7\u00e3o no portf\u00f3lio da Votorantim e temos investido fortemente na evolu\u00e7\u00e3o da nossa cultura organizacional. Tudo isso culminou no desenvolvimento e no lan\u00e7amento da nova Marca da CBA. Assim, a nossa participa\u00e7\u00e3o na ExpoAlum\u00ednio vem coroar todas essas iniciativas e consolidar o nosso reposicionamento no mercado\u201d<\/em><\/span>, comenta Ricardo Carvalho, CEO da CBA.<\/p>\n<p style=\"font-weight: 400; text-align: justify;\">Recentemente, a Companhia\u00a0apresentou sua nova marca, redesenhada a partir do seu atual posicionamento de mercado, refletindo a transforma\u00e7\u00e3o da CBA. Todo conceito da nova marca da CBA poder\u00e1 ser conferido no estande da Empresa, que apresenta est\u00e9tica moderna e diferenciada.<\/p>\n<p style=\"font-weight: 400; text-align: justify;\">Neste ano, a ExpoAlum\u00ednio ser\u00e1 realizada simultaneamente ao\u00a0<em>Congresso e Mostra Internacional SAE<\/em>, que apresentar\u00e1 as novas tecnologias do setor de mobilidade. A CBA, que vem trabalhando para intensificar ainda mais o uso do alum\u00ednio no mercado automotivo brasileiro, tamb\u00e9m patrocina o evento.<\/p>\n<p style=\"font-weight: 400;\"><span style=\"color: #ff0000;\"><strong>Trabalhos t\u00e9cnicos<\/strong><\/span><\/p>\n<p style=\"font-weight: 400;\">Nesta edi\u00e7\u00e3o do Congresso da ExpoAlum\u00ednio, a CBA ir\u00e1 apresentar 13 trabalhos t\u00e9cnicos, voltados para solu\u00e7\u00f5es em corros\u00e3o, propriedades el\u00e9tricas, processamento termomec\u00e2nico, transportadores de correia, alum\u00ednio no mercado automotivo, evolu\u00e7\u00e3o das \u00e1reas p\u00f3s-mineradas e reabilitadas, aumento de produtividade e simula\u00e7\u00e3o de processos na refinaria de alumina, entre outros. (Veja mais em<span style=\"color: #0000ff;\">\u00a0<a style=\"color: #0000ff;\" href=\"http:\/\/www.expoaluminio.com.br\/O-Congresso\/Programacao\/\">http:\/\/www.expoaluminio.com.br\/O-Congresso\/Programacao\/<\/a><\/span>\u00a0)<\/p>\n<p style=\"font-weight: 400;\"><span style=\"color: #ff0000;\"><strong>Espa\u00e7o Cluster Startup<\/strong><\/span><\/p>\n<p style=\"font-weight: 400;\">A feira abriga tamb\u00e9m o Espa\u00e7o Cluster Startup, com projetos, experi\u00eancias e solu\u00e7\u00f5es em 15 \u00e1reas, como intelig\u00eancia artificial, manufatura aditiva, impress\u00e3o 3D, internet das coisas, big data, economia e log\u00edstica compartilhada, inspe\u00e7\u00e3o aut\u00f4noma, realidade aumentada e Virtual.<\/p>\n<p style=\"font-weight: 400;\">O espa\u00e7o, que \u00e9 uma iniciativa da ABAL (Associa\u00e7\u00e3o Brasileira de Alum\u00ednio), e conta com patroc\u00ednio da CBA e o apoio da FIESP, tem como objetivo criar durante a ExpoAlum\u00ednio um espa\u00e7o interativo de fomento aos ecossistemas de inova\u00e7\u00e3o.<strong>\u00a0<\/strong><\/p>\n<p style=\"font-weight: 400;\"><span style=\"color: #ff0000;\"><strong>Casa do alum\u00ednio<\/strong><\/span><\/p>\n<p style=\"font-weight: 400;\">Outro destaque da ExpoAlum\u00ednio, que tamb\u00e9m conta com o patroc\u00ednio da CBA, \u00e9 a \u201cCasa do alum\u00ednio &#8211; uma experi\u00eancia de arquitetura, arte e design\u201d, que mostra as diversas possibilidades de aplica\u00e7\u00f5es do metal em nosso dia a dia: nas janelas de casa, em embalagem de alimentos, nos componentes do celular, entre outros.<\/p>\n<p style=\"font-weight: 400;\">A Casa tem 100 m\u00b2 e \u00e9 composta por quarto, copa, living, banho, varanda e garagem. Al\u00e9m do patroc\u00ednio, a CBA forneceu chapas para a composi\u00e7\u00e3o do piso da casa.<\/p>\n<p style=\"font-weight: 400;\">Ap\u00f3s o t\u00e9rmino do evento, a \u201cCaso do alum\u00ednio\u201d percorrer\u00e1 algumas cidades do Brasil. O munic\u00edpio de Alum\u00ednio (SP), onde est\u00e1 localizada a F\u00e1brica da CBA, ser\u00e1 um dos contemplados com a presen\u00e7a do projeto.<\/p>\n<p style=\"font-weight: 400;\"><span style=\"color: #ff0000;\"><strong>Visita de alunos do SENAI<\/strong><\/span><\/p>\n<p style=\"font-weight: 400;\">Este ano, cerca de 38 alunos do sistema de ensino SENAI Alum\u00ednio participar\u00e3o de uma visita guiada \u00e0 ExpoAlum\u00ednio e participar\u00e3o de palestras do Congresso. Os alunos integram o curso de OPM \u2013 Operador de Processo Metal\u00fargico \u2013 e ter\u00e3o a oportunidade de conhecer mais sobre o processo produtivo, inova\u00e7\u00f5es e a cadeia produtiva do alum\u00ednio. A iniciativa faz parte do projeto<span style=\"color: #0000ff;\"> \u201cABAL Alum\u00ednio nas Escolas\u201d<\/span> e est\u00e1 sendo viabilizada pela CBA.<\/p>\n<p><span style=\"font-weight: 400;\">A CBA est\u00e1 bem perto de voc\u00ea. Acesse:<a href=\"http:\/\/www.cba.com.br\">\u00a0<\/a><\/span><span style=\"font-weight: 400; color: #0000ff;\">www.cba.com.br<\/span><span style=\"font-weight: 400;\">.<\/span><\/p>\n<p style=\"font-weight: 400;\"><strong>Servi\u00e7o<\/strong><\/p>\n<p style=\"font-weight: 400;\">7\u00aa edi\u00e7\u00e3o ExpoAlum\u00ednio<\/p>\n<p style=\"font-weight: 400;\"><strong>Data:<\/strong>\u00a0De 3 a 5 de setembro<\/p>\n<p style=\"font-weight: 400;\"><strong>Hor\u00e1rio:<\/strong><\/p>\n<p style=\"font-weight: 400;\">Exposi\u00e7\u00e3o \u2013 11h \u00e0s 20h<\/p>\n<p style=\"font-weight: 400;\">Congresso \u2013 9h \u00e0s 17h<\/p>\n<p style=\"font-weight: 400;\"><strong>Local:<\/strong>\u00a0S\u00e3o Paulo Expo \u2013 Rod. Imigrantes Km 1,5 s\/n \u2013 S\u00e3o Paulo-SP<\/p>\n<p style=\"font-weight: 400;\"><strong>Informa\u00e7\u00f5es:<\/strong><span style=\"color: #0000ff;\">\u00a0<a style=\"color: #0000ff;\" href=\"http:\/\/www.expoaluminio.com.br\/\">http:\/\/www.expoaluminio.com.br\/<\/a><\/span><\/p>\n<p style=\"font-weight: 400;\"><strong>Estande da CBA:<\/strong>\u00a0C32<\/p>\n<p>Fonte: Imprensa\/CBA<\/p>\n","protected":false},"excerpt":{"rendered":"<p>Setembro, 2018\u00a0\u2013 A CBA (Companhia Brasileira de Alum\u00ednio) marca presen\u00e7a na 7\u00aa edi\u00e7\u00e3o da ExpoAlum\u00ednio como patrocinadora e expositora. A ExpoAlum\u00ednio acontece de 3 a 5 de setembro, em S\u00e3o Paulo, e \u00e9 considerada o principal evento do setor de alum\u00ednio da Am\u00e9rica Latina. \u201cNos \u00faltimos tr\u00eas anos, a CBA vem passando por um movimento [&hellip;]<\/p>\n","protected":false},"author":1,"featured_media":10181,"comment_status":"open","ping_status":"open","sticky":false,"template":"","format":"standard","meta":{"_uag_custom_page_level_css":"","footnotes":""},"categories":[27],"tags":[13482,2515,13429,6380,13483,10675,13481,13480],"class_list":["post-10179","post","type-post","status-publish","format-standard","has-post-thumbnail","hentry","category-acontece","tag-casas-de-aluminio-projetos-em-3d","tag-companhia-brasileira-de-aluminio-cba","tag-expoaluminio-2018","tag-iot","tag-maior-feira-de-aluminio-da-america-latina","tag-sao-paulo-expo","tag-senai-aluminio","tag-vendas-de-aluminio-crescem-no-brasil"],"blocksy_meta":[],"spectra_blocks_featured_image_url":{"thumbnail":{"url":"https:\/\/construcaocivil.siriusmarketingedesign.com.br\/wp-content\/uploads\/2018\/09\/CBA-I-150x150.jpg","width":150,"height":150},"medium":{"url":"https:\/\/construcaocivil.siriusmarketingedesign.com.br\/wp-content\/uploads\/2018\/09\/CBA-I-300x200.jpg","width":300,"height":200},"medium_large":{"url":"https:\/\/construcaocivil.siriusmarketingedesign.com.br\/wp-content\/uploads\/2018\/09\/CBA-I-768x512.jpg","width":768,"height":512},"large":{"url":"https:\/\/construcaocivil.siriusmarketingedesign.com.br\/wp-content\/uploads\/2018\/09\/CBA-I-1024x682.jpg","width":1024,"height":682},"full":{"url":"https:\/\/construcaocivil.siriusmarketingedesign.com.br\/wp-content\/uploads\/2018\/09\/CBA-I.jpg","width":1280,"height":853}},"spectra_blocks_author_info":{"display_name":"Jornal da Constru\u00e7\u00e3o Civil","avatar_url":"https:\/\/secure.gravatar.com\/avatar\/973c9774fd44ddaceb026973c4962faa70fc512bc4c9da68e8ebb40fecee6540?s=96&d=mm&r=g","author_link":"https:\/\/construcaocivil.siriusmarketingedesign.com.br\/?author=1","description":"Desde de 2013, levando muitas informa\u00e7\u00f5es, lan\u00e7amentos e produtos de qualidade para toda cadeia produtiva da constru\u00e7\u00e3o. O Futuro da constru\u00e7\u00e3o passa por aqui,"},"uagb_featured_image_src":{"full":["https:\/\/construcaocivil.siriusmarketingedesign.com.br\/wp-content\/uploads\/2018\/09\/CBA-I.jpg",1280,853,false],"thumbnail":["https:\/\/construcaocivil.siriusmarketingedesign.com.br\/wp-content\/uploads\/2018\/09\/CBA-I-150x150.jpg",150,150,true],"medium":["https:\/\/construcaocivil.siriusmarketingedesign.com.br\/wp-content\/uploads\/2018\/09\/CBA-I-300x200.jpg",300,200,true],"medium_large":["https:\/\/construcaocivil.siriusmarketingedesign.com.br\/wp-content\/uploads\/2018\/09\/CBA-I-768x512.jpg",768,512,true],"large":["https:\/\/construcaocivil.siriusmarketingedesign.com.br\/wp-content\/uploads\/2018\/09\/CBA-I-1024x682.jpg",1024,682,true],"1536x1536":["https:\/\/construcaocivil.siriusmarketingedesign.com.br\/wp-content\/uploads\/2018\/09\/CBA-I.jpg",1280,853,false],"2048x2048":["https:\/\/construcaocivil.siriusmarketingedesign.com.br\/wp-content\/uploads\/2018\/09\/CBA-I.jpg",1280,853,false]},"uagb_author_info":{"display_name":"Jornal da Constru\u00e7\u00e3o Civil","author_link":"https:\/\/construcaocivil.siriusmarketingedesign.com.br\/?author=1"},"uagb_comment_info":0,"uagb_excerpt":"Setembro, 2018\u00a0\u2013 A CBA (Companhia Brasileira de Alum\u00ednio) marca presen\u00e7a na 7\u00aa edi\u00e7\u00e3o da ExpoAlum\u00ednio como patrocinadora e expositora. A ExpoAlum\u00ednio acontece de 3 a 5 de setembro, em S\u00e3o Paulo, e \u00e9 considerada o principal evento do setor de alum\u00ednio da Am\u00e9rica Latina. \u201cNos \u00faltimos tr\u00eas anos, a CBA vem passando por um movimento&hellip;","_links":{"self":[{"href":"https:\/\/construcaocivil.siriusmarketingedesign.com.br\/index.php?rest_route=\/wp\/v2\/posts\/10179","targetHints":{"allow":["GET"]}}],"collection":[{"href":"https:\/\/construcaocivil.siriusmarketingedesign.com.br\/index.php?rest_route=\/wp\/v2\/posts"}],"about":[{"href":"https:\/\/construcaocivil.siriusmarketingedesign.com.br\/index.php?rest_route=\/wp\/v2\/types\/post"}],"author":[{"embeddable":true,"href":"https:\/\/construcaocivil.siriusmarketingedesign.com.br\/index.php?rest_route=\/wp\/v2\/users\/1"}],"replies":[{"embeddable":true,"href":"https:\/\/construcaocivil.siriusmarketingedesign.com.br\/index.php?rest_route=%2Fwp%2Fv2%2Fcomments&post=10179"}],"version-history":[{"count":0,"href":"https:\/\/construcaocivil.siriusmarketingedesign.com.br\/index.php?rest_route=\/wp\/v2\/posts\/10179\/revisions"}],"wp:featuredmedia":[{"embeddable":true,"href":"https:\/\/construcaocivil.siriusmarketingedesign.com.br\/index.php?rest_route=\/wp\/v2\/media\/10181"}],"wp:attachment":[{"href":"https:\/\/construcaocivil.siriusmarketingedesign.com.br\/index.php?rest_route=%2Fwp%2Fv2%2Fmedia&parent=10179"}],"wp:term":[{"taxonomy":"category","embeddable":true,"href":"https:\/\/construcaocivil.siriusmarketingedesign.com.br\/index.php?rest_route=%2Fwp%2Fv2%2Fcategories&post=10179"},{"taxonomy":"post_tag","embeddable":true,"href":"https:\/\/construcaocivil.siriusmarketingedesign.com.br\/index.php?rest_route=%2Fwp%2Fv2%2Ftags&post=10179"}],"curies":[{"name":"wp","href":"https:\/\/api.w.org\/{rel}","templated":true}]}}