{"id":10183,"date":"2018-09-04T14:34:03","date_gmt":"2018-09-04T17:34:03","guid":{"rendered":"http:\/\/www.jornaldaconstrucaocivil.com.br\/?p=10183"},"modified":"2018-09-04T14:34:03","modified_gmt":"2018-09-04T17:34:03","slug":"economia-engenheiros-discutem-retomada-do-desenvolvimento-em-congresso-da-categoria-profissionais-de-todo-o-pais-se-reunem-em-sao-paulo-nos-proximos-dias-13-e-14-de-setembro","status":"publish","type":"post","link":"https:\/\/construcaocivil.siriusmarketingedesign.com.br\/?p=10183","title":{"rendered":"Economia: Engenheiros discutem retomada do desenvolvimento em congresso da categoria  Profissionais de todo o Pa\u00eds se re\u00fanem em S\u00e3o Paulo nos pr\u00f3ximos dias 13 e 14 de setembro"},"content":{"rendered":"<p style=\"text-align: justify;\"><span style=\"color: #993300;\">Setembro, 2018<\/span> &#8211; Sob o mote<span style=\"color: #0000ff;\"> \u201cRetomar o desenvolvimento e defender os engenheiros\u201d<\/span>, a Federa\u00e7\u00e3o Nacional dos Engenheiros (FNE) realiza em S\u00e3o Paulo, nos dias 13 e 14 de setembro, o X Congresso Nacional dos Engenheiros (Conse). O evento reunir\u00e1 representantes dos 18 sindicatos filiados \u00e0 entidade, eleger\u00e1 a diretoria para o tri\u00eanio 2019-2022 e tra\u00e7ar\u00e1 seu plano de a\u00e7\u00e3o para o per\u00edodo.<\/p>\n<p style=\"text-align: justify;\">Realizada \u00e0s v\u00e9speras das elei\u00e7\u00f5es 2018 e em um cen\u00e1rio de crise pol\u00edtica e econ\u00f4mica, a atividade tem o objetivo ainda de debater a situa\u00e7\u00e3o do Pa\u00eds e as propostas da engenharia para a volta do desenvolvimento sustent\u00e1vel, com distribui\u00e7\u00e3o de renda, preserva\u00e7\u00e3o ambiental, valoriza\u00e7\u00e3o do trabalho e, sobretudo, fortalecimento da democracia.<\/p>\n<p style=\"text-align: justify;\">Entre os temas em debate, a necessidade de pol\u00edtica econ\u00f4mica que favore\u00e7a a volta do crescimento, os investimentos necess\u00e1rios ao Pa\u00eds, os setores de petr\u00f3leo e energia el\u00e9trica e o agroneg\u00f3cio. Tamb\u00e9m na pauta os desafios do movimento sindical.<em><span style=\"color: #666699;\"> &#8220;O congresso da nossa federa\u00e7\u00e3o, mais que cumprir a nossa agenda estatut\u00e1ria, ser\u00e1 um esfor\u00e7o de contribuir para que o Pa\u00eds encontre sa\u00eddas para enfrentar a crise. Reuniremos profissionais de todo o Brasil e especialistas das \u00e1reas que consideramos cruciais para realizar um debate de alto n\u00edvel e propor caminhos a partir dele&#8221;<\/span><\/em>, afirma o presidente da FNE, Murilo Pinheiro.<\/p>\n<p style=\"text-align: justify;\"><strong><em>Servi\u00e7o<\/em><\/strong><br \/>\n<strong><span style=\"color: #0000ff;\">X Conse \u2013 Congresso Nacional dos Engenheiros<\/span><\/strong><br \/>\n<span style=\"color: #008080;\">13 e 14 de setembro de 2018\u00a0<\/span><br \/>\n<span style=\"color: #008080;\">Audit\u00f3rio do Sindicato dos Engenheiros no Estado de S\u00e3o Paulo \u2013 Rua Genebra, 25 &#8211; Bela Vista &#8211; S\u00e3o Paulo &#8211; SP<\/span><\/p>\n<p>Fonte: Imprensa\/FNE<\/p>\n","protected":false},"excerpt":{"rendered":"<p>Setembro, 2018 &#8211; Sob o mote \u201cRetomar o desenvolvimento e defender os engenheiros\u201d, a Federa\u00e7\u00e3o Nacional dos Engenheiros (FNE) realiza em S\u00e3o Paulo, nos dias 13 e 14 de setembro, o X Congresso Nacional dos Engenheiros (Conse). O evento reunir\u00e1 representantes dos 18 sindicatos filiados \u00e0 entidade, eleger\u00e1 a diretoria para o tri\u00eanio 2019-2022 e [&hellip;]<\/p>\n","protected":false},"author":1,"featured_media":10184,"comment_status":"open","ping_status":"open","sticky":false,"template":"","format":"standard","meta":{"_uag_custom_page_level_css":"","footnotes":""},"categories":[27],"tags":[13490,13487,13489,4907,13488,13486,13485,13484],"class_list":["post-10183","post","type-post","status-publish","format-standard","has-post-thumbnail","hentry","category-acontece","tag-bairro-bela-vista-sao-paulo","tag-brasil-esta-parado","tag-energia-e-petroleo","tag-federacao-nacional-dos-engenheiros-fne","tag-infraestrutura-e-demais-setores-estao-sem-investimetnos","tag-investimentos-nos-setores-de-setores-de-petroleo-e-energia-eletrica","tag-retomar-o-desenvolvimento-e-defender-os-engenheiros","tag-x-congresso-nacional-dos-engenheiros-conse"],"blocksy_meta":[],"spectra_blocks_featured_image_url":{"thumbnail":{"url":"https:\/\/construcaocivil.siriusmarketingedesign.com.br\/wp-content\/uploads\/2018\/09\/CRISE-157696-crise-na-engenharia-seguir-na-area-ou-mudar-800x561-150x150.jpg","width":150,"height":150},"medium":{"url":"https:\/\/construcaocivil.siriusmarketingedesign.com.br\/wp-content\/uploads\/2018\/09\/CRISE-157696-crise-na-engenharia-seguir-na-area-ou-mudar-800x561-300x210.jpg","width":300,"height":210},"medium_large":{"url":"https:\/\/construcaocivil.siriusmarketingedesign.com.br\/wp-content\/uploads\/2018\/09\/CRISE-157696-crise-na-engenharia-seguir-na-area-ou-mudar-800x561-768x539.jpg","width":768,"height":539},"large":{"url":"https:\/\/construcaocivil.siriusmarketingedesign.com.br\/wp-content\/uploads\/2018\/09\/CRISE-157696-crise-na-engenharia-seguir-na-area-ou-mudar-800x561.jpg","width":800,"height":561},"full":{"url":"https:\/\/construcaocivil.siriusmarketingedesign.com.br\/wp-content\/uploads\/2018\/09\/CRISE-157696-crise-na-engenharia-seguir-na-area-ou-mudar-800x561.jpg","width":800,"height":561}},"spectra_blocks_author_info":{"display_name":"Jornal da Constru\u00e7\u00e3o Civil","avatar_url":"https:\/\/secure.gravatar.com\/avatar\/973c9774fd44ddaceb026973c4962faa70fc512bc4c9da68e8ebb40fecee6540?s=96&d=mm&r=g","author_link":"https:\/\/construcaocivil.siriusmarketingedesign.com.br\/?author=1","description":"Desde de 2013, levando muitas informa\u00e7\u00f5es, lan\u00e7amentos e produtos de qualidade para toda cadeia produtiva da constru\u00e7\u00e3o. O Futuro da constru\u00e7\u00e3o passa por aqui,"},"uagb_featured_image_src":{"full":["https:\/\/construcaocivil.siriusmarketingedesign.com.br\/wp-content\/uploads\/2018\/09\/CRISE-157696-crise-na-engenharia-seguir-na-area-ou-mudar-800x561.jpg",800,561,false],"thumbnail":["https:\/\/construcaocivil.siriusmarketingedesign.com.br\/wp-content\/uploads\/2018\/09\/CRISE-157696-crise-na-engenharia-seguir-na-area-ou-mudar-800x561-150x150.jpg",150,150,true],"medium":["https:\/\/construcaocivil.siriusmarketingedesign.com.br\/wp-content\/uploads\/2018\/09\/CRISE-157696-crise-na-engenharia-seguir-na-area-ou-mudar-800x561-300x210.jpg",300,210,true],"medium_large":["https:\/\/construcaocivil.siriusmarketingedesign.com.br\/wp-content\/uploads\/2018\/09\/CRISE-157696-crise-na-engenharia-seguir-na-area-ou-mudar-800x561-768x539.jpg",768,539,true],"large":["https:\/\/construcaocivil.siriusmarketingedesign.com.br\/wp-content\/uploads\/2018\/09\/CRISE-157696-crise-na-engenharia-seguir-na-area-ou-mudar-800x561.jpg",800,561,false],"1536x1536":["https:\/\/construcaocivil.siriusmarketingedesign.com.br\/wp-content\/uploads\/2018\/09\/CRISE-157696-crise-na-engenharia-seguir-na-area-ou-mudar-800x561.jpg",800,561,false],"2048x2048":["https:\/\/construcaocivil.siriusmarketingedesign.com.br\/wp-content\/uploads\/2018\/09\/CRISE-157696-crise-na-engenharia-seguir-na-area-ou-mudar-800x561.jpg",800,561,false]},"uagb_author_info":{"display_name":"Jornal da Constru\u00e7\u00e3o Civil","author_link":"https:\/\/construcaocivil.siriusmarketingedesign.com.br\/?author=1"},"uagb_comment_info":0,"uagb_excerpt":"Setembro, 2018 &#8211; Sob o mote \u201cRetomar o desenvolvimento e defender os engenheiros\u201d, a Federa\u00e7\u00e3o Nacional dos Engenheiros (FNE) realiza em S\u00e3o Paulo, nos dias 13 e 14 de setembro, o X Congresso Nacional dos Engenheiros (Conse). O evento reunir\u00e1 representantes dos 18 sindicatos filiados \u00e0 entidade, eleger\u00e1 a diretoria para o tri\u00eanio 2019-2022 e&hellip;","_links":{"self":[{"href":"https:\/\/construcaocivil.siriusmarketingedesign.com.br\/index.php?rest_route=\/wp\/v2\/posts\/10183","targetHints":{"allow":["GET"]}}],"collection":[{"href":"https:\/\/construcaocivil.siriusmarketingedesign.com.br\/index.php?rest_route=\/wp\/v2\/posts"}],"about":[{"href":"https:\/\/construcaocivil.siriusmarketingedesign.com.br\/index.php?rest_route=\/wp\/v2\/types\/post"}],"author":[{"embeddable":true,"href":"https:\/\/construcaocivil.siriusmarketingedesign.com.br\/index.php?rest_route=\/wp\/v2\/users\/1"}],"replies":[{"embeddable":true,"href":"https:\/\/construcaocivil.siriusmarketingedesign.com.br\/index.php?rest_route=%2Fwp%2Fv2%2Fcomments&post=10183"}],"version-history":[{"count":0,"href":"https:\/\/construcaocivil.siriusmarketingedesign.com.br\/index.php?rest_route=\/wp\/v2\/posts\/10183\/revisions"}],"wp:featuredmedia":[{"embeddable":true,"href":"https:\/\/construcaocivil.siriusmarketingedesign.com.br\/index.php?rest_route=\/wp\/v2\/media\/10184"}],"wp:attachment":[{"href":"https:\/\/construcaocivil.siriusmarketingedesign.com.br\/index.php?rest_route=%2Fwp%2Fv2%2Fmedia&parent=10183"}],"wp:term":[{"taxonomy":"category","embeddable":true,"href":"https:\/\/construcaocivil.siriusmarketingedesign.com.br\/index.php?rest_route=%2Fwp%2Fv2%2Fcategories&post=10183"},{"taxonomy":"post_tag","embeddable":true,"href":"https:\/\/construcaocivil.siriusmarketingedesign.com.br\/index.php?rest_route=%2Fwp%2Fv2%2Ftags&post=10183"}],"curies":[{"name":"wp","href":"https:\/\/api.w.org\/{rel}","templated":true}]}}