{"id":10190,"date":"2018-09-05T13:38:21","date_gmt":"2018-09-05T16:38:21","guid":{"rendered":"http:\/\/www.jornaldaconstrucaocivil.com.br\/?p=10190"},"modified":"2018-09-05T13:38:21","modified_gmt":"2018-09-05T16:38:21","slug":"aluminio-tem-mercado-promissor-na-construcao-civil","status":"publish","type":"post","link":"https:\/\/construcaocivil.siriusmarketingedesign.com.br\/?p=10190","title":{"rendered":"Alum\u00ednio tem mercado promissor na Constru\u00e7\u00e3o Civil"},"content":{"rendered":"<p style=\"text-align: justify;\"><span style=\"color: #000000;\"><span style=\"color: #993300;\">Setembro, 2018<\/span> &#8211; O uso do alum\u00ednio pelo setor da constru\u00e7\u00e3o civil deve crescer nos pr\u00f3ximos anos. Essa \u00e9 a tend\u00eancia apontada pelos participantes do painel que discutiu o tema durante o 8\u00ba Congresso Internacional do Alum\u00ednio. O Congresso, que acontece at\u00e9 o dia 5 de setembro no S\u00e3o Paulo Expo, na capital paulista, \u00e9 promovido pela Associa\u00e7\u00e3o Brasileira do Alum\u00ednio (ABAL)<\/span><\/p>\n<p style=\"text-align: justify;\"><span style=\"color: #000000;\">Mediado pela arquiteta Magda Reis, consultora da ABAL, o painel contou com a participa\u00e7\u00e3o de Vera Fernandes Hachich, s\u00f3cia-gerente da Tesis; de Carlos Borges, vice-presidente de Qualidade e Tecnologia do Sindicato da Habita\u00e7\u00e3o do Estado de S\u00e3o Paulo (Secovi); de Marcelo Barbosa, vice-presidente da Associa\u00e7\u00e3o Brasileira dos Escrit\u00f3rios de Arquitetura (Asbea); de Mauricio Linn Bianch, diretor de constru\u00e7\u00e3o da Cidade Matarazzo; de Fernando Simom Westphal, diretor da Ene Consultoria; e de Luiz Henrique Ceotto, s\u00f3cio-consultor da Certiphic Engenharia de Valor.<\/span><\/p>\n<p style=\"text-align: justify;\"><span style=\"color: #000000;\">Ceotto afirmou que o Brasil deve seguir uma tend\u00eancia que se verifica nos principais mercados de constru\u00e7\u00e3o no mundo, em que o uso do alum\u00ednio est\u00e1 disseminado. \u201cL\u00e1 fora, a oferta de produtos \u00e9 muito grande\u201d, diz ele. \u201cAqui, devemos ingressar em uma nova fase de desenvolvimento. Se soubermos usar os componentes e a alta produtividade da m\u00e3o de obra, poderemos elevar a aplica\u00e7\u00e3o do metal\u201d, analisou.<\/span><\/p>\n<p style=\"text-align: justify;\"><span style=\"color: #000000;\">Marcelo Barbosa lembrou de projetos de seu escrit\u00f3rio de arquitetura, que t\u00eam no alum\u00ednio um elemento de uso intenso.<em><span style=\"color: #993300;\"> \u201cRecorremos ao alum\u00ednio nas estruturas complementares, nos revestimentos e na caixilharia. E o mercado ainda tem muito a evoluir\u201d<\/span><\/em>, aposta. Essa evolu\u00e7\u00e3o passa, segundo os palestrantes, pela aproxima\u00e7\u00e3o dos diversos segmentos de ambos os mercados: da constru\u00e7\u00e3o civil e do alum\u00ednio.<em><span style=\"color: #0000ff;\"> \u201cOs representantes dos dois mercados precisam conversar. O grande desafio \u00e9 transformar essa cadeia em uma cadeia de valor. O alum\u00ednio tem um importante papel como elemento construtivo e como elemento transit\u00f3rio\u201d<\/span><\/em>, avalia Ceotto.<\/span><\/p>\n<p style=\"text-align: justify;\"><span style=\"color: #000000;\">Magda Reis lembrou que a ABAL j\u00e1 atua buscando sinergia e coopera\u00e7\u00e3o entre as duas pontas do mercado: produtores e fabricantes de produtos de alum\u00ednio \u00a0e o setor de constru\u00e7\u00e3o. E que esse trabalho vai se intensificar.<\/span><\/p>\n<p style=\"text-align: justify;\"><span style=\"color: #000000;\"><strong>Congresso Internacional do Alum\u00ednio e ExpoAlum\u00ednio<\/strong><\/span><\/p>\n<p style=\"text-align: justify;\"><span style=\"color: #000000;\">O 8\u00ba Congresso \u00e9 um f\u00f3rum de excel\u00eancia. At\u00e9 o dia 5 de setembro executivos das grandes companhias, representantes de associa\u00e7\u00f5es internacionais do alum\u00ednio, de centros de pesquisa e empres\u00e1rios v\u00e3o compartilhar experi\u00eancias bem-sucedidas, a\u00e7\u00f5es inovadoras e, sobretudo, apontar tend\u00eancias. Ao todo, ser\u00e3o 15 pain\u00e9is de discuss\u00e3o e 70 palestrantes.<\/span><\/p>\n<p style=\"text-align: justify;\"><span style=\"color: #000000;\">A ExpoAlum\u00ednio, que acontece simultaneamente ao 8\u00ba Congresso, traz as novidades dos produtores prim\u00e1rios e secund\u00e1rios de alum\u00ednio, das empresas de reciclagem, dos fornecedores de m\u00e1quinas, insumos e dos representantes dos setores de metalurgia, usinagem e fundi\u00e7\u00e3o.<\/span><\/p>\n<p style=\"text-align: justify;\"><span style=\"color: #000000;\">O evento contar\u00e1 ainda com uma atra\u00e7\u00e3o extra: a\u00a0<strong>Casa do Alum\u00ednio<\/strong>, que revela em seus ambientes, de forma l\u00fadica e interativa, a presen\u00e7a e a import\u00e2ncia do alum\u00ednio em nosso dia a dia.\u00a0<\/span><\/p>\n<p style=\"text-align: justify;\"><span style=\"color: #000000;\">Acesse a programa\u00e7\u00e3o do 8\u00ba Congresso:<\/span><br \/>\n<span style=\"color: #0000ff;\"><a style=\"color: #0000ff;\" href=\"http:\/\/sender.helpi.com.br\/l\/ewEWdawJTjltqauXcpmjrg\/RjxdPWRohWQiIL2iOA3kpA\/DkRfvgbQQFOmG7n8EyNILA\" target=\"_blank\" rel=\"noopener noreferrer\">https:\/\/www.expoaluminio.com.br\/O-Congresso\/Programacao\/<\/a><\/span><\/p>\n<p>Fonte: Imprensa\/ABAL<\/p>\n","protected":false},"excerpt":{"rendered":"<p>Setembro, 2018 &#8211; O uso do alum\u00ednio pelo setor da constru\u00e7\u00e3o civil deve crescer nos pr\u00f3ximos anos. Essa \u00e9 a tend\u00eancia apontada pelos participantes do painel que discutiu o tema durante o 8\u00ba Congresso Internacional do Alum\u00ednio. O Congresso, que acontece at\u00e9 o dia 5 de setembro no S\u00e3o Paulo Expo, na capital paulista, \u00e9 [&hellip;]<\/p>\n","protected":false},"author":1,"featured_media":10191,"comment_status":"open","ping_status":"open","sticky":false,"template":"","format":"standard","meta":{"_uag_custom_page_level_css":"","footnotes":""},"categories":[33],"tags":[13504,13499,13502,13498,2826,13429,13501,13503,10679,13500],"class_list":["post-10190","post","type-post","status-publish","format-standard","has-post-thumbnail","hentry","category-mercado","tag-aluminio-no-brasil","tag-aluminio-tem-mercado-promissor-na-construcao-civil","tag-associacao-brasileira-do-aluminio-abal","tag-congresso-internacional-do-aluminio","tag-construcao-civil","tag-expoaluminio-2018","tag-investimento-no-setor-de-construcao-civil","tag-novos-negocios-na-construcao-civil","tag-sao-paulo-sp","tag-vendas-de-aluminio-cresce-no-brasil"],"blocksy_meta":[],"spectra_blocks_featured_image_url":{"thumbnail":{"url":"https:\/\/construcaocivil.siriusmarketingedesign.com.br\/wp-content\/uploads\/2018\/09\/ABAL-150x150.jpg","width":150,"height":150},"medium":{"url":"https:\/\/construcaocivil.siriusmarketingedesign.com.br\/wp-content\/uploads\/2018\/09\/ABAL-300x200.jpg","width":300,"height":200},"medium_large":{"url":"https:\/\/construcaocivil.siriusmarketingedesign.com.br\/wp-content\/uploads\/2018\/09\/ABAL-768x512.jpg","width":768,"height":512},"large":{"url":"https:\/\/construcaocivil.siriusmarketingedesign.com.br\/wp-content\/uploads\/2018\/09\/ABAL.jpg","width":800,"height":533},"full":{"url":"https:\/\/construcaocivil.siriusmarketingedesign.com.br\/wp-content\/uploads\/2018\/09\/ABAL.jpg","width":800,"height":533}},"spectra_blocks_author_info":{"display_name":"Jornal da Constru\u00e7\u00e3o Civil","avatar_url":"https:\/\/secure.gravatar.com\/avatar\/973c9774fd44ddaceb026973c4962faa70fc512bc4c9da68e8ebb40fecee6540?s=96&d=mm&r=g","author_link":"https:\/\/construcaocivil.siriusmarketingedesign.com.br\/?author=1","description":"Desde de 2013, levando muitas informa\u00e7\u00f5es, lan\u00e7amentos e produtos de qualidade para toda cadeia produtiva da constru\u00e7\u00e3o. O Futuro da constru\u00e7\u00e3o passa por aqui,"},"uagb_featured_image_src":{"full":["https:\/\/construcaocivil.siriusmarketingedesign.com.br\/wp-content\/uploads\/2018\/09\/ABAL.jpg",800,533,false],"thumbnail":["https:\/\/construcaocivil.siriusmarketingedesign.com.br\/wp-content\/uploads\/2018\/09\/ABAL-150x150.jpg",150,150,true],"medium":["https:\/\/construcaocivil.siriusmarketingedesign.com.br\/wp-content\/uploads\/2018\/09\/ABAL-300x200.jpg",300,200,true],"medium_large":["https:\/\/construcaocivil.siriusmarketingedesign.com.br\/wp-content\/uploads\/2018\/09\/ABAL-768x512.jpg",768,512,true],"large":["https:\/\/construcaocivil.siriusmarketingedesign.com.br\/wp-content\/uploads\/2018\/09\/ABAL.jpg",800,533,false],"1536x1536":["https:\/\/construcaocivil.siriusmarketingedesign.com.br\/wp-content\/uploads\/2018\/09\/ABAL.jpg",800,533,false],"2048x2048":["https:\/\/construcaocivil.siriusmarketingedesign.com.br\/wp-content\/uploads\/2018\/09\/ABAL.jpg",800,533,false]},"uagb_author_info":{"display_name":"Jornal da Constru\u00e7\u00e3o Civil","author_link":"https:\/\/construcaocivil.siriusmarketingedesign.com.br\/?author=1"},"uagb_comment_info":0,"uagb_excerpt":"Setembro, 2018 &#8211; O uso do alum\u00ednio pelo setor da constru\u00e7\u00e3o civil deve crescer nos pr\u00f3ximos anos. Essa \u00e9 a tend\u00eancia apontada pelos participantes do painel que discutiu o tema durante o 8\u00ba Congresso Internacional do Alum\u00ednio. O Congresso, que acontece at\u00e9 o dia 5 de setembro no S\u00e3o Paulo Expo, na capital paulista, \u00e9&hellip;","_links":{"self":[{"href":"https:\/\/construcaocivil.siriusmarketingedesign.com.br\/index.php?rest_route=\/wp\/v2\/posts\/10190","targetHints":{"allow":["GET"]}}],"collection":[{"href":"https:\/\/construcaocivil.siriusmarketingedesign.com.br\/index.php?rest_route=\/wp\/v2\/posts"}],"about":[{"href":"https:\/\/construcaocivil.siriusmarketingedesign.com.br\/index.php?rest_route=\/wp\/v2\/types\/post"}],"author":[{"embeddable":true,"href":"https:\/\/construcaocivil.siriusmarketingedesign.com.br\/index.php?rest_route=\/wp\/v2\/users\/1"}],"replies":[{"embeddable":true,"href":"https:\/\/construcaocivil.siriusmarketingedesign.com.br\/index.php?rest_route=%2Fwp%2Fv2%2Fcomments&post=10190"}],"version-history":[{"count":0,"href":"https:\/\/construcaocivil.siriusmarketingedesign.com.br\/index.php?rest_route=\/wp\/v2\/posts\/10190\/revisions"}],"wp:featuredmedia":[{"embeddable":true,"href":"https:\/\/construcaocivil.siriusmarketingedesign.com.br\/index.php?rest_route=\/wp\/v2\/media\/10191"}],"wp:attachment":[{"href":"https:\/\/construcaocivil.siriusmarketingedesign.com.br\/index.php?rest_route=%2Fwp%2Fv2%2Fmedia&parent=10190"}],"wp:term":[{"taxonomy":"category","embeddable":true,"href":"https:\/\/construcaocivil.siriusmarketingedesign.com.br\/index.php?rest_route=%2Fwp%2Fv2%2Fcategories&post=10190"},{"taxonomy":"post_tag","embeddable":true,"href":"https:\/\/construcaocivil.siriusmarketingedesign.com.br\/index.php?rest_route=%2Fwp%2Fv2%2Ftags&post=10190"}],"curies":[{"name":"wp","href":"https:\/\/api.w.org\/{rel}","templated":true}]}}