{"id":10193,"date":"2018-09-05T14:23:05","date_gmt":"2018-09-05T17:23:05","guid":{"rendered":"http:\/\/www.jornaldaconstrucaocivil.com.br\/?p=10193"},"modified":"2018-09-05T14:23:05","modified_gmt":"2018-09-05T17:23:05","slug":"casacor-minas-gerais-recebe-inscricoes-para-visitas-guiadas-durante-a-24a-edicao-da-mostra","status":"publish","type":"post","link":"https:\/\/construcaocivil.siriusmarketingedesign.com.br\/?p=10193","title":{"rendered":"CasaCor Minas Gerais recebe inscri\u00e7\u00f5es para visitas guiadas durante a 24a edi\u00e7\u00e3o da mostra"},"content":{"rendered":"<p style=\"font-weight: 400; text-align: justify;\"><span style=\"color: #ff0000;\">Setembro, 2018<\/span> &#8211; Depois da memor\u00e1vel edi\u00e7\u00e3o de 2016, estruturada com o objetivo de celebrar a conquista pelo Conjunto Moderno da Pampulha com o t\u00edtulo de Patrim\u00f4nio Cultural da Humanidade, a CASACOR Minas Gerais se prepara para mais um ano de grandes conquistas e resultados. A maior mostra de arquitetura, design de interiores e paisagismo do estado segue antenada aos movimentos urbanos contempor\u00e2neos e prop\u00f5e um novo olhar sobre a cidade e sobre o a forma como ela vem sendo percebida por seus moradores e visitantes.<\/p>\n<figure id=\"attachment_10196\" aria-describedby=\"caption-attachment-10196\" style=\"width: 300px\" class=\"wp-caption alignleft\"><img loading=\"lazy\" decoding=\"async\" class=\"size-medium wp-image-10196\" src=\"http:\/\/www.jornaldaconstrucaocivil.com.br\/wp-content\/uploads\/2018\/09\/Estar-Bernadete-Corre\u0302a-e-Manu-Lolato-CASACOR-Minas-Foto-Jomar-Braganc\u0327a-300x200.jpg\" alt=\"\" width=\"300\" height=\"200\" \/><figcaption id=\"caption-attachment-10196\" class=\"wp-caption-text\">Estar &#8211; Bernadete Corre\u0302a e Manu Lolato &#8211; CASACOR Minas &#8211; Foto Jomar Braganc\u0327a<\/figcaption><\/figure>\n<p style=\"font-weight: 400; text-align: justify;\">Diante dessa vis\u00e3o, a 24<sup>a<\/sup>\u00a0edi\u00e7\u00e3o da CASACOR Minas j\u00e1 nasce com o desafio de ampliar cada vez mais esse processo de investiga\u00e7\u00e3o e de experimenta\u00e7\u00e3o sobre o conceito de morar bem na contemporaneidade. Uma das novidades desta edi\u00e7\u00e3o \u00e9 a realiza\u00e7\u00e3o de quatro workshops de fabrica\u00e7\u00e3o digital, onde o p\u00fablico ter\u00e1 a oportunidade de ser coautor de um dos ambientes, o GUAJA Sapuca\u00ed. Al\u00e9m de participarem da concep\u00e7\u00e3o do espa\u00e7o, os participantes tamb\u00e9m fabricar\u00e3o o mobili\u00e1rio sob o comando de um pool formado por\u00a0\u00a0experientes profissionais, comandado pela dupla Denis Fuzii e Rafael Cordeiro. O jovem Denis \u00e9\u00a0Arquiteto, Urbanista e designer e possui cria\u00e7\u00f5es j\u00e1 foram baixadas e produzidas em mais de 90 pa\u00edses no mundo todo pelo sistema Open Desk.<\/p>\n<p style=\"font-weight: 400; text-align: justify;\">Em 2018, a CASACOR Minas est\u00e1 sendo promovida em um pr\u00e9dio hist\u00f3rico da capital mineira, integrante do Conjunto Arquitet\u00f4nico da Pra\u00e7a da Esta\u00e7\u00e3o, regi\u00e3o marcada pela forte efervesc\u00eancia urbana, cultural, pol\u00edtica e gastron\u00f4mica.<strong><span style=\"color: #993300;\">Localizado na rua Sapuca\u00ed 383, o pr\u00e9dio possui tr\u00eas pavimentos, por\u00e3o, s\u00f3t\u00e3o e jardins<\/span>.<\/strong>\u00a0O local funcionou como sede da\u00a0extinta Rede Ferrovi\u00e1ria Federal S\/A \u2013 RFFSA, e est\u00e1 diretamente associado \u00e0 cria\u00e7\u00e3o de Belo Horizonte.\u00a0Nos \u00faltimos meses, o pr\u00e9dio vem passando por um processo de restaura\u00e7\u00e3o desenvolvido pela Multicult, empresa promotora da CASACOR Minas, sob a supervis\u00e3o do IPHAN. A proposta \u00e9 que edif\u00edcio abrigue futuramente as instala\u00e7\u00f5es do Museu Ferrovi\u00e1rio, al\u00e9m de outras atividades.<\/p>\n<figure id=\"attachment_10199\" aria-describedby=\"caption-attachment-10199\" style=\"width: 300px\" class=\"wp-caption alignright\"><img loading=\"lazy\" decoding=\"async\" class=\"size-medium wp-image-10199\" src=\"http:\/\/www.jornaldaconstrucaocivil.com.br\/wp-content\/uploads\/2018\/09\/Armaz\u00e9m-O-Arquitetos-CASACOR-Minas-2018-foto-Daniel-Mansur-300x201.jpg\" alt=\"\" width=\"300\" height=\"201\" \/><figcaption id=\"caption-attachment-10199\" class=\"wp-caption-text\">Armaz\u00e9m &#8211; O Arquitetos &#8211; CASACOR Minas 2018 &#8211; foto Daniel Mansur<\/figcaption><\/figure>\n<p style=\"font-weight: 400; text-align: justify;\">Durante o processo de constru\u00e7\u00e3o da capital, a regi\u00e3o se firmou como uma\u00a0esp\u00e9cie de p\u00f3rtico da cidade, concentrando as recep\u00e7\u00f5es e despedidas das pessoas que vinham conhecer as modernas obras arquitet\u00f4nicas e urban\u00edsticas que estavam sendo constru\u00eddas na \u00e9poca. Antes mesmo da inaugura\u00e7\u00e3o da capital, a regi\u00e3o nas proximidades da Esta\u00e7\u00e3o j\u00e1 apresentava quarteir\u00f5es em processo de forma\u00e7\u00e3o, al\u00e9m do surgimento de restaurantes e outros pequenos com\u00e9rcios motivados pela circula\u00e7\u00e3o de transeuntes.<\/p>\n<p style=\"font-weight: 400; text-align: justify;\">O im\u00f3vel escolhido est\u00e1 localizado numa rua estrat\u00e9gica, caracterizada por se tornar uma esp\u00e9cie de corredor cultural e gastron\u00f4mico da capital &#8211;\u00a0\u00a0que se estabeleceu de forma completamente espont\u00e2nea. Entre os espa\u00e7os, projetos e agentes que est\u00e3o contribuindo neste processo de reocupa\u00e7\u00e3o e resignifica\u00e7\u00e3o daquela regi\u00e3o est\u00e3o: Museu de Artes e Of\u00edcios, Funarte, Espa\u00e7o 104, Centro de Refer\u00eancia da Juventude, Serraria Souza Pinto,\u00a0\u00a0Teatro Espanca!, Duelo de MC\u00b4s, Baixo Centro Cultural, Praia da Esta\u00e7\u00e3o, Benfeitoria, Salumeria Central, Dors\u00e9, blocos de carnaval, entre outros. Al\u00e9m disso, a rua Sapuca\u00ed est\u00e1 localizada numa posi\u00e7\u00e3o que possibilita uma das vistas mais privilegiadas da cidade, independente do hor\u00e1rio da visita\u00e7\u00e3o.<\/p>\n<p style=\"font-weight: 400; text-align: justify;\">De acordo com o diretor Eduardo Faleiro, a escolha do im\u00f3vel vai de encontro ao atual momento de discuss\u00e3o sobre a utiliza\u00e7\u00e3o do espa\u00e7o p\u00fablico, observada n\u00e3o apenas em Belo Horizonte mas tamb\u00e9m em outras cidades brasileiras e no exterior.\u00a0<em>&#8220;Estamos muito felizes em poder contribuir para o resgate hist\u00f3rico desse bel\u00edssimo im\u00f3vel, que permaneceu fechado por v\u00e1rios anos, e tamb\u00e9m por voltarmos a levantar uma reflex\u00e3o sobre o hipercentro da capital. Gra\u00e7as \u00e0 CASACOR, as pessoas redescobriram essa parte da cidade&#8221;.<\/em><\/p>\n<p style=\"font-weight: 400; text-align: justify;\"><em>A \u00faltima edi\u00e7\u00e3o da mostra na regi\u00e3o foi realizada em 2000, na Casa do Conde, sendo respons\u00e1vel pelo maior p\u00fablico da hist\u00f3ria da CASACOR Minas de todos os anos. Outro ponto interessante \u00e9 nosso s\u00f3lido hist\u00f3rico, que j\u00e1 contabiliza 13 edi\u00e7\u00f5es realizadas em im\u00f3veis tombados, servindo para levantar quest\u00f5es sobre a import\u00e2ncia da preserva\u00e7\u00e3o e o resgate destes im\u00f3veis e tamb\u00e9m por gerar visibilidade e acessibilidade a esses pr\u00e9dios, contribuindo assim para a preserva\u00e7\u00e3o da mem\u00f3ria e da identidade cultural da cidade&#8221;,\u00a0<\/em>destaca Eduardo.<em>\u00a0<\/em><\/p>\n<figure id=\"attachment_10200\" aria-describedby=\"caption-attachment-10200\" style=\"width: 225px\" class=\"wp-caption alignleft\"><img loading=\"lazy\" decoding=\"async\" class=\"size-full wp-image-10200\" src=\"http:\/\/www.jornaldaconstrucaocivil.com.br\/wp-content\/uploads\/2018\/09\/AA-PAINT-Living-Pedro-Felix-CASACOR-Minas-2018-foto-Jomar-Bragan\u00e7a-1.jpg\" alt=\"\" width=\"225\" height=\"145\" srcset=\"https:\/\/construcaocivil.siriusmarketingedesign.com.br\/wp-content\/uploads\/2018\/09\/AA-PAINT-Living-Pedro-Felix-CASACOR-Minas-2018-foto-Jomar-Bragan\u00e7a-1.jpg 225w, https:\/\/construcaocivil.siriusmarketingedesign.com.br\/wp-content\/uploads\/2018\/09\/AA-PAINT-Living-Pedro-Felix-CASACOR-Minas-2018-foto-Jomar-Bragan\u00e7a-1-210x136.jpg 210w\" sizes=\"auto, (max-width: 225px) 100vw, 225px\" \/><figcaption id=\"caption-attachment-10200\" class=\"wp-caption-text\">Living &#8211; Pedro Felix &#8211; CASACOR Minas 2018 &#8211; foto Jomar Bragan\u00e7a<\/figcaption><\/figure>\n<p style=\"font-weight: 400; text-align: justify;\">Juliana Grillo destaca a relev\u00e2ncia do tema desta 23<sup>a<\/sup>\u00a0edi\u00e7\u00e3o da CASACOR Minas:\u00a0\u00a0Foco no Essencial. Trata-se de umtend\u00eancia mundial trazida a partir do questionamento sobre o excesso de sup\u00e9rfluos em todas as \u00e1reas, tanto de consumo, como de informa\u00e7\u00e3o. &#8220;<em>A proposta para esta edi\u00e7\u00e3o \u00e9 um verdadeiro desafio para que arquitetos, designers de interiores e paisagistas possam surpreender o p\u00fablico com\u00a0\u00a0\u00a0projetos que consigam trazer o design para mais perto das pessoas. O espa\u00e7o que escolhemos para\u00a0<\/em><em>abrigar a mostra deste ano\u00a0<\/em><em>est\u00e1 em perfeita sintonia com sua tem\u00e1tica, na medida em possibilita ambientes mais amplos, com espa\u00e7os generosos, capazes de trazer muitas possibilidades de reflex\u00e3o sobre a moradia com foco no essencial. A ideia desta edi\u00e7\u00e3o \u00e9 mostrar que a vida pode ser mais simples.&#8221;,\u00a0<\/em>reflete a diretora.<\/p>\n<p style=\"font-weight: 400; text-align: justify;\">A visita\u00e7\u00e3o agendada \u00e9 uma excelente oportunidade para grupos formados por arquitetos, designers, paisagistas, estudantes e pessoas interessadas em conhecer as novidades do setor e os bastidores desse grande evento. No ano passado, a CASACOR Minas registrou mais de 40 grupos, contabilizando centenas de pessoas que vieram de outras cidades como Divin\u00f3polis, Ita\u00fana, Ouro Preto, Varginha, Governador Valadares, Goi\u00e2nia(GO), Jo\u00e3o Pessoa(PB), Natal(RN) e Cabo Frio(RJ) especialmente para a visita. O agendamento deve ser feito pelo e-mail<span style=\"color: #0000ff;\">\u00a0<a style=\"color: #0000ff;\" href=\"mailto:visita@casacorminas.com.br\">visita@casacorminas.com.br<\/a><\/span>\u00a0ou pelo telefone\u00a0<strong>(31)3286-4587<\/strong><\/p>\n<p>Fonte: Imprensa\/CasaCor Minas Gerais<\/p>\n","protected":false},"excerpt":{"rendered":"<p>Setembro, 2018 &#8211; Depois da memor\u00e1vel edi\u00e7\u00e3o de 2016, estruturada com o objetivo de celebrar a conquista pelo Conjunto Moderno da Pampulha com o t\u00edtulo de Patrim\u00f4nio Cultural da Humanidade, a CASACOR Minas Gerais se prepara para mais um ano de grandes conquistas e resultados. A maior mostra de arquitetura, design de interiores e paisagismo [&hellip;]<\/p>\n","protected":false},"author":1,"featured_media":10199,"comment_status":"open","ping_status":"open","sticky":false,"template":"","format":"standard","meta":{"_uag_custom_page_level_css":"","footnotes":""},"categories":[28],"tags":[13508,1366,13513,13505,13507,13511,6391,13510,13512,13506,13509,13516,13514,13515],"class_list":["post-10193","post","type-post","status-publish","format-standard","has-post-thumbnail","hentry","category-arquitetura","tag-24a-edicao-da-mostra","tag-bh","tag-casa-cor-minas-gerais-2018","tag-casacor-minas-gerais","tag-casacor-minas-gerais-recebe-inscricoes-para-visitas-guiadas","tag-design-de-interiores-e-paisagismo","tag-iphan","tag-mostra-de-arquitetura","tag-movimentos-urbanos-contemporaneos","tag-museu-ferroviario-bh","tag-patrimonio-cultural-da-humanidade-conjunto-moderno-da-pampulha","tag-polo-gastronomico-e-cultural","tag-projetos-de-arquitetura-e-designer","tag-rua-sapucai-383"],"blocksy_meta":[],"spectra_blocks_featured_image_url":{"thumbnail":{"url":"https:\/\/construcaocivil.siriusmarketingedesign.com.br\/wp-content\/uploads\/2018\/09\/Armaz\u00e9m-O-Arquitetos-CASACOR-Minas-2018-foto-Daniel-Mansur-150x150.jpg","width":150,"height":150},"medium":{"url":"https:\/\/construcaocivil.siriusmarketingedesign.com.br\/wp-content\/uploads\/2018\/09\/Armaz\u00e9m-O-Arquitetos-CASACOR-Minas-2018-foto-Daniel-Mansur-300x201.jpg","width":300,"height":201},"medium_large":{"url":"https:\/\/construcaocivil.siriusmarketingedesign.com.br\/wp-content\/uploads\/2018\/09\/Armaz\u00e9m-O-Arquitetos-CASACOR-Minas-2018-foto-Daniel-Mansur-768x514.jpg","width":768,"height":514},"large":{"url":"https:\/\/construcaocivil.siriusmarketingedesign.com.br\/wp-content\/uploads\/2018\/09\/Armaz\u00e9m-O-Arquitetos-CASACOR-Minas-2018-foto-Daniel-Mansur-1024x686.jpg","width":1024,"height":686},"full":{"url":"https:\/\/construcaocivil.siriusmarketingedesign.com.br\/wp-content\/uploads\/2018\/09\/Armaz\u00e9m-O-Arquitetos-CASACOR-Minas-2018-foto-Daniel-Mansur-e1536167006830.jpg","width":900,"height":603}},"spectra_blocks_author_info":{"display_name":"Jornal da Constru\u00e7\u00e3o Civil","avatar_url":"https:\/\/secure.gravatar.com\/avatar\/973c9774fd44ddaceb026973c4962faa70fc512bc4c9da68e8ebb40fecee6540?s=96&d=mm&r=g","author_link":"https:\/\/construcaocivil.siriusmarketingedesign.com.br\/?author=1","description":"Desde de 2013, levando muitas informa\u00e7\u00f5es, lan\u00e7amentos e produtos de qualidade para toda cadeia produtiva da constru\u00e7\u00e3o. O Futuro da constru\u00e7\u00e3o passa por aqui,"},"uagb_featured_image_src":{"full":["https:\/\/construcaocivil.siriusmarketingedesign.com.br\/wp-content\/uploads\/2018\/09\/Armaz\u00e9m-O-Arquitetos-CASACOR-Minas-2018-foto-Daniel-Mansur-e1536167006830.jpg",900,603,false],"thumbnail":["https:\/\/construcaocivil.siriusmarketingedesign.com.br\/wp-content\/uploads\/2018\/09\/Armaz\u00e9m-O-Arquitetos-CASACOR-Minas-2018-foto-Daniel-Mansur-150x150.jpg",150,150,true],"medium":["https:\/\/construcaocivil.siriusmarketingedesign.com.br\/wp-content\/uploads\/2018\/09\/Armaz\u00e9m-O-Arquitetos-CASACOR-Minas-2018-foto-Daniel-Mansur-300x201.jpg",300,201,true],"medium_large":["https:\/\/construcaocivil.siriusmarketingedesign.com.br\/wp-content\/uploads\/2018\/09\/Armaz\u00e9m-O-Arquitetos-CASACOR-Minas-2018-foto-Daniel-Mansur-768x514.jpg",768,514,true],"large":["https:\/\/construcaocivil.siriusmarketingedesign.com.br\/wp-content\/uploads\/2018\/09\/Armaz\u00e9m-O-Arquitetos-CASACOR-Minas-2018-foto-Daniel-Mansur-1024x686.jpg",1024,686,true],"1536x1536":["https:\/\/construcaocivil.siriusmarketingedesign.com.br\/wp-content\/uploads\/2018\/09\/Armaz\u00e9m-O-Arquitetos-CASACOR-Minas-2018-foto-Daniel-Mansur-e1536167006830.jpg",900,603,false],"2048x2048":["https:\/\/construcaocivil.siriusmarketingedesign.com.br\/wp-content\/uploads\/2018\/09\/Armaz\u00e9m-O-Arquitetos-CASACOR-Minas-2018-foto-Daniel-Mansur-e1536167006830.jpg",900,603,false]},"uagb_author_info":{"display_name":"Jornal da Constru\u00e7\u00e3o Civil","author_link":"https:\/\/construcaocivil.siriusmarketingedesign.com.br\/?author=1"},"uagb_comment_info":0,"uagb_excerpt":"Setembro, 2018 &#8211; Depois da memor\u00e1vel edi\u00e7\u00e3o de 2016, estruturada com o objetivo de celebrar a conquista pelo Conjunto Moderno da Pampulha com o t\u00edtulo de Patrim\u00f4nio Cultural da Humanidade, a CASACOR Minas Gerais se prepara para mais um ano de grandes conquistas e resultados. A maior mostra de arquitetura, design de interiores e paisagismo&hellip;","_links":{"self":[{"href":"https:\/\/construcaocivil.siriusmarketingedesign.com.br\/index.php?rest_route=\/wp\/v2\/posts\/10193","targetHints":{"allow":["GET"]}}],"collection":[{"href":"https:\/\/construcaocivil.siriusmarketingedesign.com.br\/index.php?rest_route=\/wp\/v2\/posts"}],"about":[{"href":"https:\/\/construcaocivil.siriusmarketingedesign.com.br\/index.php?rest_route=\/wp\/v2\/types\/post"}],"author":[{"embeddable":true,"href":"https:\/\/construcaocivil.siriusmarketingedesign.com.br\/index.php?rest_route=\/wp\/v2\/users\/1"}],"replies":[{"embeddable":true,"href":"https:\/\/construcaocivil.siriusmarketingedesign.com.br\/index.php?rest_route=%2Fwp%2Fv2%2Fcomments&post=10193"}],"version-history":[{"count":0,"href":"https:\/\/construcaocivil.siriusmarketingedesign.com.br\/index.php?rest_route=\/wp\/v2\/posts\/10193\/revisions"}],"wp:featuredmedia":[{"embeddable":true,"href":"https:\/\/construcaocivil.siriusmarketingedesign.com.br\/index.php?rest_route=\/wp\/v2\/media\/10199"}],"wp:attachment":[{"href":"https:\/\/construcaocivil.siriusmarketingedesign.com.br\/index.php?rest_route=%2Fwp%2Fv2%2Fmedia&parent=10193"}],"wp:term":[{"taxonomy":"category","embeddable":true,"href":"https:\/\/construcaocivil.siriusmarketingedesign.com.br\/index.php?rest_route=%2Fwp%2Fv2%2Fcategories&post=10193"},{"taxonomy":"post_tag","embeddable":true,"href":"https:\/\/construcaocivil.siriusmarketingedesign.com.br\/index.php?rest_route=%2Fwp%2Fv2%2Ftags&post=10193"}],"curies":[{"name":"wp","href":"https:\/\/api.w.org\/{rel}","templated":true}]}}