{"id":10205,"date":"2018-09-06T14:35:08","date_gmt":"2018-09-06T17:35:08","guid":{"rendered":"http:\/\/www.jornaldaconstrucaocivil.com.br\/?p=10205"},"modified":"2018-09-06T14:35:08","modified_gmt":"2018-09-06T17:35:08","slug":"seconci-rio-promove-projeto-de-sustentabilidade-sao-goncalo","status":"publish","type":"post","link":"https:\/\/construcaocivil.siriusmarketingedesign.com.br\/?p=10205","title":{"rendered":"Seconci-Rio promove projeto de sustentabilidade S\u00e3o Gon\u00e7alo"},"content":{"rendered":"<p style=\"font-weight: 400; text-align: justify;\"><span style=\"color: #993300;\">Setembro, 2018<\/span> &#8211; O\u00a0<span style=\"color: #0000ff;\">Projeto\u00a0\u00a0Ecorr\u00e1uze<\/span>, com o apoio do \u00a0Seconci, promover\u00e1\u00a0<strong>no pr\u00f3ximo dia 10 de Setembro,<\/strong>\u00a0das\u00a0<strong>8h \u00e0s 16h<\/strong>, a constru\u00e7\u00e3o de\u00a0canteiros no CIEP Ad\u00e3o Pereira Nunes, onde ser\u00e3o plantadas esp\u00e9cies variadas, desde hortali\u00e7as \u00e0 \u00e1rvores frut\u00edferas, seguindo as premissas do modelo Agro-Florestal.<\/p>\n<figure id=\"attachment_10207\" aria-describedby=\"caption-attachment-10207\" style=\"width: 300px\" class=\"wp-caption alignleft\"><img loading=\"lazy\" decoding=\"async\" class=\"size-medium wp-image-10207\" src=\"http:\/\/www.jornaldaconstrucaocivil.com.br\/wp-content\/uploads\/2018\/09\/CIEP-II-300x225.jpg\" alt=\"\" width=\"300\" height=\"225\" srcset=\"https:\/\/construcaocivil.siriusmarketingedesign.com.br\/wp-content\/uploads\/2018\/09\/CIEP-II-300x225.jpg 300w, https:\/\/construcaocivil.siriusmarketingedesign.com.br\/wp-content\/uploads\/2018\/09\/CIEP-II-768x576.jpg 768w, https:\/\/construcaocivil.siriusmarketingedesign.com.br\/wp-content\/uploads\/2018\/09\/CIEP-II-86x64.jpg 86w, https:\/\/construcaocivil.siriusmarketingedesign.com.br\/wp-content\/uploads\/2018\/09\/CIEP-II.jpg 945w\" sizes=\"auto, (max-width: 300px) 100vw, 300px\" \/><figcaption id=\"caption-attachment-10207\" class=\"wp-caption-text\">Projeto Ecorr\u00e1uze fomenta nos moradores de S\u00e3o Gon\u00e7alo a\u00e7\u00f5es s\u00f3cio &#8211; ambientais na regi\u00e3o. Divulga\u00e7\u00e3o<\/figcaption><\/figure>\n<p style=\"font-weight: 400; text-align: justify;\">\u00a0A iniciativa \u00e9 fruto do\u00a0<span style=\"color: #0000ff;\"><strong>Edital de Apoio a Pequenos Projetos Vizinho do Bem<\/strong><\/span>, realizado h\u00e1 um ano com a inten\u00e7\u00e3o de incentivar os moradores de S\u00e3o Gon\u00e7alo a criarem projetos\u00a0socioeducativos visando resultados eficazes para as comunidades no entorno do empreendimento da\u00a0<strong>MRV Engenharia<\/strong>, o\u00a0<strong>Reserva Solare<\/strong>, em Vila Lage.<\/p>\n<p style=\"font-weight: 400; text-align: justify;\">Os locais j\u00e1 demarcados (ao lado do campo de futebol e da biblioteca) foram escolhidos criteriosamente devido \u00e0s condi\u00e7\u00f5es de sol e da presen\u00e7a de solo exposto. O objetivo \u00e9 promover um contato \u00edntimo dos participantes com a terra e capacit\u00e1-los para praticar o plantio agroflorestal em suas casas, bairros e demais locais de interesse. Dessa forma, ser\u00e3o atribu\u00eddas fun\u00e7\u00f5es para as \u00e1reas subutilizadas do terreno que compreende o CIEP atrav\u00e9s da produ\u00e7\u00e3o de alimentos org\u00e2nicos e saud\u00e1veis, tornando a escola um agrad\u00e1vel espa\u00e7o de conviv\u00eancia e gerando alguma autonomia alimentar para o refeit\u00f3rio escolar.<\/p>\n<p style=\"font-weight: 400; text-align: justify;\">Aproximadamente\u00a0 450 crian\u00e7as ser\u00e3o beneficiadas com a iniciativa, atingindo indiretamente atrav\u00e9s de suas fam\u00edlias cerca 2 mil de pessoas.\u00a0O encontro aproximar\u00e1 estudantes e moradores da comunidade da produ\u00e7\u00e3o de alimentos e pr\u00e1ticas sustent\u00e1veis, o que contribui para aumentar a seguran\u00e7a alimentar, al\u00e9m de possibilitar o desenvolvimento de atividades rent\u00e1veis.<\/p>\n<p style=\"font-weight: 400; text-align: justify;\">Os interessados em participar dever\u00e3o comparecer com vestimentas pr\u00f3prias para a atividade (cal\u00e7a comprida e botas ou sapatos fechados) e receber\u00e3o\u00a0 uma\u00a0 refei\u00e7\u00e3o no almo\u00e7o e frutas ao longo do dia.\u00a0 A inscri\u00e7\u00e3o pode ser feita\u00a0 atrav\u00e9s do telefone: <span style=\"color: #0000ff;\">98805-3311 e 99917-3021<\/span><\/p>\n<p>Fonte: Imprensa\/Seconci-Rio<\/p>\n","protected":false},"excerpt":{"rendered":"<p>Setembro, 2018 &#8211; O\u00a0Projeto\u00a0\u00a0Ecorr\u00e1uze, com o apoio do \u00a0Seconci, promover\u00e1\u00a0no pr\u00f3ximo dia 10 de Setembro,\u00a0das\u00a08h \u00e0s 16h, a constru\u00e7\u00e3o de\u00a0canteiros no CIEP Ad\u00e3o Pereira Nunes, onde ser\u00e3o plantadas esp\u00e9cies variadas, desde hortali\u00e7as \u00e0 \u00e1rvores frut\u00edferas, seguindo as premissas do modelo Agro-Florestal. \u00a0A iniciativa \u00e9 fruto do\u00a0Edital de Apoio a Pequenos Projetos Vizinho do Bem, realizado [&hellip;]<\/p>\n","protected":false},"author":1,"featured_media":10206,"comment_status":"open","ping_status":"open","sticky":false,"template":"","format":"standard","meta":{"_uag_custom_page_level_css":"","footnotes":""},"categories":[37],"tags":[418,13529,13526,13528,2826,13530,6164,7959,13525,13527,13524,13531,10732],"class_list":["post-10205","post","type-post","status-publish","format-standard","has-post-thumbnail","hentry","category-sustentabilidade","tag-acoes-de-sustentabilidade","tag-agro-florestal","tag-arvores-frutiferas","tag-ciep-adao-pereira-nunes-sg","tag-construcao-civil","tag-criancas-e-jovens-vao-ter-almoco-e-lanche","tag-inscricoes-gratuitas","tag-mrv-engenharia","tag-plantacao-de-hortalicas","tag-projeto-ecorrauze","tag-projetos-comunitarios-no-vila-lage","tag-sao-goncalo-rio","tag-seconci-rio"],"blocksy_meta":[],"spectra_blocks_featured_image_url":{"thumbnail":{"url":"https:\/\/construcaocivil.siriusmarketingedesign.com.br\/wp-content\/uploads\/2018\/09\/CIEP-150x150.jpg","width":150,"height":150},"medium":{"url":"https:\/\/construcaocivil.siriusmarketingedesign.com.br\/wp-content\/uploads\/2018\/09\/CIEP-300x225.jpg","width":300,"height":225},"medium_large":{"url":"https:\/\/construcaocivil.siriusmarketingedesign.com.br\/wp-content\/uploads\/2018\/09\/CIEP-768x576.jpg","width":768,"height":576},"large":{"url":"https:\/\/construcaocivil.siriusmarketingedesign.com.br\/wp-content\/uploads\/2018\/09\/CIEP-1024x768.jpg","width":1024,"height":768},"full":{"url":"https:\/\/construcaocivil.siriusmarketingedesign.com.br\/wp-content\/uploads\/2018\/09\/CIEP-e1536254603111.jpg","width":900,"height":675}},"spectra_blocks_author_info":{"display_name":"Jornal da Constru\u00e7\u00e3o Civil","avatar_url":"https:\/\/secure.gravatar.com\/avatar\/973c9774fd44ddaceb026973c4962faa70fc512bc4c9da68e8ebb40fecee6540?s=96&d=mm&r=g","author_link":"https:\/\/construcaocivil.siriusmarketingedesign.com.br\/?author=1","description":"Desde de 2013, levando muitas informa\u00e7\u00f5es, lan\u00e7amentos e produtos de qualidade para toda cadeia produtiva da constru\u00e7\u00e3o. O Futuro da constru\u00e7\u00e3o passa por aqui,"},"uagb_featured_image_src":{"full":["https:\/\/construcaocivil.siriusmarketingedesign.com.br\/wp-content\/uploads\/2018\/09\/CIEP-e1536254603111.jpg",900,675,false],"thumbnail":["https:\/\/construcaocivil.siriusmarketingedesign.com.br\/wp-content\/uploads\/2018\/09\/CIEP-150x150.jpg",150,150,true],"medium":["https:\/\/construcaocivil.siriusmarketingedesign.com.br\/wp-content\/uploads\/2018\/09\/CIEP-300x225.jpg",300,225,true],"medium_large":["https:\/\/construcaocivil.siriusmarketingedesign.com.br\/wp-content\/uploads\/2018\/09\/CIEP-768x576.jpg",768,576,true],"large":["https:\/\/construcaocivil.siriusmarketingedesign.com.br\/wp-content\/uploads\/2018\/09\/CIEP-1024x768.jpg",1024,768,true],"1536x1536":["https:\/\/construcaocivil.siriusmarketingedesign.com.br\/wp-content\/uploads\/2018\/09\/CIEP-e1536254603111.jpg",900,675,false],"2048x2048":["https:\/\/construcaocivil.siriusmarketingedesign.com.br\/wp-content\/uploads\/2018\/09\/CIEP-e1536254603111.jpg",900,675,false]},"uagb_author_info":{"display_name":"Jornal da Constru\u00e7\u00e3o Civil","author_link":"https:\/\/construcaocivil.siriusmarketingedesign.com.br\/?author=1"},"uagb_comment_info":0,"uagb_excerpt":"Setembro, 2018 &#8211; O\u00a0Projeto\u00a0\u00a0Ecorr\u00e1uze, com o apoio do \u00a0Seconci, promover\u00e1\u00a0no pr\u00f3ximo dia 10 de Setembro,\u00a0das\u00a08h \u00e0s 16h, a constru\u00e7\u00e3o de\u00a0canteiros no CIEP Ad\u00e3o Pereira Nunes, onde ser\u00e3o plantadas esp\u00e9cies variadas, desde hortali\u00e7as \u00e0 \u00e1rvores frut\u00edferas, seguindo as premissas do modelo Agro-Florestal. \u00a0A iniciativa \u00e9 fruto do\u00a0Edital de Apoio a Pequenos Projetos Vizinho do Bem, realizado&hellip;","_links":{"self":[{"href":"https:\/\/construcaocivil.siriusmarketingedesign.com.br\/index.php?rest_route=\/wp\/v2\/posts\/10205","targetHints":{"allow":["GET"]}}],"collection":[{"href":"https:\/\/construcaocivil.siriusmarketingedesign.com.br\/index.php?rest_route=\/wp\/v2\/posts"}],"about":[{"href":"https:\/\/construcaocivil.siriusmarketingedesign.com.br\/index.php?rest_route=\/wp\/v2\/types\/post"}],"author":[{"embeddable":true,"href":"https:\/\/construcaocivil.siriusmarketingedesign.com.br\/index.php?rest_route=\/wp\/v2\/users\/1"}],"replies":[{"embeddable":true,"href":"https:\/\/construcaocivil.siriusmarketingedesign.com.br\/index.php?rest_route=%2Fwp%2Fv2%2Fcomments&post=10205"}],"version-history":[{"count":0,"href":"https:\/\/construcaocivil.siriusmarketingedesign.com.br\/index.php?rest_route=\/wp\/v2\/posts\/10205\/revisions"}],"wp:featuredmedia":[{"embeddable":true,"href":"https:\/\/construcaocivil.siriusmarketingedesign.com.br\/index.php?rest_route=\/wp\/v2\/media\/10206"}],"wp:attachment":[{"href":"https:\/\/construcaocivil.siriusmarketingedesign.com.br\/index.php?rest_route=%2Fwp%2Fv2%2Fmedia&parent=10205"}],"wp:term":[{"taxonomy":"category","embeddable":true,"href":"https:\/\/construcaocivil.siriusmarketingedesign.com.br\/index.php?rest_route=%2Fwp%2Fv2%2Fcategories&post=10205"},{"taxonomy":"post_tag","embeddable":true,"href":"https:\/\/construcaocivil.siriusmarketingedesign.com.br\/index.php?rest_route=%2Fwp%2Fv2%2Ftags&post=10205"}],"curies":[{"name":"wp","href":"https:\/\/api.w.org\/{rel}","templated":true}]}}