{"id":10228,"date":"2018-09-11T14:31:39","date_gmt":"2018-09-11T17:31:39","guid":{"rendered":"http:\/\/www.jornaldaconstrucaocivil.com.br\/?p=10228"},"modified":"2018-09-11T14:31:39","modified_gmt":"2018-09-11T17:31:39","slug":"dicas-de-casa-decorados-sao-cenarios-ideais-para-muitas-ocasioes","status":"publish","type":"post","link":"https:\/\/construcaocivil.siriusmarketingedesign.com.br\/?p=10228","title":{"rendered":"Dicas de Casa: Decorados s\u00e3o cen\u00e1rios ideais para muitas ocasi\u00f5es"},"content":{"rendered":"<p dir=\"ltr\" style=\"text-align: justify;\"><span style=\"color: #993300;\">Setembro, 2018<\/span> &#8211; Os decorados h\u00e1 muito tempo t\u00eam sido uma importante ferramenta de marketing para os empreendimentos imobili\u00e1rios. Estrategicamente planejados por arquitetos ou designers de interiores, esses espa\u00e7os \u00a0servem para que os clientes visualizem detalhes do im\u00f3vel que pretendem comprar, como tamanho dos ambientes, possibilidades para disponibilidade dos m\u00f3veis, qualidade de acabamento e outros detalhes. Com projetos de interiores cada vez mais bem elaborados, os decorados tamb\u00e9m chamam a aten\u00e7\u00e3o para quem procura o cen\u00e1rio ideal para um ensaio fotogr\u00e1fico, uma pe\u00e7a publicit\u00e1ria, ou para uma grava\u00e7\u00e3o de um programa de TV ou da Web, ou mesmo para a realiza\u00e7\u00e3o de um evento.<\/p>\n<figure id=\"attachment_10230\" aria-describedby=\"caption-attachment-10230\" style=\"width: 300px\" class=\"wp-caption alignleft\"><img loading=\"lazy\" decoding=\"async\" class=\"size-medium wp-image-10230\" src=\"http:\/\/www.jornaldaconstrucaocivil.com.br\/wp-content\/uploads\/2018\/09\/A-Decorado-Gaia_Divulga\u00e7\u00e3oR-300x169.jpg\" alt=\"\" width=\"300\" height=\"169\" \/><figcaption id=\"caption-attachment-10230\" class=\"wp-caption-text\">Decorado Gaia. Divulga\u00e7\u00e3o<\/figcaption><\/figure>\n<p dir=\"ltr\" style=\"text-align: justify;\">Assistente de marketing da Din\u00e2mica Engenharia, Joice Chagas, explica que ceder o decorado para outras a\u00e7\u00f5es que v\u00e3o al\u00e9m de sua fun\u00e7\u00e3o inicial \u00e9 positivo, pois leva mais visibilidade para o empreendimento. Ela lembra que muitas vezes o uso desses espa\u00e7os montados para mostrar o projeto de um im\u00f3vel s\u00e3o usados por celebridades, modelos ou grandes marcas. &#8220;Conseguimos expor de forma espont\u00e2nea a constru\u00e7\u00e3o, o acabamento e o nome do empreendimento. \u00c9 uma forma de branding da empresa oferecer os decorados para a\u00e7\u00f5es e ensaios com celebridades ou digitais influencers gera uma visibilidade indireta muito positiva&#8221;, ressalta.<\/p>\n<p dir=\"ltr\" style=\"text-align: justify;\">A modelo Miriam Seir sempre faz ensaios fotogr\u00e1ficos para diversos tipos de campanhas publicit\u00e1rias e explica que o uso dos decorados, al\u00e9m de possibilitar bel\u00edssimas fotos, \u00e9 bem mais pr\u00e1tico para esse tipo de trabalho. &#8220;Acho que al\u00e9m de sempre ser ambientes bel\u00edssimos e planejados por profissionais gabaritados, t\u00eam a vantagem de n\u00e3o ser uma casa ocupada, com moradores reais. No decorado n\u00e3o precisamos nos preocupar em atrapalhar a rotina da casa, ou do constrangimento que isso gera \u00e0s vezes&#8221;, explica.<\/p>\n<p dir=\"ltr\" style=\"text-align: justify;\">A modelo lembra que outro ponto positivo \u00e9 que as loca\u00e7\u00f5es podem ser cobradas, por\u00e9m em alguns casos se torna uma via de m\u00e3o dupla, onde a construtora cede o espa\u00e7o e ganha em divulga\u00e7\u00e3o. &#8220;Tanto a marca quanto nos modelos fazemos essa divulga\u00e7\u00e3o pelas redes sociais. No caso do Po\u00e8me [decorado de empreendimento da Din\u00e2mica usado recentemente pela modelo], muitas pessoas vieram me perguntar onde fiz as fotos, porque disseram que ficaram perfeitas&#8221;, ressalta Miriam.<\/p>\n<figure id=\"attachment_10231\" aria-describedby=\"caption-attachment-10231\" style=\"width: 225px\" class=\"wp-caption alignright\"><img loading=\"lazy\" decoding=\"async\" class=\"size-medium wp-image-10231\" src=\"http:\/\/www.jornaldaconstrucaocivil.com.br\/wp-content\/uploads\/2018\/09\/AA-DECORADO-Foto-4-225x300.jpeg\" alt=\"\" width=\"225\" height=\"300\" srcset=\"https:\/\/construcaocivil.siriusmarketingedesign.com.br\/wp-content\/uploads\/2018\/09\/AA-DECORADO-Foto-4-225x300.jpeg 225w, https:\/\/construcaocivil.siriusmarketingedesign.com.br\/wp-content\/uploads\/2018\/09\/AA-DECORADO-Foto-4-768x1024.jpeg 768w, https:\/\/construcaocivil.siriusmarketingedesign.com.br\/wp-content\/uploads\/2018\/09\/AA-DECORADO-Foto-4.jpeg 960w\" sizes=\"auto, (max-width: 225px) 100vw, 225px\" \/><figcaption id=\"caption-attachment-10231\" class=\"wp-caption-text\">Web-s\u00e9rie &#8211; Gabriel Seabra(esq) e Aline Torres(dir). Divulga\u00e7\u00e3o<\/figcaption><\/figure>\n<p dir=\"ltr\" style=\"text-align: justify;\">Segundo a modelo, os decorados s\u00e3o \u00f3timos cen\u00e1rios para ensaios com roupas femininas. &#8220;A gente d\u00e1 uma percep\u00e7\u00e3o para quem v\u00ea a foto de como seria o look dessa mulher, contempor\u00e2nea e bem sucedida, no seu dia a dia. No caso, a decora\u00e7\u00e3o de luxo que apresenta o Po\u00e8me, ressalta ainda mais a pe\u00e7as da marca&#8221;, explica.<\/p>\n<p dir=\"ltr\" style=\"text-align: justify;\">O projeto do decorado do residencial Po\u00e8me \u00e9 assinado pela arquiteta Ana Paula Castro que apostou no uso de madeira para revestir as paredes da sala e dos quartos como forma de levar aconchego para apartamentos de grandes metragens como as unidades do residencial de luxo constru\u00eddo pela Din\u00e2mica Engenharia que possui apartamentos com metragens de 264m\u00b2 e 530m\u00b2.<\/p>\n<p dir=\"ltr\" style=\"text-align: justify;\">A decora\u00e7\u00e3o proposta no decorado do Po\u00e9me Lago da Rosa associa a praticidade ao luxo de maneira s\u00f3bria. As cores claras n\u00e3o deixam os ambientes com aspecto pesado. O projeto, al\u00e9m de contar com madeira natural, tem a cor cinza nos m\u00f3veis, que junto com outros tons neutros, refor\u00e7am o conceito de modernidade. Outros elementos que refor\u00e7am essa ideia s\u00e3o as formas geom\u00e9tricas presentes nas obras de artes espalhadas pelo decorado e linhas retas que comp\u00f5em os m\u00f3veis.<\/p>\n<p dir=\"ltr\"><strong><span style=\"color: #993300;\">Web-s\u00e9rie<\/span><\/strong><\/p>\n<p dir=\"ltr\" style=\"text-align: justify;\">O Mesa para Tr\u00eas \u00e9 uma web-s\u00e9rie de life style com a apresenta\u00e7\u00e3o da chef de cozinha goiana Aline Torres. Toda o material produzido na primeira temporada do programa, cerca de 10 epis\u00f3dios, \u00a0foi gravado no decorado do Residencial Persona Bueno By Brasal. No programa ela recebe personalidades goianas e prepara pratos que remetem a momentos importantes na vida dos convidados.Com projeto de interiores assinado pela arquiteta Anna Paula Melo, o espa\u00e7o foi escolhido pela beleza e por contar com toda estrutura necess\u00e1ria para a grava\u00e7\u00e3o do programa e preparo dos pratos.<\/p>\n<p dir=\"ltr\" style=\"text-align: justify;\">O diretor de conte\u00fado da Cento e Nove Films_ON e co-criador do projeto, Gabriel Seabra, conta que a grava\u00e7\u00e3o nos decorados sempre agrega muita qualidade ao material e explica porqu\u00ea. &#8220;Esses espa\u00e7os [dos decorados] t\u00eam duas coisas essenciais para v\u00eddeos profissionais: primeiro que s\u00e3o extremamente bem cuidados visualmente, ou seja, \u00a0para onde aponto a c\u00e2mera e fecho, n\u00e3o tem pontos ruins. O outra coisa \u00e9 a extrema funcionalidade, \u00e9 como se estivessemos num set, uma loca\u00e7\u00e3o de casa que \u00e9 de fato ocupada&#8221;, explica.<\/p>\n<p dir=\"ltr\" style=\"text-align: justify;\"><strong><span style=\"color: #993300;\">Moda e decora\u00e7\u00e3o \u00a0<\/span><\/strong><\/p>\n<p dir=\"ltr\" style=\"text-align: justify;\">O decorado do Gaia Consciente Home, empreendimento da Consciente Construtora e Incorporadora, foi o palco escolhido para uma sess\u00e3o de fotos da grife de cal\u00e7ados femininos Salt. Os clicks ficaram a cargo do fot\u00f3grafo F\u00e1bio Cazanga que explorou todas as possibilidades do decorado do residencial, que leva a assinatura da designer de interiores Jacqueline Adorno. A modelo da sess\u00e3o de fotos foi a pr\u00f3pria s\u00f3cia-propriet\u00e1ria da Salt, Tatiane Bueno.<\/p>\n<p dir=\"ltr\" style=\"text-align: justify;\">Presente em Goi\u00e2nia, Aracaju (SE) e Taubat\u00e9 (SP), a grife de cal\u00e7ados femininos sempre foi conhecida por imprimir em seus produtos luxo, mas sempre aliando com a praticidade e o conforto. Para \u00a0Tatiane Bueno, o projeto do decorado do Gaia traduz bem esses tr\u00eas conceitos e por isso foi escolhido como cen\u00e1rio do ensaio fotogr\u00e1fico. &#8220;O ambiente transmite luxo sem ostenta\u00e7\u00e3o, sofistica\u00e7\u00e3o na dose certa e um lugar bem pensado para satisfazer o lado pr\u00e1tico e est\u00e9tico dos moradores. Trabalhamos muito a quest\u00e3o de atender nossas clientes com um produto bonito, da moda, mas tamb\u00e9m com muito conforto&#8221;, frisa.<\/p>\n<p dir=\"ltr\">Fonte: Imprensa\/ Din\u00e2mica Engenharia<\/p>\n","protected":false},"excerpt":{"rendered":"<p>Setembro, 2018 &#8211; Os decorados h\u00e1 muito tempo t\u00eam sido uma importante ferramenta de marketing para os empreendimentos imobili\u00e1rios. Estrategicamente planejados por arquitetos ou designers de interiores, esses espa\u00e7os \u00a0servem para que os clientes visualizem detalhes do im\u00f3vel que pretendem comprar, como tamanho dos ambientes, possibilidades para disponibilidade dos m\u00f3veis, qualidade de acabamento e outros [&hellip;]<\/p>\n","protected":false},"author":1,"featured_media":10229,"comment_status":"open","ping_status":"open","sticky":false,"template":"","format":"standard","meta":{"_uag_custom_page_level_css":"","footnotes":""},"categories":[28],"tags":[768,3691,4139,5511,13568,13572,13570,13569,13571],"class_list":["post-10228","post","type-post","status-publish","format-standard","has-post-thumbnail","hentry","category-arquitetura","tag-apartamentos-decorados","tag-dinamica-engenharia","tag-empreendimentos-imobiliarios","tag-goiania","tag-imoveis-planejados-por-arquitetos-ou-designers-de-interiores","tag-mercado-imobiliario-em-goiania-segue-em-alta","tag-residencial-de-luxo","tag-residencial-poeme","tag-web-serie-life-style"],"blocksy_meta":[],"spectra_blocks_featured_image_url":{"thumbnail":{"url":"https:\/\/construcaocivil.siriusmarketingedesign.com.br\/wp-content\/uploads\/2018\/09\/AA-Decorado_Poeme_da_Dinamica-150x150.jpg","width":150,"height":150},"medium":{"url":"https:\/\/construcaocivil.siriusmarketingedesign.com.br\/wp-content\/uploads\/2018\/09\/AA-Decorado_Poeme_da_Dinamica-300x225.jpg","width":300,"height":225},"medium_large":{"url":"https:\/\/construcaocivil.siriusmarketingedesign.com.br\/wp-content\/uploads\/2018\/09\/AA-Decorado_Poeme_da_Dinamica-768x576.jpg","width":768,"height":576},"large":{"url":"https:\/\/construcaocivil.siriusmarketingedesign.com.br\/wp-content\/uploads\/2018\/09\/AA-Decorado_Poeme_da_Dinamica-1024x768.jpg","width":1024,"height":768},"full":{"url":"https:\/\/construcaocivil.siriusmarketingedesign.com.br\/wp-content\/uploads\/2018\/09\/AA-Decorado_Poeme_da_Dinamica-e1536686410809.jpg","width":900,"height":675}},"spectra_blocks_author_info":{"display_name":"Jornal da Constru\u00e7\u00e3o Civil","avatar_url":"https:\/\/secure.gravatar.com\/avatar\/973c9774fd44ddaceb026973c4962faa70fc512bc4c9da68e8ebb40fecee6540?s=96&d=mm&r=g","author_link":"https:\/\/construcaocivil.siriusmarketingedesign.com.br\/?author=1","description":"Desde de 2013, levando muitas informa\u00e7\u00f5es, lan\u00e7amentos e produtos de qualidade para toda cadeia produtiva da constru\u00e7\u00e3o. O Futuro da constru\u00e7\u00e3o passa por aqui,"},"uagb_featured_image_src":{"full":["https:\/\/construcaocivil.siriusmarketingedesign.com.br\/wp-content\/uploads\/2018\/09\/AA-Decorado_Poeme_da_Dinamica-e1536686410809.jpg",900,675,false],"thumbnail":["https:\/\/construcaocivil.siriusmarketingedesign.com.br\/wp-content\/uploads\/2018\/09\/AA-Decorado_Poeme_da_Dinamica-150x150.jpg",150,150,true],"medium":["https:\/\/construcaocivil.siriusmarketingedesign.com.br\/wp-content\/uploads\/2018\/09\/AA-Decorado_Poeme_da_Dinamica-300x225.jpg",300,225,true],"medium_large":["https:\/\/construcaocivil.siriusmarketingedesign.com.br\/wp-content\/uploads\/2018\/09\/AA-Decorado_Poeme_da_Dinamica-768x576.jpg",768,576,true],"large":["https:\/\/construcaocivil.siriusmarketingedesign.com.br\/wp-content\/uploads\/2018\/09\/AA-Decorado_Poeme_da_Dinamica-1024x768.jpg",1024,768,true],"1536x1536":["https:\/\/construcaocivil.siriusmarketingedesign.com.br\/wp-content\/uploads\/2018\/09\/AA-Decorado_Poeme_da_Dinamica-e1536686410809.jpg",900,675,false],"2048x2048":["https:\/\/construcaocivil.siriusmarketingedesign.com.br\/wp-content\/uploads\/2018\/09\/AA-Decorado_Poeme_da_Dinamica-e1536686410809.jpg",900,675,false]},"uagb_author_info":{"display_name":"Jornal da Constru\u00e7\u00e3o Civil","author_link":"https:\/\/construcaocivil.siriusmarketingedesign.com.br\/?author=1"},"uagb_comment_info":0,"uagb_excerpt":"Setembro, 2018 &#8211; Os decorados h\u00e1 muito tempo t\u00eam sido uma importante ferramenta de marketing para os empreendimentos imobili\u00e1rios. Estrategicamente planejados por arquitetos ou designers de interiores, esses espa\u00e7os \u00a0servem para que os clientes visualizem detalhes do im\u00f3vel que pretendem comprar, como tamanho dos ambientes, possibilidades para disponibilidade dos m\u00f3veis, qualidade de acabamento e outros&hellip;","_links":{"self":[{"href":"https:\/\/construcaocivil.siriusmarketingedesign.com.br\/index.php?rest_route=\/wp\/v2\/posts\/10228","targetHints":{"allow":["GET"]}}],"collection":[{"href":"https:\/\/construcaocivil.siriusmarketingedesign.com.br\/index.php?rest_route=\/wp\/v2\/posts"}],"about":[{"href":"https:\/\/construcaocivil.siriusmarketingedesign.com.br\/index.php?rest_route=\/wp\/v2\/types\/post"}],"author":[{"embeddable":true,"href":"https:\/\/construcaocivil.siriusmarketingedesign.com.br\/index.php?rest_route=\/wp\/v2\/users\/1"}],"replies":[{"embeddable":true,"href":"https:\/\/construcaocivil.siriusmarketingedesign.com.br\/index.php?rest_route=%2Fwp%2Fv2%2Fcomments&post=10228"}],"version-history":[{"count":0,"href":"https:\/\/construcaocivil.siriusmarketingedesign.com.br\/index.php?rest_route=\/wp\/v2\/posts\/10228\/revisions"}],"wp:featuredmedia":[{"embeddable":true,"href":"https:\/\/construcaocivil.siriusmarketingedesign.com.br\/index.php?rest_route=\/wp\/v2\/media\/10229"}],"wp:attachment":[{"href":"https:\/\/construcaocivil.siriusmarketingedesign.com.br\/index.php?rest_route=%2Fwp%2Fv2%2Fmedia&parent=10228"}],"wp:term":[{"taxonomy":"category","embeddable":true,"href":"https:\/\/construcaocivil.siriusmarketingedesign.com.br\/index.php?rest_route=%2Fwp%2Fv2%2Fcategories&post=10228"},{"taxonomy":"post_tag","embeddable":true,"href":"https:\/\/construcaocivil.siriusmarketingedesign.com.br\/index.php?rest_route=%2Fwp%2Fv2%2Ftags&post=10228"}],"curies":[{"name":"wp","href":"https:\/\/api.w.org\/{rel}","templated":true}]}}