{"id":10246,"date":"2018-09-12T15:02:30","date_gmt":"2018-09-12T18:02:30","guid":{"rendered":"http:\/\/www.jornaldaconstrucaocivil.com.br\/?p=10246"},"modified":"2018-09-12T15:02:30","modified_gmt":"2018-09-12T18:02:30","slug":"casacor-rio-estreia-no-dia-18-de-setembro-apostando-em-todas-as-formas-de-morar","status":"publish","type":"post","link":"https:\/\/construcaocivil.siriusmarketingedesign.com.br\/?p=10246","title":{"rendered":"CASACOR RIO estreia no dia 18 de setembro apostando em todas as formas de morar"},"content":{"rendered":"<p style=\"text-align: justify;\">Setembro, 2018 &#8211; Uma CASACOR Rio em sintonia com seu tempo. A mostra deste ano, que acontece na Gl\u00f3ria de 18 de setembro a 4 de novembro, vai apresentar as novas formas de morar e trabalhar: coliving, est\u00fadios, apartamentos feitos sob medida para ele (de uma lado) e para ela (do outro), coworking. Tudo num mesmo condom\u00ednio com espa\u00e7os que variam dos 25m\u00b2 aos 120m\u00b2 e podem ser ocupados por profissionais em in\u00edcio de carreira, jovens casais, solteiros de todas as idades, idosos, fam\u00edlias. Todos os ambientes tendo como fio condutor o tema <span style=\"color: #0000ff;\">&#8220;A Casa Viva&#8221;<\/span>, que destaca a harmonia com a natureza, a conviv\u00eancia e a confraterniza\u00e7\u00e3o, um estilo de vida rodeado de verde e de mem\u00f3rias afetivas.<\/p>\n<p style=\"text-align: justify;\">Este ano, o evento ocupa a antiga sede do grupo Monteiro Aranha, uma propriedade na Ladeira de Nossa Senhora que conta com um pr\u00e9dio de dez andares, uma casa em estilo colonial e \u00e1rea aberta de 2,5 mil m\u00b2.<\/p>\n<p style=\"text-align: justify;\"><span style=\"color: #666699;\"><em>&#8220;Estamos vendo nascer um novo modelo de sociedade em que a generosidade e o compartilhamento s\u00e3o cada vez mais necess\u00e1rios. N\u00e3o \u00e9 mais preciso ter grandes propriedades. Voc\u00ea pode viver bem em casas menores sem abrir m\u00e3o do luxo, mas daquele luxo necess\u00e1rio: pe\u00e7as que s\u00e3o importantes para voc\u00ea e te acompanham ao longo de sua hist\u00f3ria, um local agrad\u00e1vel que te propicie qualidade de vida&#8221;<\/em><\/span>, diz Patricia Quentel, s\u00f3cia-diretora de CASACOR Rio.<\/p>\n<p style=\"text-align: justify;\">As \u00e1reas residenciais est\u00e3o realmente variadas nesta edi\u00e7\u00e3o. No andar dedicado ao coliving, os ambientes v\u00e3o de pequenas su\u00edtes e est\u00fadios a exemplos de \u00e1reas compartilhadas como espa\u00e7o gourmet, living e hall. H\u00e1 ainda os apartamentos tradicionais. Mas aqui, eles s\u00e3o pensados para fam\u00edlias que vivem de um jeito bem contempor\u00e2neo, como o casal que dividiu o im\u00f3vel em dois: de um lado, tudo decorado do jeito dele. Do outro, tudo com a cara dela. E unindo tudo um living ideal para o encontro: de ambos e com os amigos.<\/p>\n<p style=\"text-align: justify;\">Al\u00e9m das \u00e1reas residenciais, o evento tamb\u00e9m vai ter um andar inteiro dedicado ao coworking. E, claro, tira proveito da extensa \u00e1rea externa, onde haver\u00e1 muito verde e \u00e1reas de conviv\u00eancia. Outra \u00e1rea que promete ser disputada pelos visitantes \u00e9 o terra\u00e7o do pr\u00e9dio, que vai abrigar um bar e um bistr\u00f4 e de onde se tem uma incr\u00edvel vista para a Ba\u00eda de Guanabara, al\u00e9m da casa colonial, onde ser\u00e1 instalado o restaurante e um &#8216;garden caf\u00e9&#8217;, com um lounge ao ar livre.<\/p>\n<p style=\"text-align: justify;\">Uma configura\u00e7\u00e3o que tem tudo a ver com a hist\u00f3ria da propriedade. Constru\u00eddo na d\u00e9cada de 1920, o pr\u00e9dio de dez andares na descida da Ladeira da Gl\u00f3ria teve uso residencial por mais de 50 anos. Na d\u00e9cada de 1970, ap\u00f3s um retrofit comandado pelo arquiteto Edmundo Musa passou a ter uso corporativo. Cerca de 20 anos mais tarde, foi ocupado pelas empresas do grupo Monteiro Aranha. Agora, CASACOR apresenta um novo tipo de propriedade mista, em que residencial, comercial e lazer aparecem cada vez mais pr\u00f3ximos, de acordo com as necessidades de nosso tempo.<\/p>\n<p style=\"text-align: justify;\"><span style=\"color: #666699;\"><em>&#8220;CASACOR Rio est\u00e1 sempre antenada com os movimentos do morar atual. E, mais uma vez, apresenta um mix de espa\u00e7os que mostram os caminhos que a casa brasileira deve trilhar nos pr\u00f3ximos anos&#8221;<\/em><\/span>, analisa Patricia Mayer, tamb\u00e9m s\u00f3cia-diretora de CASACOR Rio.<\/p>\n<p><strong>CASACOR RIO 2018<\/strong><\/p>\n<div>\n<p><strong>Per\u00edodo:\u00a0<\/strong>de 18 de setembro a 4 de novembro de 2018<\/p>\n<p><strong>Hor\u00e1rio:\u00a0<\/strong>de ter\u00e7a a s\u00e1bado (inclusive feriado), das 12h \u00e0s 21h; domingo, das 12h \u00e0s 20h.<\/p>\n<p><strong>Local:\u00a0<\/strong>Ladeira de Nossa Senhora, 163. Gl\u00f3ria.<\/p>\n<p>Tel: (21) 2512-2411<\/p>\n<p><strong>Ingressos para visitas de ter\u00e7a a sexta-feira<\/strong><\/p>\n<p><strong>Ingresso inteiro:\u00a0<\/strong>R$ 50<\/p>\n<p><strong>Meia entrada:\u00a0<\/strong>R$ 25<\/p>\n<p><strong>Ingressos para s\u00e1bados, domingos e feriados<\/strong><\/p>\n<p><strong>Ingresso inteiro:\u00a0<\/strong>R$ 60<\/p>\n<p><strong>Meia entrada:\u00a0<\/strong>R$ 30<\/p>\n<p><strong>Passaporte:<\/strong>\u00a0R$ 160<\/p>\n<p><strong>Anu\u00e1rio:<\/strong>\u00a0R$ 40<\/p>\n<p><strong>Crian\u00e7as at\u00e9 10 anos n\u00e3o pagam. Idosos acima de 60 anos e estudantes com carteira oficial pagam meia entrada.<\/strong><\/p>\n<p><strong>Mais informa\u00e7\u00f5es no\u00a0<\/strong><span style=\"color: #0000ff;\"><strong><a style=\"color: #0000ff;\" href=\"http:\/\/www.casacor.com.br\" target=\"_blank\" rel=\"noopener\" data-saferedirecturl=\"https:\/\/www.google.com\/url?q=https:\/\/nsa.i-mpress.net\/link.php?code%3DbDpodHRwJTNBJTJGJTJGd3d3LmNhc2Fjb3IuY29tLmJyJTJGOjM4MDk0NzM1MzU6d2Vib2JyYXNAZ21haWwuY29tOjRlMjg5Mw%3D%3D&amp;source=gmail&amp;ust=1536860226229000&amp;usg=AFQjCNEmLVAuyl4_5gleudYgN1g360rJPA\">www.casacor.com.br<\/a><\/strong><\/span><\/p>\n<\/div>\n<p>&nbsp;<\/p>\n<p>&nbsp;<\/p>\n<p>&nbsp;<\/p>\n<p>Fonte: Imprensa CasaCor<\/p>\n","protected":false},"excerpt":{"rendered":"<p>Setembro, 2018 &#8211; Uma CASACOR Rio em sintonia com seu tempo. A mostra deste ano, que acontece na Gl\u00f3ria de 18 de setembro a 4 de novembro, vai apresentar as novas formas de morar e trabalhar: coliving, est\u00fadios, apartamentos feitos sob medida para ele (de uma lado) e para ela (do outro), coworking. Tudo num [&hellip;]<\/p>\n","protected":false},"author":1,"featured_media":10247,"comment_status":"open","ping_status":"open","sticky":false,"template":"","format":"standard","meta":{"_uag_custom_page_level_css":"","footnotes":""},"categories":[28],"tags":[13596,13600,1933,13597,13599,13602,13604,13601,13603,13598],"class_list":["post-10246","post","type-post","status-publish","format-standard","has-post-thumbnail","hentry","category-arquitetura","tag-a-casa-viva","tag-arquitetos-e-designers-interiores","tag-casa-e-decoracao","tag-casacor-rio-2018","tag-casarao-ladeira-da-nossa-senhora-gloria","tag-cozinhas-elegantes","tag-maior-evento-de-arquitetura-do-brasil","tag-moveis-modernos","tag-sala-de-star","tag-vendas-de-ingressos"],"blocksy_meta":[],"spectra_blocks_featured_image_url":{"thumbnail":{"url":"https:\/\/construcaocivil.siriusmarketingedesign.com.br\/wp-content\/uploads\/2018\/09\/CASA-COR-RIO-150x150.jpg","width":150,"height":150},"medium":{"url":"https:\/\/construcaocivil.siriusmarketingedesign.com.br\/wp-content\/uploads\/2018\/09\/CASA-COR-RIO.jpg","width":225,"height":225},"medium_large":{"url":"https:\/\/construcaocivil.siriusmarketingedesign.com.br\/wp-content\/uploads\/2018\/09\/CASA-COR-RIO.jpg","width":225,"height":225},"large":{"url":"https:\/\/construcaocivil.siriusmarketingedesign.com.br\/wp-content\/uploads\/2018\/09\/CASA-COR-RIO.jpg","width":225,"height":225},"full":{"url":"https:\/\/construcaocivil.siriusmarketingedesign.com.br\/wp-content\/uploads\/2018\/09\/CASA-COR-RIO.jpg","width":225,"height":225}},"spectra_blocks_author_info":{"display_name":"Jornal da Constru\u00e7\u00e3o Civil","avatar_url":"https:\/\/secure.gravatar.com\/avatar\/973c9774fd44ddaceb026973c4962faa70fc512bc4c9da68e8ebb40fecee6540?s=96&d=mm&r=g","author_link":"https:\/\/construcaocivil.siriusmarketingedesign.com.br\/?author=1","description":"Desde de 2013, levando muitas informa\u00e7\u00f5es, lan\u00e7amentos e produtos de qualidade para toda cadeia produtiva da constru\u00e7\u00e3o. O Futuro da constru\u00e7\u00e3o passa por aqui,"},"uagb_featured_image_src":{"full":["https:\/\/construcaocivil.siriusmarketingedesign.com.br\/wp-content\/uploads\/2018\/09\/CASA-COR-RIO.jpg",225,225,false],"thumbnail":["https:\/\/construcaocivil.siriusmarketingedesign.com.br\/wp-content\/uploads\/2018\/09\/CASA-COR-RIO-150x150.jpg",150,150,true],"medium":["https:\/\/construcaocivil.siriusmarketingedesign.com.br\/wp-content\/uploads\/2018\/09\/CASA-COR-RIO.jpg",225,225,false],"medium_large":["https:\/\/construcaocivil.siriusmarketingedesign.com.br\/wp-content\/uploads\/2018\/09\/CASA-COR-RIO.jpg",225,225,false],"large":["https:\/\/construcaocivil.siriusmarketingedesign.com.br\/wp-content\/uploads\/2018\/09\/CASA-COR-RIO.jpg",225,225,false],"1536x1536":["https:\/\/construcaocivil.siriusmarketingedesign.com.br\/wp-content\/uploads\/2018\/09\/CASA-COR-RIO.jpg",225,225,false],"2048x2048":["https:\/\/construcaocivil.siriusmarketingedesign.com.br\/wp-content\/uploads\/2018\/09\/CASA-COR-RIO.jpg",225,225,false]},"uagb_author_info":{"display_name":"Jornal da Constru\u00e7\u00e3o Civil","author_link":"https:\/\/construcaocivil.siriusmarketingedesign.com.br\/?author=1"},"uagb_comment_info":0,"uagb_excerpt":"Setembro, 2018 &#8211; Uma CASACOR Rio em sintonia com seu tempo. A mostra deste ano, que acontece na Gl\u00f3ria de 18 de setembro a 4 de novembro, vai apresentar as novas formas de morar e trabalhar: coliving, est\u00fadios, apartamentos feitos sob medida para ele (de uma lado) e para ela (do outro), coworking. Tudo num&hellip;","_links":{"self":[{"href":"https:\/\/construcaocivil.siriusmarketingedesign.com.br\/index.php?rest_route=\/wp\/v2\/posts\/10246","targetHints":{"allow":["GET"]}}],"collection":[{"href":"https:\/\/construcaocivil.siriusmarketingedesign.com.br\/index.php?rest_route=\/wp\/v2\/posts"}],"about":[{"href":"https:\/\/construcaocivil.siriusmarketingedesign.com.br\/index.php?rest_route=\/wp\/v2\/types\/post"}],"author":[{"embeddable":true,"href":"https:\/\/construcaocivil.siriusmarketingedesign.com.br\/index.php?rest_route=\/wp\/v2\/users\/1"}],"replies":[{"embeddable":true,"href":"https:\/\/construcaocivil.siriusmarketingedesign.com.br\/index.php?rest_route=%2Fwp%2Fv2%2Fcomments&post=10246"}],"version-history":[{"count":0,"href":"https:\/\/construcaocivil.siriusmarketingedesign.com.br\/index.php?rest_route=\/wp\/v2\/posts\/10246\/revisions"}],"wp:featuredmedia":[{"embeddable":true,"href":"https:\/\/construcaocivil.siriusmarketingedesign.com.br\/index.php?rest_route=\/wp\/v2\/media\/10247"}],"wp:attachment":[{"href":"https:\/\/construcaocivil.siriusmarketingedesign.com.br\/index.php?rest_route=%2Fwp%2Fv2%2Fmedia&parent=10246"}],"wp:term":[{"taxonomy":"category","embeddable":true,"href":"https:\/\/construcaocivil.siriusmarketingedesign.com.br\/index.php?rest_route=%2Fwp%2Fv2%2Fcategories&post=10246"},{"taxonomy":"post_tag","embeddable":true,"href":"https:\/\/construcaocivil.siriusmarketingedesign.com.br\/index.php?rest_route=%2Fwp%2Fv2%2Ftags&post=10246"}],"curies":[{"name":"wp","href":"https:\/\/api.w.org\/{rel}","templated":true}]}}