{"id":10249,"date":"2018-09-12T15:22:16","date_gmt":"2018-09-12T18:22:16","guid":{"rendered":"http:\/\/www.jornaldaconstrucaocivil.com.br\/?p=10249"},"modified":"2018-09-12T15:39:50","modified_gmt":"2018-09-12T18:39:50","slug":"industria-da-construcao-continua-em-queda-em-minas-gerais-mas-recuo-foi-menos-intenso-em-julho","status":"publish","type":"post","link":"https:\/\/construcaocivil.siriusmarketingedesign.com.br\/?p=10249","title":{"rendered":"Ind\u00fastria da constru\u00e7\u00e3o continua em queda em Minas Gerais, mas recuo foi menos intenso em julho"},"content":{"rendered":"<p style=\"text-align: justify;\"><span style=\"color: #993300;\">Setembro, 2018<\/span> &#8211; Os indicadores da Sondagem da Ind\u00fastria da Constru\u00e7\u00e3o de Minas Gerais mostraram que a atividade do setor encerrou julho em queda, embora menos acentuada do que a verificada no m\u00eas anterior. O n\u00famero de empregados tamb\u00e9m recuou, apesar da melhora do \u00edndice frente ao apurado em junho. Com rela\u00e7\u00e3o \u00e0s expectativas para os pr\u00f3ximos seis meses, os empres\u00e1rios estimam certa estabilidade no n\u00edvel de atividade e no emprego \u2013 ap\u00f3s dois meses prevendo recuo \u2013 e esperam queda nos lan\u00e7amentos de novos empreendimentos e servi\u00e7os pelo terceiro m\u00eas consecutivo.<\/p>\n<p style=\"text-align: justify;\"><span style=\"color: #0000ff;\">O \u00edndice de inten\u00e7\u00e3o de investimento aumentou em rela\u00e7\u00e3o ao m\u00eas anterior, mas, ainda assim, segue em patamar muito baixo.<\/span><\/p>\n<p style=\"text-align: justify;\"><strong><span style=\"color: #993300;\">Desempenho da ind\u00fastria da constru\u00e7\u00e3o mineira<\/span><\/strong> &#8211; O \u00edndice de atividade da Constru\u00e7\u00e3o alcan\u00e7ou 45,8 pontos em julho, crescendo 3,1 pontos frente a junho (42,7 pontos). Na compara\u00e7\u00e3o com julho de 2017 (41,6 pontos), o indicador aumentou 4,2 pontos, e foi o maior para o m\u00eas em quatro anos. Contudo, o \u00edndice permanece abaixo de 50 pontos desde novembro de 2012 \u2013 valores abaixo de 50 pontos apontam recuo da atividade.<\/p>\n<p style=\"text-align: justify;\">O indicador de atividade em rela\u00e7\u00e3o \u00e0 usual caiu 1,3 ponto, saindo de 27,7 pontos, em junho, para 26,4 pontos, em julho. O \u00edndice est\u00e1 abaixo de 50 pontos, o que significa que o setor da Constru\u00e7\u00e3o continua operando abaixo do padr\u00e3o para o m\u00eas.<\/p>\n<p style=\"text-align: justify;\">O indicador de n\u00famero de empregados aumentou 4,4 pontos entre junho (40,4 pontos) e julho (44,8 pontos), sinalizando queda do emprego menos intensa do que no m\u00eas anterior. Com o avan\u00e7o, o \u00edndice, que at\u00e9 junho acumulava retra\u00e7\u00e3o de 2,9 pontos, passou a acumular crescimento de 1,5 ponto em 2018. Entretanto, o resultado foi 0,3 inferior ao apurado em julho de 2017, e segue abaixo de 50 pontos h\u00e1 quatro anos.<\/p>\n<p style=\"text-align: justify;\"><strong><span style=\"color: #993300;\">Expectativas da ind\u00fastria da constru\u00e7\u00e3o mineira<\/span> <\/strong>&#8211; Os \u00edndices de expectativa demonstram a percep\u00e7\u00e3o dos empres\u00e1rios com rela\u00e7\u00e3o \u00e0 evolu\u00e7\u00e3o do n\u00edvel de atividade, da compra de insumos e mat\u00e9rias-primas, do emprego e dos novos empreendimentos e servi\u00e7os nos pr\u00f3ximos seis meses. Valores abaixo de 50 pontos apontam perspectivas de queda.<\/p>\n<p style=\"text-align: justify;\">O indicador de expectativa do n\u00edvel de atividade aumentou 3,1 pontos frente a julho (46,8 pontos), atingindo 49,9 pontos em agosto. De janeiro a maio, o \u00edndice apontou perspectiva de eleva\u00e7\u00e3o da atividade e, em junho e julho, de queda. No m\u00eas de agosto, ao ficar bem pr\u00f3ximo de 50 pontos, sinalizou estabilidade para os pr\u00f3ximos seis meses. Vale ressaltar que o indicador foi o melhor para agosto desde 2013.<\/p>\n<p style=\"text-align: justify;\">O \u00edndice referente \u00e0s compras de insumos e mat\u00e9rias-primas tamb\u00e9m cresceu na compara\u00e7\u00e3o com julho (46,9 pontos), marcando 49,5 pontos em agosto. Ainda que permane\u00e7a inferior aos 50 pontos, atingiu o maior n\u00edvel para o m\u00eas desde 2013.<\/p>\n<p style=\"text-align: justify;\">O indicador com rela\u00e7\u00e3o ao n\u00famero de empregados aumentou 4,5 pontos frente a julho (45,5 pontos), e ficou na linha de 50 pontos em agosto. O resultado significa que os empres\u00e1rios esperam que o n\u00famero de empregados n\u00e3o se altere nos pr\u00f3ximos seis meses. Vale destacar que o \u00edndice foi 3,1 pontos superior ao de agosto de 2017 e o melhor para o m\u00eas em cinco anos.<\/p>\n<p style=\"text-align: justify;\">O indicador de novos empreendimentos e servi\u00e7os recuou 0,5 ponto entre julho (47,4 pontos) e agosto (46,9 pontos), apontando maior pessimismo dos construtores com rela\u00e7\u00e3o aos novos empreendimentos e servi\u00e7os. No entanto, o \u00edndice foi 1,0 ponto acima do verificado em agosto de 2017 (45,9 pontos) e o mais elevado para o m\u00eas nos \u00faltimos cinco anos.<\/p>\n<p style=\"text-align: justify;\"><strong><span style=\"color: #ff0000;\">Inten\u00e7\u00e3o de investimento<\/span>:<\/strong> O \u00edndice de inten\u00e7\u00e3o de investimento aumentou 2,2 pontos entre julho (24,1 pontos) e agosto (26,3 pontos), o segundo crescimento mensal em 2018: o primeiro, de 2,9 pontos, ocorreu em abril. Apesar da melhora, o indicador acumula queda de 8,0 pontos neste ano. O \u00edndice de inten\u00e7\u00e3o de investimento varia de 0 a 100 pontos, e quanto maior o valor, maior \u00e9 a inten\u00e7\u00e3o de investir.<\/p>\n<p style=\"text-align: justify;\"><strong><span style=\"color: #993300;\">Sobre a Sondagem<\/span><\/strong> &#8211; A Sondagem da Ind\u00fastria da Constru\u00e7\u00e3o de Minas Gerais \u00e9 elaborada pela Ger\u00eancia de Estudos Econ\u00f4micos da Federa\u00e7\u00e3o das Ind\u00fastrias do Estado de Minas Gerais (FIEMG) em parceria com o Sindicato da Ind\u00fastria da Constru\u00e7\u00e3o Civil no Estado de Minas Gerais (Sinduscon-MG).<\/p>\n<p>Fonte: Imprensa\/Sinduscon-MG<\/p>\n","protected":false},"excerpt":{"rendered":"<p>Setembro, 2018 &#8211; Os indicadores da Sondagem da Ind\u00fastria da Constru\u00e7\u00e3o de Minas Gerais mostraram que a atividade do setor encerrou julho em queda, embora menos acentuada do que a verificada no m\u00eas anterior. O n\u00famero de empregados tamb\u00e9m recuou, apesar da melhora do \u00edndice frente ao apurado em junho. Com rela\u00e7\u00e3o \u00e0s expectativas para [&hellip;]<\/p>\n","protected":false},"author":1,"featured_media":10250,"comment_status":"open","ping_status":"open","sticky":false,"template":"","format":"standard","meta":{"_uag_custom_page_level_css":"","footnotes":""},"categories":[27],"tags":[1338,1464,1675,2826,13607,13608,3217,13621,4019,4139,13605,7692,10096,13606,13609,11157],"class_list":["post-10249","post","type-post","status-publish","format-standard","has-post-thumbnail","hentry","category-acontece","tag-belo-horizonte","tag-bndes","tag-caixa","tag-construcao-civil","tag-construcao-de-rodovias","tag-construtores-de-minas-pessimistas-com-futuro","tag-crise-politica","tag-desemprego-alto-na-construcao","tag-eleicoes-2018","tag-empreendimentos-imobiliarios","tag-industria-da-construcao-continua-em-queda-em-minas-gerais","tag-minha-casa-minha-vida","tag-regiao-metropolitana","tag-sem-investimentos-publicos-pais-nao-cresce","tag-servicos-de-obras-e-terraplanagem","tag-sinduscon-mg"],"blocksy_meta":[],"spectra_blocks_featured_image_url":{"thumbnail":{"url":"https:\/\/construcaocivil.siriusmarketingedesign.com.br\/wp-content\/uploads\/2018\/09\/construcao-mercado-imobiliario-150x150.jpeg","width":150,"height":150},"medium":{"url":"https:\/\/construcaocivil.siriusmarketingedesign.com.br\/wp-content\/uploads\/2018\/09\/construcao-mercado-imobiliario-300x164.jpeg","width":300,"height":164},"medium_large":{"url":"https:\/\/construcaocivil.siriusmarketingedesign.com.br\/wp-content\/uploads\/2018\/09\/construcao-mercado-imobiliario.jpeg","width":660,"height":360},"large":{"url":"https:\/\/construcaocivil.siriusmarketingedesign.com.br\/wp-content\/uploads\/2018\/09\/construcao-mercado-imobiliario.jpeg","width":660,"height":360},"full":{"url":"https:\/\/construcaocivil.siriusmarketingedesign.com.br\/wp-content\/uploads\/2018\/09\/construcao-mercado-imobiliario.jpeg","width":660,"height":360}},"spectra_blocks_author_info":{"display_name":"Jornal da Constru\u00e7\u00e3o Civil","avatar_url":"https:\/\/secure.gravatar.com\/avatar\/973c9774fd44ddaceb026973c4962faa70fc512bc4c9da68e8ebb40fecee6540?s=96&d=mm&r=g","author_link":"https:\/\/construcaocivil.siriusmarketingedesign.com.br\/?author=1","description":"Desde de 2013, levando muitas informa\u00e7\u00f5es, lan\u00e7amentos e produtos de qualidade para toda cadeia produtiva da constru\u00e7\u00e3o. O Futuro da constru\u00e7\u00e3o passa por aqui,"},"uagb_featured_image_src":{"full":["https:\/\/construcaocivil.siriusmarketingedesign.com.br\/wp-content\/uploads\/2018\/09\/construcao-mercado-imobiliario.jpeg",660,360,false],"thumbnail":["https:\/\/construcaocivil.siriusmarketingedesign.com.br\/wp-content\/uploads\/2018\/09\/construcao-mercado-imobiliario-150x150.jpeg",150,150,true],"medium":["https:\/\/construcaocivil.siriusmarketingedesign.com.br\/wp-content\/uploads\/2018\/09\/construcao-mercado-imobiliario-300x164.jpeg",300,164,true],"medium_large":["https:\/\/construcaocivil.siriusmarketingedesign.com.br\/wp-content\/uploads\/2018\/09\/construcao-mercado-imobiliario.jpeg",660,360,false],"large":["https:\/\/construcaocivil.siriusmarketingedesign.com.br\/wp-content\/uploads\/2018\/09\/construcao-mercado-imobiliario.jpeg",660,360,false],"1536x1536":["https:\/\/construcaocivil.siriusmarketingedesign.com.br\/wp-content\/uploads\/2018\/09\/construcao-mercado-imobiliario.jpeg",660,360,false],"2048x2048":["https:\/\/construcaocivil.siriusmarketingedesign.com.br\/wp-content\/uploads\/2018\/09\/construcao-mercado-imobiliario.jpeg",660,360,false]},"uagb_author_info":{"display_name":"Jornal da Constru\u00e7\u00e3o Civil","author_link":"https:\/\/construcaocivil.siriusmarketingedesign.com.br\/?author=1"},"uagb_comment_info":0,"uagb_excerpt":"Setembro, 2018 &#8211; Os indicadores da Sondagem da Ind\u00fastria da Constru\u00e7\u00e3o de Minas Gerais mostraram que a atividade do setor encerrou julho em queda, embora menos acentuada do que a verificada no m\u00eas anterior. O n\u00famero de empregados tamb\u00e9m recuou, apesar da melhora do \u00edndice frente ao apurado em junho. Com rela\u00e7\u00e3o \u00e0s expectativas para&hellip;","_links":{"self":[{"href":"https:\/\/construcaocivil.siriusmarketingedesign.com.br\/index.php?rest_route=\/wp\/v2\/posts\/10249","targetHints":{"allow":["GET"]}}],"collection":[{"href":"https:\/\/construcaocivil.siriusmarketingedesign.com.br\/index.php?rest_route=\/wp\/v2\/posts"}],"about":[{"href":"https:\/\/construcaocivil.siriusmarketingedesign.com.br\/index.php?rest_route=\/wp\/v2\/types\/post"}],"author":[{"embeddable":true,"href":"https:\/\/construcaocivil.siriusmarketingedesign.com.br\/index.php?rest_route=\/wp\/v2\/users\/1"}],"replies":[{"embeddable":true,"href":"https:\/\/construcaocivil.siriusmarketingedesign.com.br\/index.php?rest_route=%2Fwp%2Fv2%2Fcomments&post=10249"}],"version-history":[{"count":0,"href":"https:\/\/construcaocivil.siriusmarketingedesign.com.br\/index.php?rest_route=\/wp\/v2\/posts\/10249\/revisions"}],"wp:featuredmedia":[{"embeddable":true,"href":"https:\/\/construcaocivil.siriusmarketingedesign.com.br\/index.php?rest_route=\/wp\/v2\/media\/10250"}],"wp:attachment":[{"href":"https:\/\/construcaocivil.siriusmarketingedesign.com.br\/index.php?rest_route=%2Fwp%2Fv2%2Fmedia&parent=10249"}],"wp:term":[{"taxonomy":"category","embeddable":true,"href":"https:\/\/construcaocivil.siriusmarketingedesign.com.br\/index.php?rest_route=%2Fwp%2Fv2%2Fcategories&post=10249"},{"taxonomy":"post_tag","embeddable":true,"href":"https:\/\/construcaocivil.siriusmarketingedesign.com.br\/index.php?rest_route=%2Fwp%2Fv2%2Ftags&post=10249"}],"curies":[{"name":"wp","href":"https:\/\/api.w.org\/{rel}","templated":true}]}}