{"id":10252,"date":"2018-09-12T15:36:44","date_gmt":"2018-09-12T18:36:44","guid":{"rendered":"http:\/\/www.jornaldaconstrucaocivil.com.br\/?p=10252"},"modified":"2018-09-12T15:36:44","modified_gmt":"2018-09-12T18:36:44","slug":"vendas-de-imoveis-ultimos-dias-para-visitar-a-feira-das-construtoras-do-sinduscon-joinville","status":"publish","type":"post","link":"https:\/\/construcaocivil.siriusmarketingedesign.com.br\/?p=10252","title":{"rendered":"Vendas de im\u00f3veis: \u00daltimos dias para visitar a Feira das Construtoras do Sinduscon -Joinville"},"content":{"rendered":"<p style=\"text-align: justify;\"><span style=\"color: #993300;\">Setembro, 2018<\/span> &#8211; Termina neste s\u00e1bado, dia 15 de setembro, a primeira edi\u00e7\u00e3o da Feira das Construtoras. Realizado pelo SINDUSCON Joinville com o patroc\u00ednio da CAIXA, o evento re\u00fane na pra\u00e7a central do Shopping Mueller nove construtoras e incorporadoras da cidade com mais de 1.100 op\u00e7\u00f5es de im\u00f3veis. S\u00e3o apartamentos prontos, na planta ou em pr\u00e9-lan\u00e7amento a pre\u00e7os que variam de R$ 159 mil a R$ 3,4 milh\u00f5es. H\u00e1 unidades dispon\u00edveis nas cidades de Joinville, Jaragu\u00e1 do Sul, Barra Velha, Penha e Pi\u00e7arras em categorias que v\u00e3o do Minha Casa Minha Vida ao alto padr\u00e3o.<\/p>\n<p style=\"text-align: justify;\">De acordo com a diretora da Ind\u00fastria Imobili\u00e1ria do SINDUSCON Joinville e da Viplan Engenharia, Ana Rita Vieira, a iniciativa atende \u00e0s demandas atuais do mercado, que d\u00e1 sinais de reaquecimento. &#8220;A feira \u00e9 uma excelente oportunidade para gerar neg\u00f3cios e movimentar a economia. Para os clientes que sonham em comprar a casa pr\u00f3pria, os benef\u00edcios em fazer a compra durante a feira incluem descontos e facilidades de negocia\u00e7\u00e3o&#8221;, avisa, lembrando que a CAIXA mant\u00e9m um estande no local para orientar os compradores e fazer simula\u00e7\u00f5es de cr\u00e9dito e financiamentos.<\/p>\n<p style=\"text-align: justify;\">Em Joinville, as vendas de unidades residenciais verticais tiveram um incremento de 50% no segundo trimestre deste ano em compara\u00e7\u00e3o aos meses de abril a junho do ano passado e o VGV (valor geral de vendas) lan\u00e7ado cresceu 30% no per\u00edodo. <span style=\"color: #0000ff;\"><em>&#8220;Nossa inten\u00e7\u00e3o \u00e9 tornar a Feira das Construtoras uma refer\u00eancia no calend\u00e1rio anual de eventos imobili\u00e1rios da cidade, reunindo em um s\u00f3 local as melhores op\u00e7\u00f5es para os clientes&#8221;<\/em><\/span>, diz Ana Rita.<\/p>\n<p style=\"text-align: justify;\">A gerente comercial da Convisa, Ruana Guesser, avalia positivamente a participa\u00e7\u00e3o da empresa na Feira. &#8220;N\u00e3o apenas pelas novas oportunidades de neg\u00f3cios e pelas vendas que fizemos, mas tamb\u00e9m pelo relacionamento com as outras construtoras que participam do evento. J\u00e1 os clientes podem escolher o produto que melhor atende \u00e0s suas necessidades&#8221;, comenta.<\/p>\n<p style=\"text-align: justify;\">Para Daniela Couto, da \u00e1rea Comercial da Wecon Empreendimentos, o evento, bem organizado e com boa infraestrutura, favorece tamb\u00e9m a prospec\u00e7\u00e3o e o fechamento de neg\u00f3cios futuros.<span style=\"color: #0000ff;\"><em> &#8220;Muitos contatos feitos durante a Feira ser\u00e3o mantidos ao longo do m\u00eas&#8221;<\/em><\/span>, afirma.<\/p>\n<p><b><u>SERVI\u00c7O<\/u><\/b><\/p>\n<p><b>O qu\u00ea:<\/b>\u00a01\u00aa Feira das Construtoras do SINDUSCON Joinville<\/p>\n<p><b>Empresas participantes:<\/b>\u00a0Alfa Incorporadora, Convisa, Hacasa, R\u00f4gga, Thora Torresani, Vanguard Home, Vectra, Viplan e Wecon<\/p>\n<p><b>Quando:<\/b>\u00a0At\u00e9 15 de setembro<\/p>\n<p><b>Onde:<\/b>\u00a0Pra\u00e7a de Eventos do Shopping Mueller<\/p>\n<p><b>Atendimento:<\/b>\u00a0Das 10h \u00e0s 22h<\/p>\n<p><b>Acesso \u00e0 feira:\u00a0<\/b>Gratuito<\/p>\n<p>&nbsp;<\/p>\n","protected":false},"excerpt":{"rendered":"<p>Setembro, 2018 &#8211; Termina neste s\u00e1bado, dia 15 de setembro, a primeira edi\u00e7\u00e3o da Feira das Construtoras. Realizado pelo SINDUSCON Joinville com o patroc\u00ednio da CAIXA, o evento re\u00fane na pra\u00e7a central do Shopping Mueller nove construtoras e incorporadoras da cidade com mais de 1.100 op\u00e7\u00f5es de im\u00f3veis. S\u00e3o apartamentos prontos, na planta ou em [&hellip;]<\/p>\n","protected":false},"author":1,"featured_media":10254,"comment_status":"open","ping_status":"open","sticky":false,"template":"","format":"standard","meta":{"_uag_custom_page_level_css":"","footnotes":""},"categories":[30],"tags":[13620,13611,13614,13617,1675,13615,5020,13616,7563,13610,13618,13619,13612,13613,12275],"class_list":["post-10252","post","type-post","status-publish","format-standard","has-post-thumbnail","hentry","category-imoveis","tag-1-100-opcoes-de-imoveis","tag-1a-feira-das-construtoras-do-sinduscon-joinville","tag-alfa-incorporadora","tag-barra-velha","tag-caixa","tag-convisa","tag-fgts","tag-jaragua-do-sul","tag-mercado-imobiliario","tag-minha-casa-minha","tag-penha","tag-precos-com-ofertas-e-adequados-ao-bolso-do-clienete","tag-rogga","tag-shopping-mueller","tag-vendas-de-imoveis"],"blocksy_meta":[],"spectra_blocks_featured_image_url":{"thumbnail":{"url":"https:\/\/construcaocivil.siriusmarketingedesign.com.br\/wp-content\/uploads\/2018\/09\/AA-IMG_4153-150x150.jpg","width":150,"height":150},"medium":{"url":"https:\/\/construcaocivil.siriusmarketingedesign.com.br\/wp-content\/uploads\/2018\/09\/AA-IMG_4153-300x200.jpg","width":300,"height":200},"medium_large":{"url":"https:\/\/construcaocivil.siriusmarketingedesign.com.br\/wp-content\/uploads\/2018\/09\/AA-IMG_4153-768x512.jpg","width":768,"height":512},"large":{"url":"https:\/\/construcaocivil.siriusmarketingedesign.com.br\/wp-content\/uploads\/2018\/09\/AA-IMG_4153-1024x683.jpg","width":1024,"height":683},"full":{"url":"https:\/\/construcaocivil.siriusmarketingedesign.com.br\/wp-content\/uploads\/2018\/09\/AA-IMG_4153-e1536777029121.jpg","width":900,"height":600}},"spectra_blocks_author_info":{"display_name":"Jornal da Constru\u00e7\u00e3o Civil","avatar_url":"https:\/\/secure.gravatar.com\/avatar\/973c9774fd44ddaceb026973c4962faa70fc512bc4c9da68e8ebb40fecee6540?s=96&d=mm&r=g","author_link":"https:\/\/construcaocivil.siriusmarketingedesign.com.br\/?author=1","description":"Desde de 2013, levando muitas informa\u00e7\u00f5es, lan\u00e7amentos e produtos de qualidade para toda cadeia produtiva da constru\u00e7\u00e3o. O Futuro da constru\u00e7\u00e3o passa por aqui,"},"uagb_featured_image_src":{"full":["https:\/\/construcaocivil.siriusmarketingedesign.com.br\/wp-content\/uploads\/2018\/09\/AA-IMG_4153-e1536777029121.jpg",900,600,false],"thumbnail":["https:\/\/construcaocivil.siriusmarketingedesign.com.br\/wp-content\/uploads\/2018\/09\/AA-IMG_4153-150x150.jpg",150,150,true],"medium":["https:\/\/construcaocivil.siriusmarketingedesign.com.br\/wp-content\/uploads\/2018\/09\/AA-IMG_4153-300x200.jpg",300,200,true],"medium_large":["https:\/\/construcaocivil.siriusmarketingedesign.com.br\/wp-content\/uploads\/2018\/09\/AA-IMG_4153-768x512.jpg",768,512,true],"large":["https:\/\/construcaocivil.siriusmarketingedesign.com.br\/wp-content\/uploads\/2018\/09\/AA-IMG_4153-1024x683.jpg",1024,683,true],"1536x1536":["https:\/\/construcaocivil.siriusmarketingedesign.com.br\/wp-content\/uploads\/2018\/09\/AA-IMG_4153-e1536777029121.jpg",900,600,false],"2048x2048":["https:\/\/construcaocivil.siriusmarketingedesign.com.br\/wp-content\/uploads\/2018\/09\/AA-IMG_4153-e1536777029121.jpg",900,600,false]},"uagb_author_info":{"display_name":"Jornal da Constru\u00e7\u00e3o Civil","author_link":"https:\/\/construcaocivil.siriusmarketingedesign.com.br\/?author=1"},"uagb_comment_info":0,"uagb_excerpt":"Setembro, 2018 &#8211; Termina neste s\u00e1bado, dia 15 de setembro, a primeira edi\u00e7\u00e3o da Feira das Construtoras. Realizado pelo SINDUSCON Joinville com o patroc\u00ednio da CAIXA, o evento re\u00fane na pra\u00e7a central do Shopping Mueller nove construtoras e incorporadoras da cidade com mais de 1.100 op\u00e7\u00f5es de im\u00f3veis. S\u00e3o apartamentos prontos, na planta ou em&hellip;","_links":{"self":[{"href":"https:\/\/construcaocivil.siriusmarketingedesign.com.br\/index.php?rest_route=\/wp\/v2\/posts\/10252","targetHints":{"allow":["GET"]}}],"collection":[{"href":"https:\/\/construcaocivil.siriusmarketingedesign.com.br\/index.php?rest_route=\/wp\/v2\/posts"}],"about":[{"href":"https:\/\/construcaocivil.siriusmarketingedesign.com.br\/index.php?rest_route=\/wp\/v2\/types\/post"}],"author":[{"embeddable":true,"href":"https:\/\/construcaocivil.siriusmarketingedesign.com.br\/index.php?rest_route=\/wp\/v2\/users\/1"}],"replies":[{"embeddable":true,"href":"https:\/\/construcaocivil.siriusmarketingedesign.com.br\/index.php?rest_route=%2Fwp%2Fv2%2Fcomments&post=10252"}],"version-history":[{"count":0,"href":"https:\/\/construcaocivil.siriusmarketingedesign.com.br\/index.php?rest_route=\/wp\/v2\/posts\/10252\/revisions"}],"wp:featuredmedia":[{"embeddable":true,"href":"https:\/\/construcaocivil.siriusmarketingedesign.com.br\/index.php?rest_route=\/wp\/v2\/media\/10254"}],"wp:attachment":[{"href":"https:\/\/construcaocivil.siriusmarketingedesign.com.br\/index.php?rest_route=%2Fwp%2Fv2%2Fmedia&parent=10252"}],"wp:term":[{"taxonomy":"category","embeddable":true,"href":"https:\/\/construcaocivil.siriusmarketingedesign.com.br\/index.php?rest_route=%2Fwp%2Fv2%2Fcategories&post=10252"},{"taxonomy":"post_tag","embeddable":true,"href":"https:\/\/construcaocivil.siriusmarketingedesign.com.br\/index.php?rest_route=%2Fwp%2Fv2%2Ftags&post=10252"}],"curies":[{"name":"wp","href":"https:\/\/api.w.org\/{rel}","templated":true}]}}