{"id":10259,"date":"2018-09-13T14:58:41","date_gmt":"2018-09-13T17:58:41","guid":{"rendered":"http:\/\/www.jornaldaconstrucaocivil.com.br\/?p=10259"},"modified":"2018-09-13T15:38:00","modified_gmt":"2018-09-13T18:38:00","slug":"sistema-de-envidracamento-reiki-apresenta-lancamentos-na-fesqua-2018","status":"publish","type":"post","link":"https:\/\/construcaocivil.siriusmarketingedesign.com.br\/?p=10259","title":{"rendered":"Sistema de envidra\u00e7amento Reiki apresenta lan\u00e7amentos na Fesqua 2018"},"content":{"rendered":"<p style=\"font-weight: 400; text-align: justify;\"><span style=\"color: #993300;\">Setembro, 2018<\/span> &#8211; O sistema de envidra\u00e7amento Reiki estar\u00e1 na vitrine da maior feira da ind\u00fastria de esquadrias da Am\u00e9rica Latina. A marca apresentar\u00e1 seu portf\u00f3lio e lan\u00e7ar\u00e1 quatro novos produtos durante a 12\u00aa Feira Internacional da Ind\u00fastria da Esquadria (Fesqua 2018), de 12 a 15 de setembro, no S\u00e3o Paulo Expo Exhibition &amp; Convention Center. A empresa exibe, em primeira m\u00e3o, o\u00a0mix de inova\u00e7\u00f5es que vai expandir a \u00e1rea de atua\u00e7\u00e3o do sistema de envidra\u00e7amento\u00a0para o mercado da constru\u00e7\u00e3o civil.\u00a0Al\u00e9m de atender o p\u00fablico nacional, os lan\u00e7amentos\u00a0prometem destaque tamb\u00e9m no\u00a0mercado internacional.<\/p>\n<figure id=\"attachment_10260\" aria-describedby=\"caption-attachment-10260\" style=\"width: 258px\" class=\"wp-caption alignleft\"><img loading=\"lazy\" decoding=\"async\" class=\" wp-image-10260\" src=\"http:\/\/www.jornaldaconstrucaocivil.com.br\/wp-content\/uploads\/2018\/09\/Reiki-Glazing-300x200.jpg\" alt=\"\" width=\"258\" height=\"172\" srcset=\"https:\/\/construcaocivil.siriusmarketingedesign.com.br\/wp-content\/uploads\/2018\/09\/Reiki-Glazing-300x200.jpg 300w, https:\/\/construcaocivil.siriusmarketingedesign.com.br\/wp-content\/uploads\/2018\/09\/Reiki-Glazing-768x512.jpg 768w, https:\/\/construcaocivil.siriusmarketingedesign.com.br\/wp-content\/uploads\/2018\/09\/Reiki-Glazing.jpg 1024w, https:\/\/construcaocivil.siriusmarketingedesign.com.br\/wp-content\/uploads\/2018\/09\/Reiki-Glazing-450x300.jpg 450w\" sizes=\"auto, (max-width: 258px) 100vw, 258px\" \/><figcaption id=\"caption-attachment-10260\" class=\"wp-caption-text\">Reiki Glazing. Divulga\u00e7\u00e3o<\/figcaption><\/figure>\n<p style=\"font-weight: 400; text-align: justify;\">O sistema Reiki teve origem na Europa como uma tecnologia revolucion\u00e1ria para o melhor aproveitamento de espa\u00e7os. Depois de ser submetido a uma\u00a0s\u00e9rie\u00a0de estudos e testes\u00a0de adapta\u00e7\u00e3o \u00e0 realidade da constru\u00e7\u00e3o civil de sacadas seccionadas e fabrica\u00e7\u00e3o no Brasil, p\u00f4de atender as\u00a0especificidades de cada regi\u00e3o do Pa\u00eds\u00a0e tornar-se uma refer\u00eancia de mercado. Com a ajuda do envidra\u00e7amento Reiki, empreendimentos que utilizam esta tecnologia s\u00e3o mais valorizados, pois contam com ambientes integrados, que oferecem abertura e fechamento total ou parcial de \u00e1reas, atrav\u00e9s de pain\u00e9is deslizantes sem esquadrias.<\/p>\n<figure id=\"attachment_10261\" aria-describedby=\"caption-attachment-10261\" style=\"width: 264px\" class=\"wp-caption alignright\"><img loading=\"lazy\" decoding=\"async\" class=\" wp-image-10261\" src=\"http:\/\/www.jornaldaconstrucaocivil.com.br\/wp-content\/uploads\/2018\/09\/Reiki-Door-300x200.jpg\" alt=\"\" width=\"264\" height=\"176\" srcset=\"https:\/\/construcaocivil.siriusmarketingedesign.com.br\/wp-content\/uploads\/2018\/09\/Reiki-Door-300x200.jpg 300w, https:\/\/construcaocivil.siriusmarketingedesign.com.br\/wp-content\/uploads\/2018\/09\/Reiki-Door-768x512.jpg 768w, https:\/\/construcaocivil.siriusmarketingedesign.com.br\/wp-content\/uploads\/2018\/09\/Reiki-Door.jpg 1024w, https:\/\/construcaocivil.siriusmarketingedesign.com.br\/wp-content\/uploads\/2018\/09\/Reiki-Door-450x300.jpg 450w\" sizes=\"auto, (max-width: 264px) 100vw, 264px\" \/><figcaption id=\"caption-attachment-10261\" class=\"wp-caption-text\">Reiki Door. Divulga\u00e7\u00e3o<\/figcaption><\/figure>\n<p style=\"font-weight: 400; text-align: justify;\">Na Fesqua 2018, os participantes ter\u00e3o a oportunidade de conhecer um pouco mais\u00a0do\u00a0mix que comp\u00f5em o portf\u00f3lio da marca\u00a0e como incorpor\u00e1-lo \u00e0s obras, como, por exemplo, o Reiki UP.\u00a0 O modelo \u00e9 o \u00fanico do mercado que\u00a0n\u00e3o utiliza rebites para fixa\u00e7\u00e3o dos perfis, conferindo um acabamento mais elegante \u00e0 composi\u00e7\u00e3o, al\u00e9m de oferecer garantia de at\u00e9 cinco anos. Outro item que faz parte do portif\u00f3lio da marca\u00a0 e que estar\u00e1 presente na feira \u00e9 o guarda-corpo Gece-R, desenvolvido \u00a0com a tecnologia Reiki, para atender a crescente demanda por sistemas do g\u00eanero.<\/p>\n<p style=\"font-weight: 400; text-align: justify;\"><span style=\"color: #ff0000;\"><strong>Lan\u00e7amentos<\/strong><\/span><\/p>\n<p style=\"font-weight: 400; text-align: justify;\">Durante a Fesqua 2018, a Reiki lan\u00e7a ao mercado quatro novos produtos: <span style=\"color: #0000ff;\">Reiki Window,\u00a0Reiki\u00a0Door,\u00a0Reiki\u00a0Slim<\/span> e\u00a0<span style=\"color: #0000ff;\">Reiki\u00a0Glazing<\/span> \u00a0(Reiki para pele de vidro). De acordo com o Setor de Engenharia da marca, o Reiki Slim \u00e9 uma varia\u00e7\u00e3o do UP, inicialmente vendido s\u00f3 no Sul do Brasil, mas que come\u00e7a a atender todas as regi\u00f5es do Pa\u00eds.\u00a0 A instala\u00e7\u00e3o \u00e9 r\u00e1pida e eficaz, portanto mais econ\u00f4mica, com valores acess\u00edveis a qualquer empreendimento.<\/p>\n<figure id=\"attachment_10262\" aria-describedby=\"caption-attachment-10262\" style=\"width: 180px\" class=\"wp-caption alignleft\"><img loading=\"lazy\" decoding=\"async\" class=\" wp-image-10262\" src=\"http:\/\/www.jornaldaconstrucaocivil.com.br\/wp-content\/uploads\/2018\/09\/Reiki-Window-225x300.jpg\" alt=\"\" width=\"180\" height=\"240\" srcset=\"https:\/\/construcaocivil.siriusmarketingedesign.com.br\/wp-content\/uploads\/2018\/09\/Reiki-Window-225x300.jpg 225w, https:\/\/construcaocivil.siriusmarketingedesign.com.br\/wp-content\/uploads\/2018\/09\/Reiki-Window.jpg 768w\" sizes=\"auto, (max-width: 180px) 100vw, 180px\" \/><figcaption id=\"caption-attachment-10262\" class=\"wp-caption-text\">Reiki Window. Divulga\u00e7\u00e3o<\/figcaption><\/figure>\n<p style=\"font-weight: 400; text-align: justify;\">A <strong><span style=\"color: #0000ff;\">Reiki Glazing (Pele de Vidro)<\/span><\/strong>\u00a0&#8211; m\u00e9todo para aplica\u00e7\u00e3o de vidro em fachadas \u00e9 outra novidade da Reiki na feira.<\/p>\n<p style=\"font-weight: 400; text-align: justify;\">O<span style=\"color: #0000ff;\"><strong> Reiki Window<\/strong><\/span>, que ser\u00e1 apresentado ao mercado, buscou inspira\u00e7\u00e3o nas grandes refer\u00eancias internacionais de sua categoria que n\u00e3o existem no Brasil, e se caracteriza por possibilitar o aumento da \u00e1rea de circula\u00e7\u00e3o de ar em ambientes pequenos.<\/p>\n<p style=\"font-weight: 400; text-align: justify;\">J\u00e1 o <span style=\"color: #0000ff;\"><strong>Reiki Door<\/strong><\/span> \u00e9 outra varia\u00e7\u00e3o do sistema. Al\u00e9m de oferecer a abertura total do v\u00e3o, a vers\u00e3o de porta proporciona integra\u00e7\u00e3o dos ambientes, proporcionando leveza e amplitude. Pode ser instalado sem que, para isso, seja necess\u00e1rio cortar a alvenaria\u00a0para embutir perfis.<\/p>\n<p style=\"text-align: justify;\">Especificadores como arquitetos e engenheiros, bem como gestores de construtoras poder\u00e3o conferir e interagir com cada um dos prot\u00f3tipos no stand Reiki como alternativas de tecnologia em seus projetos.<\/p>\n<p style=\"font-weight: 400;\"><u>AGENDA<\/u><\/p>\n<p style=\"font-weight: 400;\"><strong>12\u00aa Fesqua: Feira Internacional de Esquadrias, Ferragens e Componentes<\/strong><\/p>\n<p style=\"font-weight: 400;\"><strong>Data:<\/strong>\u00a012 a 15 de setembro<\/p>\n<p style=\"font-weight: 400;\"><strong>Hor\u00e1rio:<\/strong>\u00a0quarta a sexta, das 14h \u00e0s 21h, e no s\u00e1bado, das 11h \u00e0s 19h<\/p>\n<p style=\"font-weight: 400;\"><strong>Local:<\/strong>\u00a0S\u00e3o Paulo Expo Exhibition &amp; Convention Center, Rodovia dos Imigrantes, KM 1,5, S\u00e3o Paulo (SP) \u2013\u00a0Stand 221<\/p>\n<p style=\"font-weight: 400;\"><strong>Informa\u00e7\u00f5es:<\/strong>\u00a0<span style=\"color: #0000ff;\"><a style=\"color: #0000ff;\" href=\"http:\/\/www.fesqua.com.br\/\">www.fesqua.com.br<\/a><\/span><\/p>\n<p>Fonte: Imprensa\/Reiki<\/p>\n","protected":false},"excerpt":{"rendered":"<p>Setembro, 2018 &#8211; O sistema de envidra\u00e7amento Reiki estar\u00e1 na vitrine da maior feira da ind\u00fastria de esquadrias da Am\u00e9rica Latina. A marca apresentar\u00e1 seu portf\u00f3lio e lan\u00e7ar\u00e1 quatro novos produtos durante a 12\u00aa Feira Internacional da Ind\u00fastria da Esquadria (Fesqua 2018), de 12 a 15 de setembro, no S\u00e3o Paulo Expo Exhibition &amp; Convention [&hellip;]<\/p>\n","protected":false},"author":1,"featured_media":10263,"comment_status":"open","ping_status":"open","sticky":false,"template":"","format":"standard","meta":{"_uag_custom_page_level_css":"","footnotes":""},"categories":[12591],"tags":[13624,4552,13627,13622,13625,7482,13626,13628,10676,10679,13623],"class_list":["post-10259","post","type-post","status-publish","format-standard","has-post-thumbnail","hentry","category-produtos","tag-12a-fesqua","tag-esquadrias","tag-esquadrias-e-porta-e-janelas","tag-ferragens-e-componentes","tag-fesqua-2018","tag-mercado-da-construcao-civil","tag-novos-produtos-de-envidracamento","tag-reiki-lanca-novos-produtos-no-mercado-da-construcao","tag-sao-paulo-expo-exhibition-convention-center","tag-sao-paulo-sp","tag-vidros-para-casas-apartamentos"],"blocksy_meta":[],"spectra_blocks_featured_image_url":{"thumbnail":{"url":"https:\/\/construcaocivil.siriusmarketingedesign.com.br\/wp-content\/uploads\/2018\/09\/Reiki-Up-150x150.jpg","width":150,"height":150},"medium":{"url":"https:\/\/construcaocivil.siriusmarketingedesign.com.br\/wp-content\/uploads\/2018\/09\/Reiki-Up-300x200.jpg","width":300,"height":200},"medium_large":{"url":"https:\/\/construcaocivil.siriusmarketingedesign.com.br\/wp-content\/uploads\/2018\/09\/Reiki-Up-768x512.jpg","width":768,"height":512},"large":{"url":"https:\/\/construcaocivil.siriusmarketingedesign.com.br\/wp-content\/uploads\/2018\/09\/Reiki-Up-1024x683.jpg","width":1024,"height":683},"full":{"url":"https:\/\/construcaocivil.siriusmarketingedesign.com.br\/wp-content\/uploads\/2018\/09\/Reiki-Up.jpg","width":1024,"height":683}},"spectra_blocks_author_info":{"display_name":"Jornal da Constru\u00e7\u00e3o Civil","avatar_url":"https:\/\/secure.gravatar.com\/avatar\/973c9774fd44ddaceb026973c4962faa70fc512bc4c9da68e8ebb40fecee6540?s=96&d=mm&r=g","author_link":"https:\/\/construcaocivil.siriusmarketingedesign.com.br\/?author=1","description":"Desde de 2013, levando muitas informa\u00e7\u00f5es, lan\u00e7amentos e produtos de qualidade para toda cadeia produtiva da constru\u00e7\u00e3o. O Futuro da constru\u00e7\u00e3o passa por aqui,"},"uagb_featured_image_src":{"full":["https:\/\/construcaocivil.siriusmarketingedesign.com.br\/wp-content\/uploads\/2018\/09\/Reiki-Up.jpg",1024,683,false],"thumbnail":["https:\/\/construcaocivil.siriusmarketingedesign.com.br\/wp-content\/uploads\/2018\/09\/Reiki-Up-150x150.jpg",150,150,true],"medium":["https:\/\/construcaocivil.siriusmarketingedesign.com.br\/wp-content\/uploads\/2018\/09\/Reiki-Up-300x200.jpg",300,200,true],"medium_large":["https:\/\/construcaocivil.siriusmarketingedesign.com.br\/wp-content\/uploads\/2018\/09\/Reiki-Up-768x512.jpg",768,512,true],"large":["https:\/\/construcaocivil.siriusmarketingedesign.com.br\/wp-content\/uploads\/2018\/09\/Reiki-Up-1024x683.jpg",1024,683,true],"1536x1536":["https:\/\/construcaocivil.siriusmarketingedesign.com.br\/wp-content\/uploads\/2018\/09\/Reiki-Up.jpg",1024,683,false],"2048x2048":["https:\/\/construcaocivil.siriusmarketingedesign.com.br\/wp-content\/uploads\/2018\/09\/Reiki-Up.jpg",1024,683,false]},"uagb_author_info":{"display_name":"Jornal da Constru\u00e7\u00e3o Civil","author_link":"https:\/\/construcaocivil.siriusmarketingedesign.com.br\/?author=1"},"uagb_comment_info":0,"uagb_excerpt":"Setembro, 2018 &#8211; O sistema de envidra\u00e7amento Reiki estar\u00e1 na vitrine da maior feira da ind\u00fastria de esquadrias da Am\u00e9rica Latina. A marca apresentar\u00e1 seu portf\u00f3lio e lan\u00e7ar\u00e1 quatro novos produtos durante a 12\u00aa Feira Internacional da Ind\u00fastria da Esquadria (Fesqua 2018), de 12 a 15 de setembro, no S\u00e3o Paulo Expo Exhibition &amp; Convention&hellip;","_links":{"self":[{"href":"https:\/\/construcaocivil.siriusmarketingedesign.com.br\/index.php?rest_route=\/wp\/v2\/posts\/10259","targetHints":{"allow":["GET"]}}],"collection":[{"href":"https:\/\/construcaocivil.siriusmarketingedesign.com.br\/index.php?rest_route=\/wp\/v2\/posts"}],"about":[{"href":"https:\/\/construcaocivil.siriusmarketingedesign.com.br\/index.php?rest_route=\/wp\/v2\/types\/post"}],"author":[{"embeddable":true,"href":"https:\/\/construcaocivil.siriusmarketingedesign.com.br\/index.php?rest_route=\/wp\/v2\/users\/1"}],"replies":[{"embeddable":true,"href":"https:\/\/construcaocivil.siriusmarketingedesign.com.br\/index.php?rest_route=%2Fwp%2Fv2%2Fcomments&post=10259"}],"version-history":[{"count":0,"href":"https:\/\/construcaocivil.siriusmarketingedesign.com.br\/index.php?rest_route=\/wp\/v2\/posts\/10259\/revisions"}],"wp:featuredmedia":[{"embeddable":true,"href":"https:\/\/construcaocivil.siriusmarketingedesign.com.br\/index.php?rest_route=\/wp\/v2\/media\/10263"}],"wp:attachment":[{"href":"https:\/\/construcaocivil.siriusmarketingedesign.com.br\/index.php?rest_route=%2Fwp%2Fv2%2Fmedia&parent=10259"}],"wp:term":[{"taxonomy":"category","embeddable":true,"href":"https:\/\/construcaocivil.siriusmarketingedesign.com.br\/index.php?rest_route=%2Fwp%2Fv2%2Fcategories&post=10259"},{"taxonomy":"post_tag","embeddable":true,"href":"https:\/\/construcaocivil.siriusmarketingedesign.com.br\/index.php?rest_route=%2Fwp%2Fv2%2Ftags&post=10259"}],"curies":[{"name":"wp","href":"https:\/\/api.w.org\/{rel}","templated":true}]}}