{"id":10265,"date":"2018-09-13T15:28:00","date_gmt":"2018-09-13T18:28:00","guid":{"rendered":"http:\/\/www.jornaldaconstrucaocivil.com.br\/?p=10265"},"modified":"2018-09-13T15:32:17","modified_gmt":"2018-09-13T18:32:17","slug":"o-mundo-de-possibilidades-da-equoterapia","status":"publish","type":"post","link":"https:\/\/construcaocivil.siriusmarketingedesign.com.br\/?p=10265","title":{"rendered":"O mundo de possibilidades da Equoterapia"},"content":{"rendered":"<p><em>Por Bruna Rezende\u00a0<\/em><\/p>\n<p style=\"text-align: justify;\"><span style=\"color: #993300;\">Setembro, 2018<\/span> &#8211;<span style=\"color: #0000ff;\"> &#8220;Ele \u00e9 a perna, o bra\u00e7o, e, algumas vezes, o cora\u00e7\u00e3o da Antonela&#8221;<\/span>. \u00c9 assim que dona de casa Selma Andrade narra a experi\u00eancia de sua filha, Antonela, 4, diagnosticada com <span style=\"color: #993300;\">S\u00edndrome de Wold-Hirschhorn<\/span>, nas sess\u00f5es de Equoterapia. Antonela, ao lado de mais 132 beneficiados, entre crian\u00e7as, idosos e pessoas com necessidades especiais, utilizam o ambiente equoter\u00e1pico para promover a habilita\u00e7\u00e3o e reabilita\u00e7\u00e3o f\u00edsica, educacional e social com uma vis\u00e3o biopsicossocial no Centro de Equoterapia da Associa\u00e7\u00e3o dos Protetores dos Pobres e Carentes, ASSOPOC, em Crucil\u00e2ndia \u2014 regi\u00e3o metropolitana de Belo Horizonte.<\/p>\n<figure id=\"attachment_10266\" aria-describedby=\"caption-attachment-10266\" style=\"width: 300px\" class=\"wp-caption alignleft\"><img loading=\"lazy\" decoding=\"async\" class=\"size-medium wp-image-10266\" src=\"http:\/\/www.jornaldaconstrucaocivil.com.br\/wp-content\/uploads\/2018\/09\/TERAPIA-COM-CAVALO-300x200.jpg\" alt=\"\" width=\"300\" height=\"200\" srcset=\"https:\/\/construcaocivil.siriusmarketingedesign.com.br\/wp-content\/uploads\/2018\/09\/TERAPIA-COM-CAVALO-300x200.jpg 300w, https:\/\/construcaocivil.siriusmarketingedesign.com.br\/wp-content\/uploads\/2018\/09\/TERAPIA-COM-CAVALO-768x512.jpg 768w, https:\/\/construcaocivil.siriusmarketingedesign.com.br\/wp-content\/uploads\/2018\/09\/TERAPIA-COM-CAVALO-1024x683.jpg 1024w, https:\/\/construcaocivil.siriusmarketingedesign.com.br\/wp-content\/uploads\/2018\/09\/TERAPIA-COM-CAVALO-450x300.jpg 450w, https:\/\/construcaocivil.siriusmarketingedesign.com.br\/wp-content\/uploads\/2018\/09\/TERAPIA-COM-CAVALO.jpg 1500w\" sizes=\"auto, (max-width: 300px) 100vw, 300px\" \/><figcaption id=\"caption-attachment-10266\" class=\"wp-caption-text\">O mundo de possibilidades da Equoterapia. Cr\u00e9ditos: Divulga\u00e7\u00e3o\/Andr\u00e9 Castro<\/figcaption><\/figure>\n<p style=\"text-align: justify;\">O Centro \u00e9 uma das tr\u00eas unidades da Associa\u00e7\u00e3o de cunho filantr\u00f3pico e que, hoje, oferece atendimentos di\u00e1rios com equipe t\u00e9cnica multidisciplinar. &#8220;Esse apoio profissional personalizado, \u00e9 o que permite resultados t\u00e3o significativos&#8221;, explica Selma, que ainda revela que em seis meses a pequena, que \u00e9 hipot\u00f4nica parcial, j\u00e1 est\u00e1 conseguindo se manter firme em cima o cavalo, e ensaia os primeiros passos. O avan\u00e7o de Antonela vem ao lado do desenvolvimento de Caio L\u00facio, 10, que possui Paralisia Cerebral. &#8220;Para quem nasceu com 760 gramas, Caio nunca esteve t\u00e3o forte&#8221;, se emociona o produtor rural e pai, Vilmar Gon\u00e7alves.<\/p>\n<p style=\"text-align: justify;\">Os benef\u00edcios da modalidade, por sua vez, n\u00e3o se limitam as pessoas com necessidades especiais, alcan\u00e7ado, ainda, crian\u00e7as e idosos, como \u00e9 o caso da senhora Cec\u00edlia Campos, 83, interna do Lar dos Idosos S\u00e3o Geraldo \u2014\u00a0outra unidade da Associa\u00e7\u00e3o. &#8220;No caso dela, a Equoterapia entra como aliada da sua funcionalidade e mobilidade f\u00edsica, al\u00e9m de trazer um contato com o verde, com um cen\u00e1rio diferente&#8221;, ressalta a vice-presidente da ASSOPOC, Elaine Coelho, que revela: <em><span style=\"color: #0000ff;\">&#8220;O Centro \u00e9 o nosso grande diferencial t\u00e9cnico e humano, ele \u00e9 um mundo de possibilidades&#8221;.<\/span><\/em><\/p>\n<p><strong>O Centro de Equoterapia \u00e9 uma das tr\u00eas unidades da ASSOPC, e promove atendimento para 132 usu\u00e1rios.<br \/>\nASSOPOC:<span style=\"color: #0000ff;\">\u00a0<a style=\"color: #0000ff;\" href=\"http:\/\/www.assopoc.com.br\/\" target=\"_blank\" rel=\"noopener\" data-saferedirecturl=\"https:\/\/www.google.com\/url?q=http:\/\/www.assopoc.com.br&amp;source=gmail&amp;ust=1536945536682000&amp;usg=AFQjCNHC3MozbIYEeWnBTzUYtcqFHbZaqQ\">www.assopoc.com.br<\/a><\/span><\/strong><\/p>\n","protected":false},"excerpt":{"rendered":"<p>Por Bruna Rezende\u00a0 Setembro, 2018 &#8211; &#8220;Ele \u00e9 a perna, o bra\u00e7o, e, algumas vezes, o cora\u00e7\u00e3o da Antonela&#8221;. \u00c9 assim que dona de casa Selma Andrade narra a experi\u00eancia de sua filha, Antonela, 4, diagnosticada com S\u00edndrome de Wold-Hirschhorn, nas sess\u00f5es de Equoterapia. Antonela, ao lado de mais 132 beneficiados, entre crian\u00e7as, idosos e [&hellip;]<\/p>\n","protected":false},"author":1,"featured_media":10267,"comment_status":"open","ping_status":"open","sticky":false,"template":"","format":"standard","meta":{"_uag_custom_page_level_css":"","footnotes":""},"categories":[27],"tags":[13629,13634,1340,2244,13630,7438,9481,13633,13631,13632],"class_list":["post-10265","post","type-post","status-publish","format-standard","has-post-thumbnail","hentry","category-acontece","tag-associacao-dos-protetores-dos-pobres-e-carentes-assopoc","tag-atividades-fisicas","tag-belo-horizonte-mg","tag-cidadania","tag-equoterapia","tag-meio-ambiente","tag-produtor-rural","tag-saude-e-bem-star","tag-sindrome-de-wold-hirschhorn","tag-terapia-com-cavalos"],"blocksy_meta":[],"spectra_blocks_featured_image_url":{"thumbnail":{"url":"https:\/\/construcaocivil.siriusmarketingedesign.com.br\/wp-content\/uploads\/2018\/09\/CAVALO-II-150x150.jpg","width":150,"height":150},"medium":{"url":"https:\/\/construcaocivil.siriusmarketingedesign.com.br\/wp-content\/uploads\/2018\/09\/CAVALO-II-300x200.jpg","width":300,"height":200},"medium_large":{"url":"https:\/\/construcaocivil.siriusmarketingedesign.com.br\/wp-content\/uploads\/2018\/09\/CAVALO-II-768x512.jpg","width":768,"height":512},"large":{"url":"https:\/\/construcaocivil.siriusmarketingedesign.com.br\/wp-content\/uploads\/2018\/09\/CAVALO-II-1024x683.jpg","width":1024,"height":683},"full":{"url":"https:\/\/construcaocivil.siriusmarketingedesign.com.br\/wp-content\/uploads\/2018\/09\/CAVALO-II-e1536863119465.jpg","width":900,"height":600}},"spectra_blocks_author_info":{"display_name":"Jornal da Constru\u00e7\u00e3o Civil","avatar_url":"https:\/\/secure.gravatar.com\/avatar\/973c9774fd44ddaceb026973c4962faa70fc512bc4c9da68e8ebb40fecee6540?s=96&d=mm&r=g","author_link":"https:\/\/construcaocivil.siriusmarketingedesign.com.br\/?author=1","description":"Desde de 2013, levando muitas informa\u00e7\u00f5es, lan\u00e7amentos e produtos de qualidade para toda cadeia produtiva da constru\u00e7\u00e3o. O Futuro da constru\u00e7\u00e3o passa por aqui,"},"uagb_featured_image_src":{"full":["https:\/\/construcaocivil.siriusmarketingedesign.com.br\/wp-content\/uploads\/2018\/09\/CAVALO-II-e1536863119465.jpg",900,600,false],"thumbnail":["https:\/\/construcaocivil.siriusmarketingedesign.com.br\/wp-content\/uploads\/2018\/09\/CAVALO-II-150x150.jpg",150,150,true],"medium":["https:\/\/construcaocivil.siriusmarketingedesign.com.br\/wp-content\/uploads\/2018\/09\/CAVALO-II-300x200.jpg",300,200,true],"medium_large":["https:\/\/construcaocivil.siriusmarketingedesign.com.br\/wp-content\/uploads\/2018\/09\/CAVALO-II-768x512.jpg",768,512,true],"large":["https:\/\/construcaocivil.siriusmarketingedesign.com.br\/wp-content\/uploads\/2018\/09\/CAVALO-II-1024x683.jpg",1024,683,true],"1536x1536":["https:\/\/construcaocivil.siriusmarketingedesign.com.br\/wp-content\/uploads\/2018\/09\/CAVALO-II-e1536863119465.jpg",900,600,false],"2048x2048":["https:\/\/construcaocivil.siriusmarketingedesign.com.br\/wp-content\/uploads\/2018\/09\/CAVALO-II-e1536863119465.jpg",900,600,false]},"uagb_author_info":{"display_name":"Jornal da Constru\u00e7\u00e3o Civil","author_link":"https:\/\/construcaocivil.siriusmarketingedesign.com.br\/?author=1"},"uagb_comment_info":0,"uagb_excerpt":"Por Bruna Rezende\u00a0 Setembro, 2018 &#8211; &#8220;Ele \u00e9 a perna, o bra\u00e7o, e, algumas vezes, o cora\u00e7\u00e3o da Antonela&#8221;. \u00c9 assim que dona de casa Selma Andrade narra a experi\u00eancia de sua filha, Antonela, 4, diagnosticada com S\u00edndrome de Wold-Hirschhorn, nas sess\u00f5es de Equoterapia. Antonela, ao lado de mais 132 beneficiados, entre crian\u00e7as, idosos e&hellip;","_links":{"self":[{"href":"https:\/\/construcaocivil.siriusmarketingedesign.com.br\/index.php?rest_route=\/wp\/v2\/posts\/10265","targetHints":{"allow":["GET"]}}],"collection":[{"href":"https:\/\/construcaocivil.siriusmarketingedesign.com.br\/index.php?rest_route=\/wp\/v2\/posts"}],"about":[{"href":"https:\/\/construcaocivil.siriusmarketingedesign.com.br\/index.php?rest_route=\/wp\/v2\/types\/post"}],"author":[{"embeddable":true,"href":"https:\/\/construcaocivil.siriusmarketingedesign.com.br\/index.php?rest_route=\/wp\/v2\/users\/1"}],"replies":[{"embeddable":true,"href":"https:\/\/construcaocivil.siriusmarketingedesign.com.br\/index.php?rest_route=%2Fwp%2Fv2%2Fcomments&post=10265"}],"version-history":[{"count":0,"href":"https:\/\/construcaocivil.siriusmarketingedesign.com.br\/index.php?rest_route=\/wp\/v2\/posts\/10265\/revisions"}],"wp:featuredmedia":[{"embeddable":true,"href":"https:\/\/construcaocivil.siriusmarketingedesign.com.br\/index.php?rest_route=\/wp\/v2\/media\/10267"}],"wp:attachment":[{"href":"https:\/\/construcaocivil.siriusmarketingedesign.com.br\/index.php?rest_route=%2Fwp%2Fv2%2Fmedia&parent=10265"}],"wp:term":[{"taxonomy":"category","embeddable":true,"href":"https:\/\/construcaocivil.siriusmarketingedesign.com.br\/index.php?rest_route=%2Fwp%2Fv2%2Fcategories&post=10265"},{"taxonomy":"post_tag","embeddable":true,"href":"https:\/\/construcaocivil.siriusmarketingedesign.com.br\/index.php?rest_route=%2Fwp%2Fv2%2Ftags&post=10265"}],"curies":[{"name":"wp","href":"https:\/\/api.w.org\/{rel}","templated":true}]}}