{"id":10270,"date":"2018-09-14T16:03:15","date_gmt":"2018-09-14T19:03:15","guid":{"rendered":"http:\/\/www.jornaldaconstrucaocivil.com.br\/?p=10270"},"modified":"2018-09-14T16:03:15","modified_gmt":"2018-09-14T19:03:15","slug":"fesqua-abre-as-portas-com-inovacoes-tecnologicas-para-o-setor-de-esquadrias","status":"publish","type":"post","link":"https:\/\/construcaocivil.siriusmarketingedesign.com.br\/?p=10270","title":{"rendered":"Fesqua abre as portas com inova\u00e7\u00f5es tecnol\u00f3gicas para o setor de esquadrias"},"content":{"rendered":"<p style=\"text-align: justify;\"><span style=\"color: #993300;\">Setembro, 2018<\/span> &#8211; A Fesqua \u2013 Feira Internacional da Ind\u00fastria de Esquadrias foi aberta no dia (12) no S\u00e3o Paulo Expo e segue at\u00e9 s\u00e1bado (15). O evento acontece juntamente com a Feitintas (Feira da Ind\u00fastria de Tintas, Vernizes e Produtos Correlatos) e o Ebrats (Encontro e Exposi\u00e7\u00e3o Brasileira de Tratamentos de Superf\u00edcie). As tr\u00eas feiras re\u00fanem 700 expositores que exp\u00f5em novidades e solu\u00e7\u00f5es para o setor para um p\u00fablico esperado de 40 mil visitantes.<\/p>\n<p style=\"text-align: justify;\">Luiz Esteves, diretor da Revista Contramarco, realizadora da Fesqua em parceria com a Cipa Fiera Milano, destacou na solenidade de abertura que este ano, com o objetivo de expandir o leque de op\u00e7\u00f5es para os visitantes e atender todas as necessidades diretas e indiretas do setor, a Fesqua incluiu a palavra <span style=\"color: #ff6600;\">&#8220;ind\u00fastria&#8221;<\/span> no descritivo, que traduz a abordagem mais abrangente a toda a cadeia produtiva e servi\u00e7os de apoio a este mercado.<\/p>\n<p style=\"text-align: justify;\"><span style=\"color: #0000ff;\"><em>&#8220;Todos poder\u00e3o ver na feira, al\u00e9m das novas tecnologias em esquadrias, diversos servi\u00e7os para atender o setor como transporte, seguros, alimenta\u00e7\u00e3o terceirizada, cr\u00e9dito banc\u00e1rio. Essa evolu\u00e7\u00e3o atende a realidade do mercado&#8221;<\/em><\/span>, analisa Esteves.<\/p>\n<p style=\"text-align: justify;\">Roberto Papaiz, presidente do Itel (Laborat\u00f3rio de Testes de Esquadrias), lembrou, durante a cerim\u00f4nia de abertura, que a Fesqua \u00e9 um sonho que surgiu na d\u00e9cada de 1990.<span style=\"color: #0000ff;\"><em> &#8220;N\u00f3s lev\u00e1vamos produtores de esquadrias para a It\u00e1lia onde v\u00edamos as novidades e imagin\u00e1vamos um dia poder expor esses produtos aqui. E hoje somos um centro tecnol\u00f3gico do setor e a Fesqua a s\u00edntese de tudo isso&#8221;.<\/em><\/span><\/p>\n<figure id=\"attachment_10271\" aria-describedby=\"caption-attachment-10271\" style=\"width: 300px\" class=\"wp-caption alignleft\"><img loading=\"lazy\" decoding=\"async\" class=\"size-medium wp-image-10271\" src=\"http:\/\/www.jornaldaconstrucaocivil.com.br\/wp-content\/uploads\/2018\/09\/ABERTURA-Fesqua_solenidade-1-300x200.jpg\" alt=\"\" width=\"300\" height=\"200\" srcset=\"https:\/\/construcaocivil.siriusmarketingedesign.com.br\/wp-content\/uploads\/2018\/09\/ABERTURA-Fesqua_solenidade-1-300x200.jpg 300w, https:\/\/construcaocivil.siriusmarketingedesign.com.br\/wp-content\/uploads\/2018\/09\/ABERTURA-Fesqua_solenidade-1-768x512.jpg 768w, https:\/\/construcaocivil.siriusmarketingedesign.com.br\/wp-content\/uploads\/2018\/09\/ABERTURA-Fesqua_solenidade-1-1024x683.jpg 1024w, https:\/\/construcaocivil.siriusmarketingedesign.com.br\/wp-content\/uploads\/2018\/09\/ABERTURA-Fesqua_solenidade-1-450x300.jpg 450w, https:\/\/construcaocivil.siriusmarketingedesign.com.br\/wp-content\/uploads\/2018\/09\/ABERTURA-Fesqua_solenidade-1.jpg 1200w\" sizes=\"auto, (max-width: 300px) 100vw, 300px\" \/><figcaption id=\"caption-attachment-10271\" class=\"wp-caption-text\">Abertura -Fesqua solenidade: Eduardo Rosa, presidente da ASPEC-PVC (Associa\u00e7\u00e3o Brasileira dos Fabricantes de Sistemas, Perfis e Componentes para Esquadrias de PVC); Cl\u00e1udio Luis Acedo, presidente da ANAVIDRO (Associa\u00e7\u00e3o Nacional de Vidra\u00e7arias); Luiz Jorge Pinheiro, consultor da ABIVIDRO (Associa\u00e7\u00e3o Brasileira das Ind\u00fastrias de Vidros); Milton Rego, da ABAL (Associa\u00e7\u00e3o Brasileira do Alum\u00ednio); Domingos Cordeiro , presidente do SIESCOMET (Sindicato da Ind\u00fastria de Esquadrias e Constru\u00e7\u00f5es Met\u00e1licas do Estado de S\u00e3o Paulo); e Valdir Bergamini, da CAU (Conselho de Arquitetura e Urbanismo de S\u00e3o Paulo). Cr\u00e9dito: M\u00e1rio \u00c1guas.<\/figcaption><\/figure>\n<p style=\"text-align: justify;\"><strong>Graziano Messana, General Manager da Cipa Fiera Milano, um dos grandes\u00a0<\/strong><em>players<\/em><strong>\u00a0<\/strong><strong>de feiras de neg\u00f3cios do mundo, reafirmou que a Fesqua \u00e9 o maior evento no setor de esquadrias da Am\u00e9rica Latina.<\/strong><\/p>\n<p style=\"text-align: justify;\">J\u00e1 Antonio Antunes, presidente da AFEAL (Associa\u00e7\u00e3o Nacional dos Fabricantes de Esquadrias de Alum\u00ednio) afirmou que a institui\u00e7\u00e3o est\u00e1 junto com a Contramarco deste o in\u00edcio da Fesqua. &#8220;E continuamos juntos nessa luta para mostrar o quanto somos capazes&#8221;.<\/p>\n<p style=\"text-align: justify;\">Tamb\u00e9m participaram da cerim\u00f4nia de abertura, Eduardo Rosa, presidente da ASPEC-PVC (Associa\u00e7\u00e3o Brasileira dos Fabricantes de Sistemas, Perfis e Componentes para Esquadrias de PVC); Cl\u00e1udio Luis Acedo, presidente da ANAVIDRO (Associa\u00e7\u00e3o Nacional de Vidra\u00e7arias); Luiz Jorge Pinheiro, consultor da ABIVIDRO (Associa\u00e7\u00e3o Brasileira das Ind\u00fastrias de Vidros); Milton Rego, da ABAL (Associa\u00e7\u00e3o Brasileira do Alum\u00ednio); Domingos Cordeiro , presidente do SIESCOMET (Sindicato da Ind\u00fastria de Esquadrias e Constru\u00e7\u00f5es Met\u00e1licas do Estado de S\u00e3o Paulo); e Valdir Bergamini, da CAU-SP (Conselho de Arquitetura e Urbanismo de S\u00e3o Paulo).<\/p>\n<p style=\"text-align: justify;\"><strong><span style=\"color: #993300;\">Isolamento ac\u00fastico ganha espa\u00e7o no mercado de esquadrias<\/span><\/strong><\/p>\n<p style=\"text-align: justify;\">A preocupa\u00e7\u00e3o com o isolamento ac\u00fastico \u00e9 um movimento muito forte no mercado brasileiro e ganha adeptos na constru\u00e7\u00e3o civil. A afirma\u00e7\u00e3o \u00e9 de Edson Claro de Moraes, presidente da Proac\u00fastica (Associa\u00e7\u00e3o Brasileira de Qualidade Ac\u00fastica) que assina o apoio institucional da Fesqua 2018.<\/p>\n<p style=\"text-align: justify;\">Moraes lembra que a Universidade do Som junto com a AFEAL (Associa\u00e7\u00e3o Brasileira dos Fabricantes de Esquadrias de Alum\u00ednio) vem preparando o segmento para o avan\u00e7o do cuidado ac\u00fastico. &#8220;O mercado ter\u00e1 grandes novidades em breve e o setor de esquadrias precisa se adequar a essa nova realidade&#8221;, alerta. &#8220;Hoje, a constru\u00e7\u00e3o civil est\u00e1 muito mais adiantada que o segmento de esquadrias e isso precisa mudar&#8221;, acredita Moraes.<\/p>\n<figure id=\"attachment_10272\" aria-describedby=\"caption-attachment-10272\" style=\"width: 300px\" class=\"wp-caption alignright\"><img loading=\"lazy\" decoding=\"async\" class=\"size-medium wp-image-10272\" src=\"http:\/\/www.jornaldaconstrucaocivil.com.br\/wp-content\/uploads\/2018\/09\/AV-Fesqua_visitante-300x200.jpg\" alt=\"\" width=\"300\" height=\"200\" srcset=\"https:\/\/construcaocivil.siriusmarketingedesign.com.br\/wp-content\/uploads\/2018\/09\/AV-Fesqua_visitante-300x200.jpg 300w, https:\/\/construcaocivil.siriusmarketingedesign.com.br\/wp-content\/uploads\/2018\/09\/AV-Fesqua_visitante-768x512.jpg 768w, https:\/\/construcaocivil.siriusmarketingedesign.com.br\/wp-content\/uploads\/2018\/09\/AV-Fesqua_visitante-1024x683.jpg 1024w, https:\/\/construcaocivil.siriusmarketingedesign.com.br\/wp-content\/uploads\/2018\/09\/AV-Fesqua_visitante-450x300.jpg 450w, https:\/\/construcaocivil.siriusmarketingedesign.com.br\/wp-content\/uploads\/2018\/09\/AV-Fesqua_visitante.jpg 1200w\" sizes=\"auto, (max-width: 300px) 100vw, 300px\" \/><figcaption id=\"caption-attachment-10272\" class=\"wp-caption-text\">Fesqua &#8211; visitante. Cr\u00e9dito: M\u00e1rio \u00c1guas.<\/figcaption><\/figure>\n<p style=\"text-align: justify;\">Com novidades em janelas e portas com isolamento ac\u00fastico, a Roto Fermax apresenta o sistema de abertura paralela de janelas para edif\u00edcios comerciais, que oferece melhor ventila\u00e7\u00e3o e reduz barulho.<span style=\"color: #0000ff;\"><em> &#8220;\u00c9 um produto voltado para escrit\u00f3rios e grandes obras comerciais, mas tamb\u00e9m pode ser usado em residenciais de alto luxo&#8221;<\/em><\/span>, afirma Rosalino Candiotto, representante comercial da empresa. Outro lan\u00e7amento \u00e9 a janela com abertura com afastamento e fechamento com press\u00e3o, que garante a veda\u00e7\u00e3o ac\u00fastica.<span style=\"color: #0000ff;\"><em> &#8220;Essa \u00e9 principalmente para edif\u00edcios residenciais onde a redu\u00e7\u00e3o de ru\u00eddos externos \u00e9 importante&#8221;,<\/em><\/span> afirma Candiotto.<\/p>\n<p style=\"text-align: justify;\"><span style=\"color: #993300;\"><strong>Lan\u00e7amentos oferecem mais efici\u00eancia e qualidade na fixa\u00e7\u00e3o de vidros nas esquadrias<\/strong><\/span><\/p>\n<p style=\"text-align: justify;\">Melhorar a efici\u00eancia e reduzir tempo e esfor\u00e7o na fixa\u00e7\u00e3o de vidros ganharam novidades na Fesqua 2018. Novos equipamentos que fazem o trabalho com rapidez e maior qualidade est\u00e3o sendo lan\u00e7ados na feira que vai at\u00e9 s\u00e1bado (15) no S\u00e3o Paulo Expo.<\/p>\n<p style=\"text-align: justify;\">A Adere Fitas Adesivas chamou a aten\u00e7\u00e3o do p\u00fablico no primeiro dia com o Alicate de Pressionamento Semi-Autom\u00e1tico. O equipamento automatiza a aplica\u00e7\u00e3o de fita adesiva e a fixa\u00e7\u00e3o do vidro na esquadria eliminando a necessidade de uso do alicate manual.<\/p>\n<p style=\"text-align: justify;\"><span style=\"color: #993300;\"><strong>Evolu\u00e7\u00e3o digital na \u00e1rea de vendas<\/strong><\/span><\/p>\n<p style=\"text-align: justify;\">Atualmente \u00e9 muito dif\u00edcil para um vendedor oferecer seu produto para o consumidor de uma forma r\u00e1pida e eficiente. A Esquadgroup, especialista em softwares, trouxe ao p\u00fablico da Fesqua, em primeira m\u00e3o, os aplicativos CEMSync e MyShowRoom, que apresentam conceitos inovadores para facilitar o dia a dia dos profissionais, de forma r\u00e1pida e eficiente no atendimento ao cliente.<\/p>\n<p style=\"text-align: justify;\">Com o CEMSync o vendedor tem a possibilidade de cria um cat\u00e1logo das obras, lan\u00e7ar todos os itens no App, que ser\u00e3o enviadas para o or\u00e7amentista. A partir da\u00ed, tudo fica mais f\u00e1cil no relacionamento com o cliente.<\/p>\n<p style=\"text-align: justify;\"><strong><span style=\"color: #993300;\">Guindastes s\u00e3o fortes aliados do setor da constru\u00e7\u00e3o<\/span><\/strong><\/p>\n<p style=\"text-align: justify;\">A empresa Guindaste Aranha, fabricante de equipamentos com avan\u00e7ada tecnologia para escalar pr\u00e9dios, casas de alto padr\u00e3o e grandes constru\u00e7\u00f5es, est\u00e1 com dois lan\u00e7amentos na Fesqua: o guindaste SPX 424 e o MPK 20. Entre os projetos atendidos pela companhia, destacam-se a catedral de Aparecida do Norte (SP) e a Petrobr\u00e1s.<\/p>\n<p style=\"text-align: justify;\">O guindaste SPX 424, totalmente computadorizado, tem capacidade para atingir 15 metros de altura e carregar at\u00e9 2.400 kg com seus quatro apoios. J\u00e1 o MPK 20 \u00e9 uma m\u00e1quina utilizada para colocar pisos industriais, como f\u00e1bricas, e pode deslocar objetos de at\u00e9 2.000 kg.<\/p>\n<p><strong>Servi\u00e7o:<\/strong><\/p>\n<p>12\u00aa FESQUA \u2013 Feira Internacional da Ind\u00fastria de Esquadrias<\/p>\n<p><span style=\"color: #0000ff;\"><a style=\"color: #0000ff;\" href=\"https:\/\/nsa.i-mpress.net\/link.php?code=bDpodHRwJTNBJTJGJTJGd3d3LmZlc3F1YS5jb20uYnIlMkY6MzM4Mjc5NDA4ODp3ZWJvYnJhc0BnbWFpbC5jb206MjAyYzcx\" target=\"_blank\" rel=\"noopener\" data-saferedirecturl=\"https:\/\/www.google.com\/url?q=https:\/\/nsa.i-mpress.net\/link.php?code%3DbDpodHRwJTNBJTJGJTJGd3d3LmZlc3F1YS5jb20uYnIlMkY6MzM4Mjc5NDA4ODp3ZWJvYnJhc0BnbWFpbC5jb206MjAyYzcx&amp;source=gmail&amp;ust=1537034734962000&amp;usg=AFQjCNECl_TJHYJYs_KjATSxjS4PSq55CA\">www.fesqua.com.br<\/a><\/span><\/p>\n<p>11\u00aa FEITINTAS \u2013 Feira da Ind\u00fastria de Tintas, Vernizes e Produtos Correlatos<\/p>\n<p><span style=\"color: #0000ff;\"><a style=\"color: #0000ff;\" href=\"https:\/\/nsa.i-mpress.net\/link.php?code=bDpodHRwJTNBJTJGJTJGd3d3LmZlaXRpbnRhcy5jb20uYnIlMkY6MzM4Mjc5NDA4ODp3ZWJvYnJhc0BnbWFpbC5jb206MzQzODRk\" target=\"_blank\" rel=\"noopener\" data-saferedirecturl=\"https:\/\/www.google.com\/url?q=https:\/\/nsa.i-mpress.net\/link.php?code%3DbDpodHRwJTNBJTJGJTJGd3d3LmZlaXRpbnRhcy5jb20uYnIlMkY6MzM4Mjc5NDA4ODp3ZWJvYnJhc0BnbWFpbC5jb206MzQzODRk&amp;source=gmail&amp;ust=1537034734962000&amp;usg=AFQjCNHJz9Okv4r1XEj4OCk9wLUgvqqctw\">www.feitintas.com.br<\/a><\/span><\/p>\n<p>16\u00ba EBRATS \u2013 Encontro e Exposi\u00e7\u00e3o Brasileira de Tratamentos de Superf\u00edcie<\/p>\n<p><span style=\"color: #0000ff;\"><a style=\"color: #0000ff;\" href=\"https:\/\/nsa.i-mpress.net\/link.php?code=bDpodHRwJTNBJTJGJTJGd3d3LmVicmF0cy5jb20uYnIlMkY6MzM4Mjc5NDA4ODp3ZWJvYnJhc0BnbWFpbC5jb206OTg2NTlh\" target=\"_blank\" rel=\"noopener\" data-saferedirecturl=\"https:\/\/www.google.com\/url?q=https:\/\/nsa.i-mpress.net\/link.php?code%3DbDpodHRwJTNBJTJGJTJGd3d3LmVicmF0cy5jb20uYnIlMkY6MzM4Mjc5NDA4ODp3ZWJvYnJhc0BnbWFpbC5jb206OTg2NTlh&amp;source=gmail&amp;ust=1537034734963000&amp;usg=AFQjCNGi_AkTTbeiky4tt4UHUtZeHv9V3Q\">www.ebrats.com.br<\/a><\/span><\/p>\n<p><strong>Hor\u00e1rios<\/strong>: de 4\u00aa a 6\u00aa, das 14h \u00e0s 21h, e no s\u00e1bado, das 11h \u00e0s 19h<\/p>\n<p><strong>Data<\/strong>: 12 a 15 de setembro de 2018<\/p>\n<p><strong>Local<\/strong>: S\u00e3o Paulo Expo Exhibition &amp; Convention Center<\/p>\n<p>Rodovia dos Imigrantes, KM 1,5 \u2013 S\u00e3o Paulo\/SP<\/p>\n<p>Fonte: Imprensa\/FESQUA<\/p>\n","protected":false},"excerpt":{"rendered":"<p>Setembro, 2018 &#8211; A Fesqua \u2013 Feira Internacional da Ind\u00fastria de Esquadrias foi aberta no dia (12) no S\u00e3o Paulo Expo e segue at\u00e9 s\u00e1bado (15). O evento acontece juntamente com a Feitintas (Feira da Ind\u00fastria de Tintas, Vernizes e Produtos Correlatos) e o Ebrats (Encontro e Exposi\u00e7\u00e3o Brasileira de Tratamentos de Superf\u00edcie). As tr\u00eas [&hellip;]<\/p>\n","protected":false},"author":1,"featured_media":10273,"comment_status":"open","ping_status":"open","sticky":false,"template":"","format":"standard","meta":{"_uag_custom_page_level_css":"","footnotes":""},"categories":[27],"tags":[13635,13638,13640,13642,13636,13637,13641,7482,13644,10679,13643,13639],"class_list":["post-10270","post","type-post","status-publish","format-standard","has-post-thumbnail","hentry","category-acontece","tag-12a-fesqua-feira-internacional-da-industria-de-esquadrias","tag-construcoes-de-casas-e-edificacoes","tag-esquadrias-de-aluminio","tag-fabricantes-de-tintas","tag-fixacao-de-vidros-nas-esquadrias","tag-guindastes-na-construcao-civil","tag-industria-de-tintas","tag-mercado-da-construcao-civil","tag-portas-com-isolamento-acustico","tag-sao-paulo-sp","tag-vendas-de-material-de-acabamento","tag-vidros-e-janelas"],"blocksy_meta":[],"spectra_blocks_featured_image_url":{"thumbnail":{"url":"https:\/\/construcaocivil.siriusmarketingedesign.com.br\/wp-content\/uploads\/2018\/09\/AF-Fesqua_publico-1-150x150.jpg","width":150,"height":150},"medium":{"url":"https:\/\/construcaocivil.siriusmarketingedesign.com.br\/wp-content\/uploads\/2018\/09\/AF-Fesqua_publico-1-300x200.jpg","width":300,"height":200},"medium_large":{"url":"https:\/\/construcaocivil.siriusmarketingedesign.com.br\/wp-content\/uploads\/2018\/09\/AF-Fesqua_publico-1-768x512.jpg","width":768,"height":512},"large":{"url":"https:\/\/construcaocivil.siriusmarketingedesign.com.br\/wp-content\/uploads\/2018\/09\/AF-Fesqua_publico-1-1024x683.jpg","width":1024,"height":683},"full":{"url":"https:\/\/construcaocivil.siriusmarketingedesign.com.br\/wp-content\/uploads\/2018\/09\/AF-Fesqua_publico-1.jpg","width":1200,"height":800}},"spectra_blocks_author_info":{"display_name":"Jornal da Constru\u00e7\u00e3o Civil","avatar_url":"https:\/\/secure.gravatar.com\/avatar\/973c9774fd44ddaceb026973c4962faa70fc512bc4c9da68e8ebb40fecee6540?s=96&d=mm&r=g","author_link":"https:\/\/construcaocivil.siriusmarketingedesign.com.br\/?author=1","description":"Desde de 2013, levando muitas informa\u00e7\u00f5es, lan\u00e7amentos e produtos de qualidade para toda cadeia produtiva da constru\u00e7\u00e3o. O Futuro da constru\u00e7\u00e3o passa por aqui,"},"uagb_featured_image_src":{"full":["https:\/\/construcaocivil.siriusmarketingedesign.com.br\/wp-content\/uploads\/2018\/09\/AF-Fesqua_publico-1.jpg",1200,800,false],"thumbnail":["https:\/\/construcaocivil.siriusmarketingedesign.com.br\/wp-content\/uploads\/2018\/09\/AF-Fesqua_publico-1-150x150.jpg",150,150,true],"medium":["https:\/\/construcaocivil.siriusmarketingedesign.com.br\/wp-content\/uploads\/2018\/09\/AF-Fesqua_publico-1-300x200.jpg",300,200,true],"medium_large":["https:\/\/construcaocivil.siriusmarketingedesign.com.br\/wp-content\/uploads\/2018\/09\/AF-Fesqua_publico-1-768x512.jpg",768,512,true],"large":["https:\/\/construcaocivil.siriusmarketingedesign.com.br\/wp-content\/uploads\/2018\/09\/AF-Fesqua_publico-1-1024x683.jpg",1024,683,true],"1536x1536":["https:\/\/construcaocivil.siriusmarketingedesign.com.br\/wp-content\/uploads\/2018\/09\/AF-Fesqua_publico-1.jpg",1200,800,false],"2048x2048":["https:\/\/construcaocivil.siriusmarketingedesign.com.br\/wp-content\/uploads\/2018\/09\/AF-Fesqua_publico-1.jpg",1200,800,false]},"uagb_author_info":{"display_name":"Jornal da Constru\u00e7\u00e3o Civil","author_link":"https:\/\/construcaocivil.siriusmarketingedesign.com.br\/?author=1"},"uagb_comment_info":0,"uagb_excerpt":"Setembro, 2018 &#8211; A Fesqua \u2013 Feira Internacional da Ind\u00fastria de Esquadrias foi aberta no dia (12) no S\u00e3o Paulo Expo e segue at\u00e9 s\u00e1bado (15). O evento acontece juntamente com a Feitintas (Feira da Ind\u00fastria de Tintas, Vernizes e Produtos Correlatos) e o Ebrats (Encontro e Exposi\u00e7\u00e3o Brasileira de Tratamentos de Superf\u00edcie). As tr\u00eas&hellip;","_links":{"self":[{"href":"https:\/\/construcaocivil.siriusmarketingedesign.com.br\/index.php?rest_route=\/wp\/v2\/posts\/10270","targetHints":{"allow":["GET"]}}],"collection":[{"href":"https:\/\/construcaocivil.siriusmarketingedesign.com.br\/index.php?rest_route=\/wp\/v2\/posts"}],"about":[{"href":"https:\/\/construcaocivil.siriusmarketingedesign.com.br\/index.php?rest_route=\/wp\/v2\/types\/post"}],"author":[{"embeddable":true,"href":"https:\/\/construcaocivil.siriusmarketingedesign.com.br\/index.php?rest_route=\/wp\/v2\/users\/1"}],"replies":[{"embeddable":true,"href":"https:\/\/construcaocivil.siriusmarketingedesign.com.br\/index.php?rest_route=%2Fwp%2Fv2%2Fcomments&post=10270"}],"version-history":[{"count":0,"href":"https:\/\/construcaocivil.siriusmarketingedesign.com.br\/index.php?rest_route=\/wp\/v2\/posts\/10270\/revisions"}],"wp:featuredmedia":[{"embeddable":true,"href":"https:\/\/construcaocivil.siriusmarketingedesign.com.br\/index.php?rest_route=\/wp\/v2\/media\/10273"}],"wp:attachment":[{"href":"https:\/\/construcaocivil.siriusmarketingedesign.com.br\/index.php?rest_route=%2Fwp%2Fv2%2Fmedia&parent=10270"}],"wp:term":[{"taxonomy":"category","embeddable":true,"href":"https:\/\/construcaocivil.siriusmarketingedesign.com.br\/index.php?rest_route=%2Fwp%2Fv2%2Fcategories&post=10270"},{"taxonomy":"post_tag","embeddable":true,"href":"https:\/\/construcaocivil.siriusmarketingedesign.com.br\/index.php?rest_route=%2Fwp%2Fv2%2Ftags&post=10270"}],"curies":[{"name":"wp","href":"https:\/\/api.w.org\/{rel}","templated":true}]}}