{"id":10275,"date":"2018-09-14T16:55:37","date_gmt":"2018-09-14T19:55:37","guid":{"rendered":"http:\/\/www.jornaldaconstrucaocivil.com.br\/?p=10275"},"modified":"2018-09-14T16:55:37","modified_gmt":"2018-09-14T19:55:37","slug":"baleia-jubarte-case-brasileiro-de-preservacao-e-destaque-em-forum-internacional-da-baleia","status":"publish","type":"post","link":"https:\/\/construcaocivil.siriusmarketingedesign.com.br\/?p=10275","title":{"rendered":"Baleia Jubarte: Case brasileiro de preserva\u00e7\u00e3o \u00e9 destaque em f\u00f3rum internacional da Baleia"},"content":{"rendered":"<p style=\"text-align: justify;\"><span style=\"color: #ff6600;\">Setembro, 2018<\/span> &#8211; O case desenvolvido pelo Grupo de Trabalho de Preven\u00e7\u00e3o e Mitiga\u00e7\u00e3o de Colis\u00f5es com Embarca\u00e7\u00f5es, que re\u00fane a ONG Instituto Baleia Jubarte e as empresas Veracel, Fibria e Norsul, foi apresentado pelo Embaixador Hermano Telles Ribeiro, como exemplo de sucesso para a prote\u00e7\u00e3o das baleias, durante a reuni\u00e3o anual da Comiss\u00e3o Internacional da Baleia, \u00fanico f\u00f3rum reconhecido pela Organiza\u00e7\u00e3o das Na\u00e7\u00f5es Unidas (ONU), que acontece at\u00e9 hoje, sexta-feira (14\/09), em Florian\u00f3polis.<\/p>\n<figure id=\"attachment_10277\" aria-describedby=\"caption-attachment-10277\" style=\"width: 300px\" class=\"wp-caption alignleft\"><img loading=\"lazy\" decoding=\"async\" class=\"size-medium wp-image-10277\" src=\"http:\/\/www.jornaldaconstrucaocivil.com.br\/wp-content\/uploads\/2018\/09\/Forum-Internacional-da-Baleia-Florianopolis-300x225.jpeg\" alt=\"\" width=\"300\" height=\"225\" srcset=\"https:\/\/construcaocivil.siriusmarketingedesign.com.br\/wp-content\/uploads\/2018\/09\/Forum-Internacional-da-Baleia-Florianopolis-300x225.jpeg 300w, https:\/\/construcaocivil.siriusmarketingedesign.com.br\/wp-content\/uploads\/2018\/09\/Forum-Internacional-da-Baleia-Florianopolis-768x576.jpeg 768w, https:\/\/construcaocivil.siriusmarketingedesign.com.br\/wp-content\/uploads\/2018\/09\/Forum-Internacional-da-Baleia-Florianopolis.jpeg 1024w, https:\/\/construcaocivil.siriusmarketingedesign.com.br\/wp-content\/uploads\/2018\/09\/Forum-Internacional-da-Baleia-Florianopolis-86x64.jpeg 86w\" sizes=\"auto, (max-width: 300px) 100vw, 300px\" \/><figcaption id=\"caption-attachment-10277\" class=\"wp-caption-text\">Forum Internacional da Baleia &#8211; Florian\u00f3polis. Divulga\u00e7\u00e3o<\/figcaption><\/figure>\n<p style=\"text-align: justify;\">A parceria entre a ONG, as duas empresas do setor de celulose e uma transportadora de carga mar\u00edtima revela que \u00e9 poss\u00edvel ir al\u00e9m do trabalho de monitoramento e preven\u00e7\u00e3o. <span style=\"color: #0000ff;\"><em>\u201cH\u00e1 dois anos, criamos uma agenda positiva que amplia as a\u00e7\u00f5es exigidas pelos \u00f3rg\u00e3os ambientais. Damos treinamento para a tripula\u00e7\u00e3o das barca\u00e7as que transportam a celulose do Sul da Bahia para o Esp\u00edrito Santo com o objetivo de que possam detectar uma situa\u00e7\u00e3o de atropelamento da baleia e evitar um poss\u00edvel acidente com o animal\u201d<\/em><\/span>, explica Milton Marcondes, coordenador de pesquisa do projeto.<\/p>\n<p style=\"text-align: justify;\">O crescimento da popula\u00e7\u00e3o de baleias na costa brasileira mostra que medidas preventivas e de mitiga\u00e7\u00e3o de riscos t\u00eam sido importantes para a prote\u00e7\u00e3o e reprodu\u00e7\u00e3o da jubarte, assegurando ao mesmo tempo o desenvolvimento da atividade econ\u00f4mica.<span style=\"color: #0000ff;\"><em> \u201cEsse projeto refor\u00e7a que a coopera\u00e7\u00e3o e o di\u00e1logo entre empresas e institui\u00e7\u00f5es de pesquisa e conserva\u00e7\u00e3o conseguem conciliar a conserva\u00e7\u00e3o das baleias com a atividade produtiva\u201d<\/em><\/span>, afirma Renato Carneiro Filho, diretor de Sustentabilidade e Comunica\u00e7\u00e3o da Veracel.<\/p>\n<p style=\"text-align: justify;\">Para Jos\u00e9 Truda, do Instituto Baleia Jubarte, a coopera\u00e7\u00e3o alcan\u00e7ada no Brasil entre os diversos atores envolvidos na tem\u00e1tica pode servir de exemplo a outros pa\u00edses. <span style=\"color: #0000ff;\"><em>\u201cPodemos estimular oportunidades e colaborar com inst\u00e2ncias interessadas em metodologias e avan\u00e7os tecnol\u00f3gicos e de manejo para prevenir e reduzir incidentes de colis\u00e3o com baleias\u201d<\/em><\/span>, destaca.<\/p>\n<p style=\"text-align: justify;\">Uma semana antes do f\u00f3rum internacional, o case foi apresentado na Plen\u00e1ria da IWC \u2013 International Whaling Commission e foi elogiado pelo Comiss\u00e1rio de M\u00f4naco, Dr. Fr\u00e9deric Briand, para quem o case brasileiro \u00e9 um grande exemplo e deveria integrar uma base de dados de melhores pr\u00e1ticas sobre o tema.<\/p>\n<p>Mais detalhes acesse\u00a0<span style=\"color: #0000ff;\"><span style=\"font-weight: 400;\">\u00a0<\/span><span style=\"font-weight: 400;\"><a style=\"color: #0000ff;\" href=\"https:\/\/urldefense.proofpoint.com\/v2\/url?u=http-3A__www.veracel.com.br&amp;d=DwMGaQ&amp;c=9wxE0DgWbPxd1HCzjwN8Eaww1--ViDajIU4RXCxgSXE&amp;r=FTZc6lWM4WJNYNV6GJONmDJddI_o1keknA_S9sYWl5CaYNvXJiGdeeHY9yXEPyO6&amp;m=vTmFdISnGKAhLUiYwqVNFXPPRBxtXZF7WuDSnCQMa5g&amp;s=8rCcMVbzaFPg0PPQdig9XsnFtrhsmkx73fhgOQ2v1BE&amp;e=\">www.veracel.com.br<\/a><\/span><\/span><\/p>\n<p>Fonte: Imprensa\/Veracel<\/p>\n<p style=\"text-align: justify;\">\n<p style=\"text-align: justify;\">\n","protected":false},"excerpt":{"rendered":"<p>Setembro, 2018 &#8211; O case desenvolvido pelo Grupo de Trabalho de Preven\u00e7\u00e3o e Mitiga\u00e7\u00e3o de Colis\u00f5es com Embarca\u00e7\u00f5es, que re\u00fane a ONG Instituto Baleia Jubarte e as empresas Veracel, Fibria e Norsul, foi apresentado pelo Embaixador Hermano Telles Ribeiro, como exemplo de sucesso para a prote\u00e7\u00e3o das baleias, durante a reuni\u00e3o anual da Comiss\u00e3o Internacional [&hellip;]<\/p>\n","protected":false},"author":1,"featured_media":10276,"comment_status":"open","ping_status":"open","sticky":false,"template":"","format":"standard","meta":{"_uag_custom_page_level_css":"","footnotes":""},"categories":[37],"tags":[13645,13649,13650,5133,7438,13646,13647,8446,13648],"class_list":["post-10275","post","type-post","status-publish","format-standard","has-post-thumbnail","hentry","category-sustentabilidade","tag-baleia-jubarte","tag-comissao-internacional-da-baleia","tag-eunapolis-ba","tag-florianopolis-sc","tag-meio-ambiente","tag-nao-ao-japao-ao-exterminio-de-baleias","tag-ong-instituto-baleia-jubarte","tag-onu","tag-veracel"],"blocksy_meta":[],"spectra_blocks_featured_image_url":{"thumbnail":{"url":"https:\/\/construcaocivil.siriusmarketingedesign.com.br\/wp-content\/uploads\/2018\/09\/Monitoramento-baleia-jubarte-150x150.jpg","width":150,"height":150},"medium":{"url":"https:\/\/construcaocivil.siriusmarketingedesign.com.br\/wp-content\/uploads\/2018\/09\/Monitoramento-baleia-jubarte-300x224.jpg","width":300,"height":224},"medium_large":{"url":"https:\/\/construcaocivil.siriusmarketingedesign.com.br\/wp-content\/uploads\/2018\/09\/Monitoramento-baleia-jubarte-768x574.jpg","width":768,"height":574},"large":{"url":"https:\/\/construcaocivil.siriusmarketingedesign.com.br\/wp-content\/uploads\/2018\/09\/Monitoramento-baleia-jubarte.jpg","width":906,"height":677},"full":{"url":"https:\/\/construcaocivil.siriusmarketingedesign.com.br\/wp-content\/uploads\/2018\/09\/Monitoramento-baleia-jubarte.jpg","width":906,"height":677}},"spectra_blocks_author_info":{"display_name":"Jornal da Constru\u00e7\u00e3o Civil","avatar_url":"https:\/\/secure.gravatar.com\/avatar\/973c9774fd44ddaceb026973c4962faa70fc512bc4c9da68e8ebb40fecee6540?s=96&d=mm&r=g","author_link":"https:\/\/construcaocivil.siriusmarketingedesign.com.br\/?author=1","description":"Desde de 2013, levando muitas informa\u00e7\u00f5es, lan\u00e7amentos e produtos de qualidade para toda cadeia produtiva da constru\u00e7\u00e3o. O Futuro da constru\u00e7\u00e3o passa por aqui,"},"uagb_featured_image_src":{"full":["https:\/\/construcaocivil.siriusmarketingedesign.com.br\/wp-content\/uploads\/2018\/09\/Monitoramento-baleia-jubarte.jpg",906,677,false],"thumbnail":["https:\/\/construcaocivil.siriusmarketingedesign.com.br\/wp-content\/uploads\/2018\/09\/Monitoramento-baleia-jubarte-150x150.jpg",150,150,true],"medium":["https:\/\/construcaocivil.siriusmarketingedesign.com.br\/wp-content\/uploads\/2018\/09\/Monitoramento-baleia-jubarte-300x224.jpg",300,224,true],"medium_large":["https:\/\/construcaocivil.siriusmarketingedesign.com.br\/wp-content\/uploads\/2018\/09\/Monitoramento-baleia-jubarte-768x574.jpg",768,574,true],"large":["https:\/\/construcaocivil.siriusmarketingedesign.com.br\/wp-content\/uploads\/2018\/09\/Monitoramento-baleia-jubarte.jpg",906,677,false],"1536x1536":["https:\/\/construcaocivil.siriusmarketingedesign.com.br\/wp-content\/uploads\/2018\/09\/Monitoramento-baleia-jubarte.jpg",906,677,false],"2048x2048":["https:\/\/construcaocivil.siriusmarketingedesign.com.br\/wp-content\/uploads\/2018\/09\/Monitoramento-baleia-jubarte.jpg",906,677,false]},"uagb_author_info":{"display_name":"Jornal da Constru\u00e7\u00e3o Civil","author_link":"https:\/\/construcaocivil.siriusmarketingedesign.com.br\/?author=1"},"uagb_comment_info":0,"uagb_excerpt":"Setembro, 2018 &#8211; O case desenvolvido pelo Grupo de Trabalho de Preven\u00e7\u00e3o e Mitiga\u00e7\u00e3o de Colis\u00f5es com Embarca\u00e7\u00f5es, que re\u00fane a ONG Instituto Baleia Jubarte e as empresas Veracel, Fibria e Norsul, foi apresentado pelo Embaixador Hermano Telles Ribeiro, como exemplo de sucesso para a prote\u00e7\u00e3o das baleias, durante a reuni\u00e3o anual da Comiss\u00e3o Internacional&hellip;","_links":{"self":[{"href":"https:\/\/construcaocivil.siriusmarketingedesign.com.br\/index.php?rest_route=\/wp\/v2\/posts\/10275","targetHints":{"allow":["GET"]}}],"collection":[{"href":"https:\/\/construcaocivil.siriusmarketingedesign.com.br\/index.php?rest_route=\/wp\/v2\/posts"}],"about":[{"href":"https:\/\/construcaocivil.siriusmarketingedesign.com.br\/index.php?rest_route=\/wp\/v2\/types\/post"}],"author":[{"embeddable":true,"href":"https:\/\/construcaocivil.siriusmarketingedesign.com.br\/index.php?rest_route=\/wp\/v2\/users\/1"}],"replies":[{"embeddable":true,"href":"https:\/\/construcaocivil.siriusmarketingedesign.com.br\/index.php?rest_route=%2Fwp%2Fv2%2Fcomments&post=10275"}],"version-history":[{"count":0,"href":"https:\/\/construcaocivil.siriusmarketingedesign.com.br\/index.php?rest_route=\/wp\/v2\/posts\/10275\/revisions"}],"wp:featuredmedia":[{"embeddable":true,"href":"https:\/\/construcaocivil.siriusmarketingedesign.com.br\/index.php?rest_route=\/wp\/v2\/media\/10276"}],"wp:attachment":[{"href":"https:\/\/construcaocivil.siriusmarketingedesign.com.br\/index.php?rest_route=%2Fwp%2Fv2%2Fmedia&parent=10275"}],"wp:term":[{"taxonomy":"category","embeddable":true,"href":"https:\/\/construcaocivil.siriusmarketingedesign.com.br\/index.php?rest_route=%2Fwp%2Fv2%2Fcategories&post=10275"},{"taxonomy":"post_tag","embeddable":true,"href":"https:\/\/construcaocivil.siriusmarketingedesign.com.br\/index.php?rest_route=%2Fwp%2Fv2%2Ftags&post=10275"}],"curies":[{"name":"wp","href":"https:\/\/api.w.org\/{rel}","templated":true}]}}