{"id":10301,"date":"2018-09-19T13:58:41","date_gmt":"2018-09-19T16:58:41","guid":{"rendered":"http:\/\/www.jornaldaconstrucaocivil.com.br\/?p=10301"},"modified":"2018-09-19T14:52:55","modified_gmt":"2018-09-19T17:52:55","slug":"casa-viva-e-o-tema-da-28a-edicao-da-casacor-rio","status":"publish","type":"post","link":"https:\/\/construcaocivil.siriusmarketingedesign.com.br\/?p=10301","title":{"rendered":"CASA VIVA, \u00e9 o tema da 28\u00aa edi\u00e7\u00e3o da CasaCor Rio"},"content":{"rendered":"<p><em>Por Severian Rocha\u00a0<\/em><\/p>\n<p style=\"text-align: justify;\"><span style=\"color: #993300;\">Setembro, 2018<\/span> &#8211; Num espa\u00e7o buc\u00f3lico, suntuoso, aconchegante com vista da Ba\u00eda de Guanabara, 72 nomes da arquitetura, decora\u00e7\u00e3o, paisagismo e do designer nacional apresentam nos 42 espa\u00e7os da mostra seus projetos nas mais diferentes formas e perspectivas de morar bem para clientes, cariocas e turistas que visitam a cidade.<\/p>\n<p><iframe loading=\"lazy\" title=\"28\u00aa edi\u00e7\u00e3o CasaCorRio  - Espa\u00e7o Vista Bistr\u00f4 - Paula Neder\" width=\"1290\" height=\"726\" src=\"https:\/\/www.youtube.com\/embed\/AF5XCLo1Cao?feature=oembed\" frameborder=\"0\" allow=\"accelerometer; autoplay; clipboard-write; encrypted-media; gyroscope; picture-in-picture; web-share\" referrerpolicy=\"strict-origin-when-cross-origin\" allowfullscreen><\/iframe><\/p>\n<p style=\"text-align: justify;\">Neste ano a 28\u00aa da CasaCor Rio, desenvolve a tem\u00e1tica da <span style=\"color: #0000ff;\"><a style=\"color: #0000ff;\" href=\"https:\/\/casacor.abril.com.br\/noticias\/a-casa-viva-saiba-mais-sobre-o-tema-de-casacor-2018\/\">A Casa Viva<\/a><\/span>, num olhar que eleva ao grau principal a moradia, que\u00a0 \u00e9 o ref\u00fagio, o descanso a integra\u00e7\u00e3o, ao espa\u00e7o a ao meio ambiente. De acordo com Livia Pedreira, diretora da marca:\u00a0\u201cA ideia \u00e9 trazer novamente a casa como ref\u00fagio f\u00edsico, mental e espiritual. A casa tamb\u00e9m \u00e9 o espa\u00e7o da celebra\u00e7\u00e3o, dos la\u00e7os de afeto, seja com a fam\u00edlia, com os amigos\u201d, explica.<\/p>\n<figure id=\"attachment_10303\" aria-describedby=\"caption-attachment-10303\" style=\"width: 261px\" class=\"wp-caption alignleft\"><img loading=\"lazy\" decoding=\"async\" class=\" wp-image-10303\" src=\"http:\/\/www.jornaldaconstrucaocivil.com.br\/wp-content\/uploads\/2018\/09\/101_2362-300x225.jpg\" alt=\"\" width=\"261\" height=\"196\" \/><figcaption id=\"caption-attachment-10303\" class=\"wp-caption-text\">Camila Ramundo e Maria Carolina Valim. Foto:JCC<\/figcaption><\/figure>\n<p style=\"text-align: justify;\">O evento deu sua largada ontem (18) e segue at\u00e9 o dia 04 de novembro num pr\u00e9dio antigo, de 10 andares, conta ainda, com uma casa colonial em uma \u00e1rea verde de 2,5 mil m\u00b2, na Ladeira Nossa Senhora, no Bairro da Gl\u00f3ria \u2013 RJ. No passado o im\u00f3vel foi sede do grupo Monteiro Aranha.<\/p>\n<p style=\"text-align: justify;\">Entre os muitos espa\u00e7os visitados na mostra, o Jornal da Constru\u00e7\u00e3o Civil destaca, o Vista Bar Bistr\u00f4, da projetista Paula Neder e Coletivo PN+ e Viviane Menescal, o Quarto da Correspondente, Roberta Nicolau, al\u00e9m da \u00e1rea de Conviv\u00eancia, dos projetistas- Camila Ramundo, Danilo Ferreira e Maria Carolina Valim.<\/p>\n<p style=\"text-align: justify;\">Para o visitante que queira saber de mais detalhes da Casacor Rio acesse \u00a0<span style=\"color: #0000ff;\"><strong><a style=\"color: #0000ff;\" href=\"https:\/\/casacor.abril.com.br\/mostras\/rio-de-janeiro\/\">CASACOR Rio de Janeiro 2018<\/a><\/strong><\/span><\/p>\n<p><strong>SERVI\u00c7O CASACOR RIO DE JANEIRO 2018<\/strong><\/p>\n<p><strong>QUANDO?<\/strong><\/p>\n<p>De 18 de setembro a 4 de novembro de 2018<\/p>\n<p>Ter\u00e7a a s\u00e1bado, das 12h \u00e0s 21h;<\/p>\n<p>Domingo, das 12h \u00e0s 20h.<\/p>\n<p><strong>ONDE?<\/strong><\/p>\n<p>Ladeira de Nossa Senhora, 163 \u2013 Gl\u00f3ria<\/p>\n<p>Mais informa\u00e7\u00f5es: (21) 2512-2411<\/p>\n<p><strong>QUANTO?<\/strong><\/p>\n<p>Ter\u00e7a a sexta:<\/p>\n<p>Entrada inteira:<strong> R$50<\/strong><\/p>\n<p>Meia-entrada:<strong> R$25<\/strong><\/p>\n<p>S\u00e1bados, domingos e feriados:<\/p>\n<p>Entrada inteira:<strong> R$60<\/strong><\/p>\n<p>Meia-entrada: <strong>R$30<\/strong><\/p>\n<p>Adquira seu ingresso online\u00a0<span style=\"color: #0000ff;\"><a style=\"color: #0000ff;\" href=\"https:\/\/site.ingressorapido.com.br\/casacor\/\">clicando aqui!<\/a><\/span><\/p>\n<p style=\"text-align: justify;\">\n","protected":false},"excerpt":{"rendered":"<p>Por Severian Rocha\u00a0 Setembro, 2018 &#8211; Num espa\u00e7o buc\u00f3lico, suntuoso, aconchegante com vista da Ba\u00eda de Guanabara, 72 nomes da arquitetura, decora\u00e7\u00e3o, paisagismo e do designer nacional apresentam nos 42 espa\u00e7os da mostra seus projetos nas mais diferentes formas e perspectivas de morar bem para clientes, cariocas e turistas que visitam a cidade. Neste ano [&hellip;]<\/p>\n","protected":false},"author":1,"featured_media":10304,"comment_status":"open","ping_status":"open","sticky":false,"template":"","format":"standard","meta":{"_uag_custom_page_level_css":"","footnotes":""},"categories":[28],"tags":[13682,1933,13679,13597,3544,13681,13678,13683,7438,13680,8947,13684,10330,13598],"class_list":["post-10301","post","type-post","status-publish","format-standard","has-post-thumbnail","hentry","category-arquitetura","tag-camada-arquitetura","tag-casa-e-decoracao","tag-casa-viva","tag-casacor-rio-2018","tag-designer-de-interiores","tag-espaco-vista-bar-bistro","tag-gloria-rj","tag-imoveis-bm-planejados","tag-meio-ambiente","tag-morar-bem","tag-pisos","tag-projetos-para-casa-e-escritorios-comerciais","tag-revestimentos-e-acabamentos","tag-vendas-de-ingressos"],"blocksy_meta":[],"spectra_blocks_featured_image_url":{"thumbnail":{"url":"https:\/\/construcaocivil.siriusmarketingedesign.com.br\/wp-content\/uploads\/2018\/09\/TERRA-CASA-VIVA-129-carla-pimentel-0021-150x150.gif","width":150,"height":150},"medium":{"url":"https:\/\/construcaocivil.siriusmarketingedesign.com.br\/wp-content\/uploads\/2018\/09\/TERRA-CASA-VIVA-129-carla-pimentel-0021-300x200.gif","width":300,"height":200},"medium_large":{"url":"https:\/\/construcaocivil.siriusmarketingedesign.com.br\/wp-content\/uploads\/2018\/09\/TERRA-CASA-VIVA-129-carla-pimentel-0021-768x512.gif","width":768,"height":512},"large":{"url":"https:\/\/construcaocivil.siriusmarketingedesign.com.br\/wp-content\/uploads\/2018\/09\/TERRA-CASA-VIVA-129-carla-pimentel-0021.gif","width":920,"height":613},"full":{"url":"https:\/\/construcaocivil.siriusmarketingedesign.com.br\/wp-content\/uploads\/2018\/09\/TERRA-CASA-VIVA-129-carla-pimentel-0021.gif","width":920,"height":613}},"spectra_blocks_author_info":{"display_name":"Jornal da Constru\u00e7\u00e3o Civil","avatar_url":"https:\/\/secure.gravatar.com\/avatar\/973c9774fd44ddaceb026973c4962faa70fc512bc4c9da68e8ebb40fecee6540?s=96&d=mm&r=g","author_link":"https:\/\/construcaocivil.siriusmarketingedesign.com.br\/?author=1","description":"Desde de 2013, levando muitas informa\u00e7\u00f5es, lan\u00e7amentos e produtos de qualidade para toda cadeia produtiva da constru\u00e7\u00e3o. O Futuro da constru\u00e7\u00e3o passa por aqui,"},"uagb_featured_image_src":{"full":["https:\/\/construcaocivil.siriusmarketingedesign.com.br\/wp-content\/uploads\/2018\/09\/TERRA-CASA-VIVA-129-carla-pimentel-0021.gif",920,613,false],"thumbnail":["https:\/\/construcaocivil.siriusmarketingedesign.com.br\/wp-content\/uploads\/2018\/09\/TERRA-CASA-VIVA-129-carla-pimentel-0021-150x150.gif",150,150,true],"medium":["https:\/\/construcaocivil.siriusmarketingedesign.com.br\/wp-content\/uploads\/2018\/09\/TERRA-CASA-VIVA-129-carla-pimentel-0021-300x200.gif",300,200,true],"medium_large":["https:\/\/construcaocivil.siriusmarketingedesign.com.br\/wp-content\/uploads\/2018\/09\/TERRA-CASA-VIVA-129-carla-pimentel-0021-768x512.gif",768,512,true],"large":["https:\/\/construcaocivil.siriusmarketingedesign.com.br\/wp-content\/uploads\/2018\/09\/TERRA-CASA-VIVA-129-carla-pimentel-0021.gif",920,613,false],"1536x1536":["https:\/\/construcaocivil.siriusmarketingedesign.com.br\/wp-content\/uploads\/2018\/09\/TERRA-CASA-VIVA-129-carla-pimentel-0021.gif",920,613,false],"2048x2048":["https:\/\/construcaocivil.siriusmarketingedesign.com.br\/wp-content\/uploads\/2018\/09\/TERRA-CASA-VIVA-129-carla-pimentel-0021.gif",920,613,false]},"uagb_author_info":{"display_name":"Jornal da Constru\u00e7\u00e3o Civil","author_link":"https:\/\/construcaocivil.siriusmarketingedesign.com.br\/?author=1"},"uagb_comment_info":0,"uagb_excerpt":"Por Severian Rocha\u00a0 Setembro, 2018 &#8211; Num espa\u00e7o buc\u00f3lico, suntuoso, aconchegante com vista da Ba\u00eda de Guanabara, 72 nomes da arquitetura, decora\u00e7\u00e3o, paisagismo e do designer nacional apresentam nos 42 espa\u00e7os da mostra seus projetos nas mais diferentes formas e perspectivas de morar bem para clientes, cariocas e turistas que visitam a cidade. Neste ano&hellip;","_links":{"self":[{"href":"https:\/\/construcaocivil.siriusmarketingedesign.com.br\/index.php?rest_route=\/wp\/v2\/posts\/10301","targetHints":{"allow":["GET"]}}],"collection":[{"href":"https:\/\/construcaocivil.siriusmarketingedesign.com.br\/index.php?rest_route=\/wp\/v2\/posts"}],"about":[{"href":"https:\/\/construcaocivil.siriusmarketingedesign.com.br\/index.php?rest_route=\/wp\/v2\/types\/post"}],"author":[{"embeddable":true,"href":"https:\/\/construcaocivil.siriusmarketingedesign.com.br\/index.php?rest_route=\/wp\/v2\/users\/1"}],"replies":[{"embeddable":true,"href":"https:\/\/construcaocivil.siriusmarketingedesign.com.br\/index.php?rest_route=%2Fwp%2Fv2%2Fcomments&post=10301"}],"version-history":[{"count":0,"href":"https:\/\/construcaocivil.siriusmarketingedesign.com.br\/index.php?rest_route=\/wp\/v2\/posts\/10301\/revisions"}],"wp:featuredmedia":[{"embeddable":true,"href":"https:\/\/construcaocivil.siriusmarketingedesign.com.br\/index.php?rest_route=\/wp\/v2\/media\/10304"}],"wp:attachment":[{"href":"https:\/\/construcaocivil.siriusmarketingedesign.com.br\/index.php?rest_route=%2Fwp%2Fv2%2Fmedia&parent=10301"}],"wp:term":[{"taxonomy":"category","embeddable":true,"href":"https:\/\/construcaocivil.siriusmarketingedesign.com.br\/index.php?rest_route=%2Fwp%2Fv2%2Fcategories&post=10301"},{"taxonomy":"post_tag","embeddable":true,"href":"https:\/\/construcaocivil.siriusmarketingedesign.com.br\/index.php?rest_route=%2Fwp%2Fv2%2Ftags&post=10301"}],"curies":[{"name":"wp","href":"https:\/\/api.w.org\/{rel}","templated":true}]}}