{"id":10306,"date":"2018-09-19T14:44:16","date_gmt":"2018-09-19T17:44:16","guid":{"rendered":"http:\/\/www.jornaldaconstrucaocivil.com.br\/?p=10306"},"modified":"2018-09-19T14:44:16","modified_gmt":"2018-09-19T17:44:16","slug":"porto-do-acu-sera-um-dos-destaques-da-rio-oilgas-2018","status":"publish","type":"post","link":"https:\/\/construcaocivil.siriusmarketingedesign.com.br\/?p=10306","title":{"rendered":"Porto do A\u00e7u ser\u00e1 um dos destaques da Rio Oil&#038;Gas 2018"},"content":{"rendered":"<p style=\"font-weight: 400; text-align: justify;\"><strong>Rio de Janeiro, 19 de setembro &#8211;<\/strong>\u00a0A Porto do A\u00e7u Opera\u00e7\u00f5es estar\u00e1 presente na Rio Oil&amp;Gas 2018, o maior evento de \u00f3leo e g\u00e1s da Am\u00e9rica Latina, que acontecer\u00e1 de 24 a 27 de setembro, no centro de conven\u00e7\u00f5es Riocentro, no Rio de Janeiro. A empresa do Grupo Prumo, em parceria com o Porto de Antu\u00e9rpia, \u00e9 a respons\u00e1vel pelo desenvolvimento e administra\u00e7\u00e3o do Complexo do A\u00e7u, no Norte do estado (RJ), e receber\u00e1 os visitantes da feira no estande I-43 (Pavilh\u00e3o 4). No espa\u00e7o, ser\u00e1 poss\u00edvel conhecer os principais diferenciais do A\u00e7u, o maior complexo portu\u00e1rio, industrial e energ\u00e9tico brasileiro. Por meio de ferramentas interativas e audiovisuais, os visitantes poder\u00e3o navegar por todas as \u00e1reas do Porto do A\u00e7u e conhecer as empresas j\u00e1 instaladas no complexo.<\/p>\n<p style=\"font-weight: 400; text-align: justify;\">Em opera\u00e7\u00e3o desde 2014, o empreendimento foi desenvolvido atendendo ao conceito one-stop-shop, visando se consolidar como principal polo provedor de solu\u00e7\u00f5es integradas para o setor de \u00f3leo e g\u00e1s no pa\u00eds.<\/p>\n<p style=\"font-weight: 400; text-align: justify;\">Com localiza\u00e7\u00e3o privilegiada em rela\u00e7\u00e3o \u00e0s principais bacias produtoras offshore, o A\u00e7u se apresenta como excelente alternativa para a instala\u00e7\u00e3o e opera\u00e7\u00e3o de empresas do setor de \u00f3leo e g\u00e1s, com uma infraestrutura diferenciada e um ambiente comprometido com a seguran\u00e7a, a efici\u00eancia a integridade e o desenvolvimento sustent\u00e1vel.<\/p>\n<p style=\"font-weight: 400; text-align: justify;\">O CEO da Porto do A\u00e7u Opera\u00e7\u00f5es, Tadeu Fraga, ressalta que as oportunidades de neg\u00f3cios no empreendimento v\u00e3o al\u00e9m do setor offshore. \u201cAl\u00e9m das atividades voltadas para o provimento de equipamentos e de servi\u00e7os para a ind\u00fastria de \u00f3leo e g\u00e1s, inclusive no apoio log\u00edstico offshore, o complexo tamb\u00e9m se constitui numa importante alternativa para o escoamento do petr\u00f3leo e do g\u00e1s natural produzidos, e na transforma\u00e7\u00e3o destes em energia e em produtos de maior valor agregado\u201d, afirmou Fraga.<\/p>\n<p style=\"font-weight: 400; text-align: justify;\">O Complexo do A\u00e7u, que tem 130 km\u00b2 de \u00e1rea, sendo 40 km\u00b2 de reserva ambiental, conta hoje com 11 empresas em opera\u00e7\u00e3o, algumas l\u00edderes em seus setores: Porto do A\u00e7u, A\u00e7u Petr\u00f3leo, BP Prumo, B-Port (empresa do Grupo Edison Chouest), InterMoor, NOV, TechnipFMC, Wartsila, Ferroport, Anglo American e Dome.<\/p>\n<p style=\"font-weight: 400;\">Para participar da Rio Oil&amp;Gas, fa\u00e7a seu cadastro pelo link\u00a0<span style=\"color: #0000ff;\"><a style=\"color: #0000ff;\" href=\"https:\/\/eventos.tmp.br\/ibp2018\/visitantes\/inicio_individual.php\">https:\/\/eventos.tmp.br\/ibp2018\/visitantes\/inicio_individual.php<\/a>.<\/span><\/p>\n<p>Fonte: Imprensa\/ Prumo Log\u00edstica<\/p>\n","protected":false},"excerpt":{"rendered":"<p>Rio de Janeiro, 19 de setembro &#8211;\u00a0A Porto do A\u00e7u Opera\u00e7\u00f5es estar\u00e1 presente na Rio Oil&amp;Gas 2018, o maior evento de \u00f3leo e g\u00e1s da Am\u00e9rica Latina, que acontecer\u00e1 de 24 a 27 de setembro, no centro de conven\u00e7\u00f5es Riocentro, no Rio de Janeiro. A empresa do Grupo Prumo, em parceria com o Porto de [&hellip;]<\/p>\n","protected":false},"author":1,"featured_media":10307,"comment_status":"open","ping_status":"open","sticky":false,"template":"","format":"standard","meta":{"_uag_custom_page_level_css":"","footnotes":""},"categories":[33],"tags":[13690,13686,8180,13687,13689,13685,10406,13688,11004],"class_list":["post-10306","post","type-post","status-publish","format-standard","has-post-thumbnail","hentry","category-mercado","tag-exportacao-de-graos","tag-mercado-de-offshore","tag-norte-fluminense","tag-porto-acu-complexo-portuario","tag-porto-acu-exportacao-de-minerio-de-ferro","tag-rio-oilgas-2018","tag-riocentro","tag-servicos-para-a-industria-de-oleo-e-gas","tag-setor-de-oleo-e-gas"],"blocksy_meta":[],"spectra_blocks_featured_image_url":{"thumbnail":{"url":"https:\/\/construcaocivil.siriusmarketingedesign.com.br\/wp-content\/uploads\/2018\/09\/PORTO-A\u00c7U-DJI_0091-150x150.jpg","width":150,"height":150},"medium":{"url":"https:\/\/construcaocivil.siriusmarketingedesign.com.br\/wp-content\/uploads\/2018\/09\/PORTO-A\u00c7U-DJI_0091-300x169.jpg","width":300,"height":169},"medium_large":{"url":"https:\/\/construcaocivil.siriusmarketingedesign.com.br\/wp-content\/uploads\/2018\/09\/PORTO-A\u00c7U-DJI_0091-768x432.jpg","width":768,"height":432},"large":{"url":"https:\/\/construcaocivil.siriusmarketingedesign.com.br\/wp-content\/uploads\/2018\/09\/PORTO-A\u00c7U-DJI_0091-1024x576.jpg","width":1024,"height":576},"full":{"url":"https:\/\/construcaocivil.siriusmarketingedesign.com.br\/wp-content\/uploads\/2018\/09\/PORTO-A\u00c7U-DJI_0091-e1537378524318.jpg","width":900,"height":506}},"spectra_blocks_author_info":{"display_name":"Jornal da Constru\u00e7\u00e3o Civil","avatar_url":"https:\/\/secure.gravatar.com\/avatar\/973c9774fd44ddaceb026973c4962faa70fc512bc4c9da68e8ebb40fecee6540?s=96&d=mm&r=g","author_link":"https:\/\/construcaocivil.siriusmarketingedesign.com.br\/?author=1","description":"Desde de 2013, levando muitas informa\u00e7\u00f5es, lan\u00e7amentos e produtos de qualidade para toda cadeia produtiva da constru\u00e7\u00e3o. O Futuro da constru\u00e7\u00e3o passa por aqui,"},"uagb_featured_image_src":{"full":["https:\/\/construcaocivil.siriusmarketingedesign.com.br\/wp-content\/uploads\/2018\/09\/PORTO-A\u00c7U-DJI_0091-e1537378524318.jpg",900,506,false],"thumbnail":["https:\/\/construcaocivil.siriusmarketingedesign.com.br\/wp-content\/uploads\/2018\/09\/PORTO-A\u00c7U-DJI_0091-150x150.jpg",150,150,true],"medium":["https:\/\/construcaocivil.siriusmarketingedesign.com.br\/wp-content\/uploads\/2018\/09\/PORTO-A\u00c7U-DJI_0091-300x169.jpg",300,169,true],"medium_large":["https:\/\/construcaocivil.siriusmarketingedesign.com.br\/wp-content\/uploads\/2018\/09\/PORTO-A\u00c7U-DJI_0091-768x432.jpg",768,432,true],"large":["https:\/\/construcaocivil.siriusmarketingedesign.com.br\/wp-content\/uploads\/2018\/09\/PORTO-A\u00c7U-DJI_0091-1024x576.jpg",1024,576,true],"1536x1536":["https:\/\/construcaocivil.siriusmarketingedesign.com.br\/wp-content\/uploads\/2018\/09\/PORTO-A\u00c7U-DJI_0091-e1537378524318.jpg",900,506,false],"2048x2048":["https:\/\/construcaocivil.siriusmarketingedesign.com.br\/wp-content\/uploads\/2018\/09\/PORTO-A\u00c7U-DJI_0091-e1537378524318.jpg",900,506,false]},"uagb_author_info":{"display_name":"Jornal da Constru\u00e7\u00e3o Civil","author_link":"https:\/\/construcaocivil.siriusmarketingedesign.com.br\/?author=1"},"uagb_comment_info":0,"uagb_excerpt":"Rio de Janeiro, 19 de setembro &#8211;\u00a0A Porto do A\u00e7u Opera\u00e7\u00f5es estar\u00e1 presente na Rio Oil&amp;Gas 2018, o maior evento de \u00f3leo e g\u00e1s da Am\u00e9rica Latina, que acontecer\u00e1 de 24 a 27 de setembro, no centro de conven\u00e7\u00f5es Riocentro, no Rio de Janeiro. A empresa do Grupo Prumo, em parceria com o Porto de&hellip;","_links":{"self":[{"href":"https:\/\/construcaocivil.siriusmarketingedesign.com.br\/index.php?rest_route=\/wp\/v2\/posts\/10306","targetHints":{"allow":["GET"]}}],"collection":[{"href":"https:\/\/construcaocivil.siriusmarketingedesign.com.br\/index.php?rest_route=\/wp\/v2\/posts"}],"about":[{"href":"https:\/\/construcaocivil.siriusmarketingedesign.com.br\/index.php?rest_route=\/wp\/v2\/types\/post"}],"author":[{"embeddable":true,"href":"https:\/\/construcaocivil.siriusmarketingedesign.com.br\/index.php?rest_route=\/wp\/v2\/users\/1"}],"replies":[{"embeddable":true,"href":"https:\/\/construcaocivil.siriusmarketingedesign.com.br\/index.php?rest_route=%2Fwp%2Fv2%2Fcomments&post=10306"}],"version-history":[{"count":0,"href":"https:\/\/construcaocivil.siriusmarketingedesign.com.br\/index.php?rest_route=\/wp\/v2\/posts\/10306\/revisions"}],"wp:featuredmedia":[{"embeddable":true,"href":"https:\/\/construcaocivil.siriusmarketingedesign.com.br\/index.php?rest_route=\/wp\/v2\/media\/10307"}],"wp:attachment":[{"href":"https:\/\/construcaocivil.siriusmarketingedesign.com.br\/index.php?rest_route=%2Fwp%2Fv2%2Fmedia&parent=10306"}],"wp:term":[{"taxonomy":"category","embeddable":true,"href":"https:\/\/construcaocivil.siriusmarketingedesign.com.br\/index.php?rest_route=%2Fwp%2Fv2%2Fcategories&post=10306"},{"taxonomy":"post_tag","embeddable":true,"href":"https:\/\/construcaocivil.siriusmarketingedesign.com.br\/index.php?rest_route=%2Fwp%2Fv2%2Ftags&post=10306"}],"curies":[{"name":"wp","href":"https:\/\/api.w.org\/{rel}","templated":true}]}}