{"id":10327,"date":"2018-09-21T17:46:01","date_gmt":"2018-09-21T20:46:01","guid":{"rendered":"http:\/\/www.jornaldaconstrucaocivil.com.br\/?p=10327"},"modified":"2018-09-21T17:46:01","modified_gmt":"2018-09-21T20:46:01","slug":"picto-cursos-oferece-especializacao-em-detalhamento-e-pratica-de-obras","status":"publish","type":"post","link":"https:\/\/construcaocivil.siriusmarketingedesign.com.br\/?p=10327","title":{"rendered":"Picto Cursos oferece especializa\u00e7\u00e3o em Detalhamento e Pr\u00e1tica de Obras"},"content":{"rendered":"<p style=\"font-weight: 400; text-align: justify;\"><span style=\"color: #993300;\">Rio, setembro, 2018<\/span> &#8211; Idealizado pelos arquitetos Sheila Jabarra e o Professor Dr. Guilherme Figueiredo, o curso \u201cDetalhamento e Pr\u00e1tica de Obras\u201d tem in\u00edcio em 24\/10, quarta-feira, e acontece no Nex Coworking, na Gl\u00f3ria. O curso \u00e9 destinado aos estudantes e aos profissionais de arquitetura, engenharia civil e \u00e1reas afins que desejam trabalhar em uma \u00e1rea n\u00e3o saturada e, dominar os processos pr\u00e1ticos de desenvolvimento de obras. O curso ainda ir\u00e1 explorar o detalhamento e a execu\u00e7\u00e3o da obra, aprofundar informa\u00e7\u00f5es sobre os materiais e os sistemas construtivos usuais, comparar causas e consequ\u00eancias das decis\u00f5es projetuais e, ainda, vai estimular o di\u00e1logo entre projetistas, fornecedores e respons\u00e1veis pela execu\u00e7\u00e3o da obra.<\/p>\n<figure id=\"attachment_10329\" aria-describedby=\"caption-attachment-10329\" style=\"width: 300px\" class=\"wp-caption alignleft\"><img loading=\"lazy\" decoding=\"async\" class=\"size-medium wp-image-10329\" src=\"http:\/\/www.jornaldaconstrucaocivil.com.br\/wp-content\/uploads\/2018\/09\/ARQ-CURSO-foto-1-300x225.jpg\" alt=\"\" width=\"300\" height=\"225\" \/><figcaption id=\"caption-attachment-10329\" class=\"wp-caption-text\">Shelia Jabarra, da Picto Arquitetura e Design. Divulga\u00e7\u00e3o<\/figcaption><\/figure>\n<p style=\"font-weight: 400; text-align: justify;\">Ao final do curso o aluno ser\u00e1 capaz de compreender com mais clareza os processos de detalhamento arquitet\u00f4nico, suas defini\u00e7\u00f5es, decis\u00f5es e, em especial, as inter-rela\u00e7\u00f5es existentes no ambiente dos escrit\u00f3rios e nas obras.<\/p>\n<p style=\"font-weight: 400;\"><span style=\"color: #993300;\"><strong>Metodologia do curso<\/strong><\/span><\/p>\n<p style=\"font-weight: 400;\">O curso \u00e9 desenvolvido por meio de oficinas te\u00f3rico-pr\u00e1ticas e, como diferencial, aposta em visitas t\u00e9cnicas em espa\u00e7os arquitet\u00f4nicos, obras civis em andamento e em empresas que desenvolvem temas estudados pelos alunos.<\/p>\n<p style=\"font-weight: 400;\">O conte\u00fado \u00e9 dividido em cinco abordagens distintas:<\/p>\n<p style=\"font-weight: 400;\"><span style=\"color: #993300;\"><strong><u>Aulas em audit\u00f3rio<\/u><\/strong><strong>\u00a0<\/strong><\/span><\/p>\n<p style=\"font-weight: 400;\">1 \u2013 Apresenta\u00e7\u00e3o do conte\u00fado e das atividades;<\/p>\n<p style=\"font-weight: 400;\">2 \u2013 Oficinas para desenvolvimento de detalhes arquitet\u00f4nicos;<\/p>\n<p style=\"font-weight: 400;\">3 \u2013 Verifica\u00e7\u00e3o do detalhamento produzido, ap\u00f3s as visitas t\u00e9cnicas.<\/p>\n<p style=\"font-weight: 400;\"><span style=\"color: #993300;\"><strong><u>Aulas externas<\/u><\/strong><strong>\u00a0<\/strong><\/span><\/p>\n<p style=\"font-weight: 400;\">4 \u2013 Visitas t\u00e9cnicas, com orienta\u00e7\u00f5es, a edifica\u00e7\u00f5es e espa\u00e7os que representem e demonstrem os exemplos em estudo;<\/p>\n<p style=\"font-weight: 400;\">5 \u2013 Visitas t\u00e9cnicas, com orienta\u00e7\u00f5es, a empresas respons\u00e1veis em atender aos arquitetos, com base em suas propostas de detalhamento. Exemplos: vidra\u00e7arias, marmorarias e marcenarias.<\/p>\n<p style=\"font-weight: 400;\">\n<span style=\"color: #993300;\"><strong>Corpo Docente<\/strong>\u00a0<\/span><\/p>\n<p style=\"font-weight: 400;\">O curso \u201cDetalhamento e Pr\u00e1ticas de Obras\u201d conta com a coordena\u00e7\u00e3o da arquiteta e urbanista especialista em design de espa\u00e7os Sheila Jabarra, CEO da Picto Arquitetura e Design e da Picto Cursos. J\u00e1 o arquiteto e urbanista Guilherme Figueiredo atua como supervisor do m\u00f3dulo. Guilherme \u00e9 Mestre e Doutor em Ci\u00eancias em Arquitetura e, professor adjunto de Projeto de Arquitetura na Universidade Federal Fluminense.<\/p>\n<p style=\"font-weight: 400;\"><span style=\"color: #993300;\"><strong>Servi\u00e7o<\/strong>\u00a0<\/span><\/p>\n<p style=\"font-weight: 400;\">Inscri\u00e7\u00f5es e mais informa\u00e7\u00f5es: (21) 99856-0137 ou (21)99699-3510;<\/p>\n<p style=\"font-weight: 400;\">Carga hor\u00e1ria: 45 horas<br \/>\nDe 24\/10 (quarta-feira) a 12\/12 (quarta-feira);<\/p>\n<p style=\"font-weight: 400;\">Aulas \u00e0s quartas-feiras, das 19 \u00e0s 22 horas e s\u00e1bados, das 9 \u00e0s 12 horas;<\/p>\n<p style=\"font-weight: 400;\">Local: Nex Coworking \u2013 Villa Aymor\u00e9, Ladeira da Gl\u00f3ria 26 \u2013 Bloco 3 \u2013 Gl\u00f3ria, Rio de Janeiro;<\/p>\n<p style=\"font-weight: 400;\"><span style=\"color: #0000ff;\">*\u00c9 necess\u00e1rio levar notebook para as aulas.<\/span><\/p>\n<p style=\"font-weight: 400;\">\n<p style=\"font-weight: 400;\">\n","protected":false},"excerpt":{"rendered":"<p>Rio, setembro, 2018 &#8211; Idealizado pelos arquitetos Sheila Jabarra e o Professor Dr. Guilherme Figueiredo, o curso \u201cDetalhamento e Pr\u00e1tica de Obras\u201d tem in\u00edcio em 24\/10, quarta-feira, e acontece no Nex Coworking, na Gl\u00f3ria. O curso \u00e9 destinado aos estudantes e aos profissionais de arquitetura, engenharia civil e \u00e1reas afins que desejam trabalhar em uma [&hellip;]<\/p>\n","protected":false},"author":1,"featured_media":10328,"comment_status":"open","ping_status":"open","sticky":false,"template":"","format":"standard","meta":{"_uag_custom_page_level_css":"","footnotes":""},"categories":[28],"tags":[13711,13706,13709,13678,13710,13708,13707,10375],"class_list":["post-10327","post","type-post","status-publish","format-standard","has-post-thumbnail","hentry","category-arquitetura","tag-curso-de-praticas-obras-civis","tag-curso-para-arquitetos-engenheiros","tag-detalhamento-e-execucao-de-obra","tag-gloria-rj","tag-nex-coworking-villa-aymore","tag-picto-arquitetura-e-design","tag-pratica-em-obras-civis","tag-rio-de-janeiro"],"blocksy_meta":[],"spectra_blocks_featured_image_url":{"thumbnail":{"url":"https:\/\/construcaocivil.siriusmarketingedesign.com.br\/wp-content\/uploads\/2018\/09\/CURSO-ARQ-150x150.jpg","width":150,"height":150},"medium":{"url":"https:\/\/construcaocivil.siriusmarketingedesign.com.br\/wp-content\/uploads\/2018\/09\/CURSO-ARQ-300x199.jpg","width":300,"height":199},"medium_large":{"url":"https:\/\/construcaocivil.siriusmarketingedesign.com.br\/wp-content\/uploads\/2018\/09\/CURSO-ARQ-768x510.jpg","width":768,"height":510},"large":{"url":"https:\/\/construcaocivil.siriusmarketingedesign.com.br\/wp-content\/uploads\/2018\/09\/CURSO-ARQ.jpg","width":960,"height":638},"full":{"url":"https:\/\/construcaocivil.siriusmarketingedesign.com.br\/wp-content\/uploads\/2018\/09\/CURSO-ARQ.jpg","width":960,"height":638}},"spectra_blocks_author_info":{"display_name":"Jornal da Constru\u00e7\u00e3o Civil","avatar_url":"https:\/\/secure.gravatar.com\/avatar\/973c9774fd44ddaceb026973c4962faa70fc512bc4c9da68e8ebb40fecee6540?s=96&d=mm&r=g","author_link":"https:\/\/construcaocivil.siriusmarketingedesign.com.br\/?author=1","description":"Desde de 2013, levando muitas informa\u00e7\u00f5es, lan\u00e7amentos e produtos de qualidade para toda cadeia produtiva da constru\u00e7\u00e3o. O Futuro da constru\u00e7\u00e3o passa por aqui,"},"uagb_featured_image_src":{"full":["https:\/\/construcaocivil.siriusmarketingedesign.com.br\/wp-content\/uploads\/2018\/09\/CURSO-ARQ.jpg",960,638,false],"thumbnail":["https:\/\/construcaocivil.siriusmarketingedesign.com.br\/wp-content\/uploads\/2018\/09\/CURSO-ARQ-150x150.jpg",150,150,true],"medium":["https:\/\/construcaocivil.siriusmarketingedesign.com.br\/wp-content\/uploads\/2018\/09\/CURSO-ARQ-300x199.jpg",300,199,true],"medium_large":["https:\/\/construcaocivil.siriusmarketingedesign.com.br\/wp-content\/uploads\/2018\/09\/CURSO-ARQ-768x510.jpg",768,510,true],"large":["https:\/\/construcaocivil.siriusmarketingedesign.com.br\/wp-content\/uploads\/2018\/09\/CURSO-ARQ.jpg",960,638,false],"1536x1536":["https:\/\/construcaocivil.siriusmarketingedesign.com.br\/wp-content\/uploads\/2018\/09\/CURSO-ARQ.jpg",960,638,false],"2048x2048":["https:\/\/construcaocivil.siriusmarketingedesign.com.br\/wp-content\/uploads\/2018\/09\/CURSO-ARQ.jpg",960,638,false]},"uagb_author_info":{"display_name":"Jornal da Constru\u00e7\u00e3o Civil","author_link":"https:\/\/construcaocivil.siriusmarketingedesign.com.br\/?author=1"},"uagb_comment_info":0,"uagb_excerpt":"Rio, setembro, 2018 &#8211; Idealizado pelos arquitetos Sheila Jabarra e o Professor Dr. Guilherme Figueiredo, o curso \u201cDetalhamento e Pr\u00e1tica de Obras\u201d tem in\u00edcio em 24\/10, quarta-feira, e acontece no Nex Coworking, na Gl\u00f3ria. O curso \u00e9 destinado aos estudantes e aos profissionais de arquitetura, engenharia civil e \u00e1reas afins que desejam trabalhar em uma&hellip;","_links":{"self":[{"href":"https:\/\/construcaocivil.siriusmarketingedesign.com.br\/index.php?rest_route=\/wp\/v2\/posts\/10327","targetHints":{"allow":["GET"]}}],"collection":[{"href":"https:\/\/construcaocivil.siriusmarketingedesign.com.br\/index.php?rest_route=\/wp\/v2\/posts"}],"about":[{"href":"https:\/\/construcaocivil.siriusmarketingedesign.com.br\/index.php?rest_route=\/wp\/v2\/types\/post"}],"author":[{"embeddable":true,"href":"https:\/\/construcaocivil.siriusmarketingedesign.com.br\/index.php?rest_route=\/wp\/v2\/users\/1"}],"replies":[{"embeddable":true,"href":"https:\/\/construcaocivil.siriusmarketingedesign.com.br\/index.php?rest_route=%2Fwp%2Fv2%2Fcomments&post=10327"}],"version-history":[{"count":0,"href":"https:\/\/construcaocivil.siriusmarketingedesign.com.br\/index.php?rest_route=\/wp\/v2\/posts\/10327\/revisions"}],"wp:featuredmedia":[{"embeddable":true,"href":"https:\/\/construcaocivil.siriusmarketingedesign.com.br\/index.php?rest_route=\/wp\/v2\/media\/10328"}],"wp:attachment":[{"href":"https:\/\/construcaocivil.siriusmarketingedesign.com.br\/index.php?rest_route=%2Fwp%2Fv2%2Fmedia&parent=10327"}],"wp:term":[{"taxonomy":"category","embeddable":true,"href":"https:\/\/construcaocivil.siriusmarketingedesign.com.br\/index.php?rest_route=%2Fwp%2Fv2%2Fcategories&post=10327"},{"taxonomy":"post_tag","embeddable":true,"href":"https:\/\/construcaocivil.siriusmarketingedesign.com.br\/index.php?rest_route=%2Fwp%2Fv2%2Ftags&post=10327"}],"curies":[{"name":"wp","href":"https:\/\/api.w.org\/{rel}","templated":true}]}}