{"id":10331,"date":"2018-09-21T18:09:43","date_gmt":"2018-09-21T21:09:43","guid":{"rendered":"http:\/\/www.jornaldaconstrucaocivil.com.br\/?p=10331"},"modified":"2018-09-21T18:09:43","modified_gmt":"2018-09-21T21:09:43","slug":"paraty-avanca-mais-um-passo-para-se-tornar-patrimonio-mundial","status":"publish","type":"post","link":"https:\/\/construcaocivil.siriusmarketingedesign.com.br\/?p=10331","title":{"rendered":"Paraty avan\u00e7a mais um passo para se tornar Patrim\u00f4nio Mundial"},"content":{"rendered":"<div style=\"text-align: justify;\"><span style=\"color: #993300;\">Setembro, 2018<\/span> &#8211; A riqueza cultural e excepcional beleza natural, faz da regi\u00e3o de\u00a0\u00a0<span class=\"il\">Paraty<\/span>\u00a0e Angra dos Reis um lugar sem igual. \u00c9 o que defende a candidatura do primeiro s\u00edtio misto brasileiro a Patrim\u00f4nio Mundial. Especialistas do Conselho Internacional de Monumentos e S\u00edtios (Icomos) e da Uni\u00e3o Internacional para a Conserva\u00e7\u00e3o da Natureza (IUCN), \u00f3rg\u00e3os assessores da Unesco, estiveram em miss\u00e3o no Brasil de 10 a 16 de setembro, para avaliar o reconhecimento mundial do s\u00edtio.<\/div>\n<div style=\"text-align: justify;\"><\/div>\n<div style=\"text-align: justify;\">A candidatura\u00a0<span class=\"il\">Paraty<\/span>: Cultura e Biodiversidade trata de um territ\u00f3rio de 130 mil hectares, em que o centro hist\u00f3rico se cerca de quatro \u00e1reas de preserva\u00e7\u00e3o ambiental. Com \u00e1reas cobertas de vegeta\u00e7\u00e3o prim\u00e1ria, ali est\u00e3o o Parque Nacional da Serra da Bocaina; o Parque Estadual da Ilha Grande; a Reserva Biol\u00f3gica Estadual da Praia do Sul; e a Reserva Ecol\u00f3gica Estadual da Juatinga. Se aprovado, esse s\u00edtio misto ter\u00e1 o reconhecimento como um patrim\u00f4nio cultural e natural.<\/div>\n<div style=\"text-align: justify;\"><\/div>\n<div style=\"text-align: justify;\">De 1.092 bens inscritos da Lista do Patrim\u00f4nio Mundial, apenas 38 s\u00e3o mistos. A expectativa \u00e9 que este s\u00edtio receba o t\u00edtulo na pr\u00f3xima reuni\u00e3o do Comit\u00ea do Patrim\u00f4nio Mundial, que ir\u00e1 ocorrer de 30 de junho a 10 de julho de 2019, em Baku, no Azerbaij\u00e3o.<\/div>\n<div style=\"text-align: justify;\"><\/div>\n<div style=\"text-align: justify;\">A candidatura \u00e9 fruto de uma parceria entre o Minist\u00e9rio do Meio Ambiente, Instituto do Patrim\u00f4nio Hist\u00f3rico e Art\u00edstico Nacional (<span class=\"il\">Iphan<\/span>), Instituto Chico Mendes de Conserva\u00e7\u00e3o da Biodiversidade (ICMBio), Prefeituras Municipais de\u00a0<span class=\"il\">Paraty<\/span>\u00a0e de Angra dos Reis.<\/div>\n<div style=\"text-align: justify;\"><\/div>\n<div style=\"text-align: justify;\"><strong>Patrim\u00f4nio Cultural e Natural<\/strong><\/div>\n<div style=\"text-align: justify;\"><\/div>\n<div style=\"text-align: justify;\">Ao longo de uma semana, a miss\u00e3o de avalia\u00e7\u00e3o percorreu um extenso percurso. Sobrevoaram o Parque Nacional da Serra da Bocaina, caminharam por um trecho do Caminho do Ouro, onde h\u00e1 vest\u00edgios preservados desse patrim\u00f4nio arqueol\u00f3gico, remanescente dos antigos caminhos criados para o interior do pa\u00eds. No centro hist\u00f3rico de\u00a0<span class=\"il\">Paraty<\/span>, conheceram exposi\u00e7\u00f5es de materiais lit\u00fargicos no Museu de Arte Sacra, a Casa de Cultura, exposi\u00e7\u00e3o de aves raras no SESC e comidas t\u00edpicas do munic\u00edpio que leva o t\u00edtulo de Cidade Criativa da Gastronomia.<\/div>\n<div style=\"text-align: justify;\"><\/div>\n<div style=\"text-align: justify;\">Nos parques, realizaram observa\u00e7\u00e3o de p\u00e1ssaros, logo pela manh\u00e3. Na Aldeia de\u00a0<span class=\"il\">Paraty<\/span>-Mirim, viram uma apresenta\u00e7\u00e3o de jongo. O turismo de base comunit\u00e1ria do Quilombo do Campinho revelou a intera\u00e7\u00e3o entre cultura e meio ambiente, com a recupera\u00e7\u00e3o da mata atl\u00e2ntica com t\u00e9cnicas de agroflorestamento. Na Fazenda Bananal, conheceram a produ\u00e7\u00e3o agr\u00edcola\u00a0 em meio a uma agrofloresta.<\/div>\n<div style=\"text-align: justify;\"><\/div>\n<div style=\"text-align: justify;\">Em um passeio na Juatinga tiveram a oportunidade de conhecer o recortado litoral com sua exuberante natureza\u00a0 onde vivem e resistem cerca de cinquenta comunidades tradicionais cai\u00e7aras, ind\u00edgenas e quilombolas. Ap\u00f3s um sobrevoo de helic\u00f3ptero pela \u00e1rea ambiental da Ilha Grande,\u00a0 desembarcaram em Angra dos Reis, e realizaram de um percurso por lugares onde a natureza se apresenta caprichosa e exuberante.<\/div>\n<div style=\"text-align: justify;\"><\/div>\n<div style=\"text-align: justify;\">\u201cA miss\u00e3o demonstrou como cultura e natureza se integram, no territ\u00f3rio. Nas comunidades tradicionais, ou no pr\u00f3prio sistema de drenagem de\u00a0<span class=\"il\">Paraty<\/span>, que respeita o movimento das mar\u00e9s, temos uma li\u00e7\u00e3o de cuidado com o meio ambiente\u201d, declara Marcelo Brito, diretor de Coopera\u00e7\u00e3o e Fomento do\u00a0<span class=\"il\">Iphan<\/span>.<\/div>\n<div style=\"text-align: justify;\"><\/div>\n<div style=\"text-align: justify;\"><strong>Etapas da candidatura<\/strong><\/div>\n<div><\/div>\n<div style=\"text-align: justify;\">O processo de constru\u00e7\u00e3o de candidatura come\u00e7a com a prepara\u00e7\u00e3o t\u00e9cnica do dossi\u00ea, entregue \u00e0 Unesco em janeiro de 2018. Ap\u00f3s a avalia\u00e7\u00e3o de especialistas do Icomos e IUCN, esses organismos, por meio de seus especialistas, far\u00e3o um relat\u00f3rio final que ir\u00e1 subsidiar a an\u00e1lise do Comit\u00ea do Patrim\u00f4nio Mundial. At\u00e9 dezembro, os \u00f3rg\u00e3os respons\u00e1veis pela candidatura,\u00a0<span class=\"il\">Iphan<\/span>, Minist\u00e9rio do Meio Ambiente, prefeituras de\u00a0<span class=\"il\">Paraty<\/span>, de Angra, e demais munic\u00edpios envolvidos est\u00e3o construindo, em parceria, um plano de gest\u00e3o compartilhada do s\u00edtio.<\/div>\n<div style=\"text-align: justify;\"><\/div>\n<div style=\"text-align: justify;\">Al\u00e9m de dar visibilidade a esse importante destino brasileiro, o t\u00edtulo cria um compromisso internacional na prote\u00e7\u00e3o do s\u00edtio hist\u00f3rico e natural. Em Minas Gerais, Conjunto Moderno da Pampulha recebeu o reconhecimento da Unesco em 2016. Desde ent\u00e3o, o s\u00edtio recebe cerca de 50 mil visitantes a mais, por ano. Em 2017, mais de 191,3 mil pessoas foram visitar a Pampulha.<\/div>\n<div><\/div>\n<div>Fonte: Imprensa\/IPHAN<\/div>\n<p style=\"text-align: justify;\">\n","protected":false},"excerpt":{"rendered":"<p>Setembro, 2018 &#8211; A riqueza cultural e excepcional beleza natural, faz da regi\u00e3o de\u00a0\u00a0Paraty\u00a0e Angra dos Reis um lugar sem igual. \u00c9 o que defende a candidatura do primeiro s\u00edtio misto brasileiro a Patrim\u00f4nio Mundial. Especialistas do Conselho Internacional de Monumentos e S\u00edtios (Icomos) e da Uni\u00e3o Internacional para a Conserva\u00e7\u00e3o da Natureza (IUCN), \u00f3rg\u00e3os [&hellip;]<\/p>\n","protected":false},"author":1,"featured_media":10332,"comment_status":"open","ping_status":"open","sticky":false,"template":"","format":"standard","meta":{"_uag_custom_page_level_css":"","footnotes":""},"categories":[37],"tags":[1569,13713,6391,13712,13718,13717,13714,13715,10375,13716],"class_list":["post-10331","post","type-post","status-publish","format-standard","has-post-thumbnail","hentry","category-sustentabilidade","tag-brasilia","tag-costa-verde-rj","tag-iphan","tag-paraty","tag-patrimonio-historico-mundial","tag-patrimonio-mundial","tag-quilombo-do-campinho","tag-reserva-ecologica-estadual-da-juatinga","tag-rio-de-janeiro","tag-uniao-internacional-para-a-conservacao-da-natureza-iucn"],"blocksy_meta":[],"spectra_blocks_featured_image_url":{"thumbnail":{"url":"https:\/\/construcaocivil.siriusmarketingedesign.com.br\/wp-content\/uploads\/2018\/09\/PARATY-unnamed-150x150.jpg","width":150,"height":150},"medium":{"url":"https:\/\/construcaocivil.siriusmarketingedesign.com.br\/wp-content\/uploads\/2018\/09\/PARATY-unnamed-300x156.jpg","width":300,"height":156},"medium_large":{"url":"https:\/\/construcaocivil.siriusmarketingedesign.com.br\/wp-content\/uploads\/2018\/09\/PARATY-unnamed-768x399.jpg","width":768,"height":399},"large":{"url":"https:\/\/construcaocivil.siriusmarketingedesign.com.br\/wp-content\/uploads\/2018\/09\/PARATY-unnamed.jpg","width":997,"height":518},"full":{"url":"https:\/\/construcaocivil.siriusmarketingedesign.com.br\/wp-content\/uploads\/2018\/09\/PARATY-unnamed.jpg","width":997,"height":518}},"spectra_blocks_author_info":{"display_name":"Jornal da Constru\u00e7\u00e3o Civil","avatar_url":"https:\/\/secure.gravatar.com\/avatar\/973c9774fd44ddaceb026973c4962faa70fc512bc4c9da68e8ebb40fecee6540?s=96&d=mm&r=g","author_link":"https:\/\/construcaocivil.siriusmarketingedesign.com.br\/?author=1","description":"Desde de 2013, levando muitas informa\u00e7\u00f5es, lan\u00e7amentos e produtos de qualidade para toda cadeia produtiva da constru\u00e7\u00e3o. O Futuro da constru\u00e7\u00e3o passa por aqui,"},"uagb_featured_image_src":{"full":["https:\/\/construcaocivil.siriusmarketingedesign.com.br\/wp-content\/uploads\/2018\/09\/PARATY-unnamed.jpg",997,518,false],"thumbnail":["https:\/\/construcaocivil.siriusmarketingedesign.com.br\/wp-content\/uploads\/2018\/09\/PARATY-unnamed-150x150.jpg",150,150,true],"medium":["https:\/\/construcaocivil.siriusmarketingedesign.com.br\/wp-content\/uploads\/2018\/09\/PARATY-unnamed-300x156.jpg",300,156,true],"medium_large":["https:\/\/construcaocivil.siriusmarketingedesign.com.br\/wp-content\/uploads\/2018\/09\/PARATY-unnamed-768x399.jpg",768,399,true],"large":["https:\/\/construcaocivil.siriusmarketingedesign.com.br\/wp-content\/uploads\/2018\/09\/PARATY-unnamed.jpg",997,518,false],"1536x1536":["https:\/\/construcaocivil.siriusmarketingedesign.com.br\/wp-content\/uploads\/2018\/09\/PARATY-unnamed.jpg",997,518,false],"2048x2048":["https:\/\/construcaocivil.siriusmarketingedesign.com.br\/wp-content\/uploads\/2018\/09\/PARATY-unnamed.jpg",997,518,false]},"uagb_author_info":{"display_name":"Jornal da Constru\u00e7\u00e3o Civil","author_link":"https:\/\/construcaocivil.siriusmarketingedesign.com.br\/?author=1"},"uagb_comment_info":0,"uagb_excerpt":"Setembro, 2018 &#8211; A riqueza cultural e excepcional beleza natural, faz da regi\u00e3o de\u00a0\u00a0Paraty\u00a0e Angra dos Reis um lugar sem igual. \u00c9 o que defende a candidatura do primeiro s\u00edtio misto brasileiro a Patrim\u00f4nio Mundial. Especialistas do Conselho Internacional de Monumentos e S\u00edtios (Icomos) e da Uni\u00e3o Internacional para a Conserva\u00e7\u00e3o da Natureza (IUCN), \u00f3rg\u00e3os&hellip;","_links":{"self":[{"href":"https:\/\/construcaocivil.siriusmarketingedesign.com.br\/index.php?rest_route=\/wp\/v2\/posts\/10331","targetHints":{"allow":["GET"]}}],"collection":[{"href":"https:\/\/construcaocivil.siriusmarketingedesign.com.br\/index.php?rest_route=\/wp\/v2\/posts"}],"about":[{"href":"https:\/\/construcaocivil.siriusmarketingedesign.com.br\/index.php?rest_route=\/wp\/v2\/types\/post"}],"author":[{"embeddable":true,"href":"https:\/\/construcaocivil.siriusmarketingedesign.com.br\/index.php?rest_route=\/wp\/v2\/users\/1"}],"replies":[{"embeddable":true,"href":"https:\/\/construcaocivil.siriusmarketingedesign.com.br\/index.php?rest_route=%2Fwp%2Fv2%2Fcomments&post=10331"}],"version-history":[{"count":0,"href":"https:\/\/construcaocivil.siriusmarketingedesign.com.br\/index.php?rest_route=\/wp\/v2\/posts\/10331\/revisions"}],"wp:featuredmedia":[{"embeddable":true,"href":"https:\/\/construcaocivil.siriusmarketingedesign.com.br\/index.php?rest_route=\/wp\/v2\/media\/10332"}],"wp:attachment":[{"href":"https:\/\/construcaocivil.siriusmarketingedesign.com.br\/index.php?rest_route=%2Fwp%2Fv2%2Fmedia&parent=10331"}],"wp:term":[{"taxonomy":"category","embeddable":true,"href":"https:\/\/construcaocivil.siriusmarketingedesign.com.br\/index.php?rest_route=%2Fwp%2Fv2%2Fcategories&post=10331"},{"taxonomy":"post_tag","embeddable":true,"href":"https:\/\/construcaocivil.siriusmarketingedesign.com.br\/index.php?rest_route=%2Fwp%2Fv2%2Ftags&post=10331"}],"curies":[{"name":"wp","href":"https:\/\/api.w.org\/{rel}","templated":true}]}}