{"id":10334,"date":"2018-09-24T18:49:47","date_gmt":"2018-09-24T21:49:47","guid":{"rendered":"http:\/\/www.jornaldaconstrucaocivil.com.br\/?p=10334"},"modified":"2018-09-24T18:49:47","modified_gmt":"2018-09-24T21:49:47","slug":"caged-rio-de-janeiro-gera-2-917-vagas-de-emprego-formal-em-agosto","status":"publish","type":"post","link":"https:\/\/construcaocivil.siriusmarketingedesign.com.br\/?p=10334","title":{"rendered":"CAGED: Rio de Janeiro gera 2.917 vagas de emprego formal em agosto"},"content":{"rendered":"<p style=\"font-weight: 400; text-align: justify;\"><span style=\"color: #993300;\">Setembro, 2018<\/span> &#8211; O estado do Rio de Janeiro fechou o m\u00eas de agosto com saldo positivo de +2.917 empregos formais, de acordo com o Cadastro Geral de Empregados e Desempregados (Caged), divulgado pelo Minist\u00e9rio do Trabalho nesta sexta-feira (21). A diferen\u00e7a representou um acr\u00e9scimo de +0,09% no n\u00famero de empregos em rela\u00e7\u00e3o a julho. Foram 97.312 admiss\u00f5es e 94.395 desligamentos durante o per\u00edodo.<\/p>\n<p style=\"font-weight: 400; text-align: justify;\">\nO setor que mais contribuiu para este resultado foi o de Servi\u00e7os, com a cria\u00e7\u00e3o de 3.524 novos postos de trabalho. Em seguida aparecem os segmentos de e Constru\u00e7\u00e3o Civil, com 419 vagas, e Servi\u00e7o Industrial de Utilidade P\u00fablica, com 47 novos empregos.<\/p>\n<p><img decoding=\"async\" src=\"https:\/\/webmail.jornaldaconstrucaocivil.com.br\/cpsess2980833983\/3rdparty\/roundcube\/?_task=mail&amp;_action=get&amp;_mbox=INBOX&amp;_uid=1869&amp;_token=qPba6K3CbA4WasYLi3f25mZFOTP9M0hf&amp;_part=2&amp;_embed=1&amp;_mimeclass=image\" \/><\/p>\n<p style=\"font-weight: 400; text-align: justify;\"><strong>Desempenho nacional<\/strong><\/p>\n<p style=\"font-weight: 400; text-align: justify;\">O emprego formal no Brasil cresceu no m\u00eas de agosto, com a abertura de 110.431 vagas \u2013 varia\u00e7\u00e3o de +0,29%, em rela\u00e7\u00e3o ao m\u00eas anterior. A alta durante o per\u00edodo foi resultado de 1.353.422 admiss\u00f5es e 1.242.991 desligamentos.<\/p>\n<p>O crescimento do emprego formal ocorreu em sete dos oito setores econ\u00f4micos. O segmento com maior alta foi o de Servi\u00e7os, com 66.256 postos de trabalho. Com\u00e9rcio, com 17.859 postos, Ind\u00fastria de Transforma\u00e7\u00e3o (15.764 postos) e Constru\u00e7\u00e3o Civil (11.800 postos) foram outros destaques.<\/p>\n<p>Tamb\u00e9m tiveram alta os setores de Servi\u00e7os Industriais de Utilidade P\u00fablica (Siup), com 1.240 novos postos, Extrativa Mineral (467 postos) e Administra\u00e7\u00e3o P\u00fablica (394 postos). O \u00fanico setor com varia\u00e7\u00e3o negativa foi o de Agropecu\u00e1ria (-3.349).<\/p>\n<p style=\"font-weight: 400; text-align: justify;\"><strong>Desempenho regional<\/strong><br \/>\nO saldo de empregos formais de agosto foi positivo nas cinco regi\u00f5es do pa\u00eds. O Sudeste teve 41.303 novas vagas (+0,21). Em seguida aparecem o Nordeste, com 36.460 postos (+0,59); o Centro-Oeste, com 13.117 novas vagas (+0,41); Sul, com 10.243 postos (+0,14); e Norte, com 9.308 postos (+0,54%).<\/p>\n<p>Fonte: Imprensa\/MTE<\/p>\n<p style=\"font-weight: 400; text-align: justify;\">\n","protected":false},"excerpt":{"rendered":"<p>Setembro, 2018 &#8211; O estado do Rio de Janeiro fechou o m\u00eas de agosto com saldo positivo de +2.917 empregos formais, de acordo com o Cadastro Geral de Empregados e Desempregados (Caged), divulgado pelo Minist\u00e9rio do Trabalho nesta sexta-feira (21). A diferen\u00e7a representou um acr\u00e9scimo de +0,09% no n\u00famero de empregos em rela\u00e7\u00e3o a julho. [&hellip;]<\/p>\n","protected":false},"author":1,"featured_media":9966,"comment_status":"open","ping_status":"open","sticky":false,"template":"","format":"standard","meta":{"_uag_custom_page_level_css":"","footnotes":""},"categories":[27],"tags":[1672,13720,3199,13723,13722,7720,13719,13721],"class_list":["post-10334","post","type-post","status-publish","format-standard","has-post-thumbnail","hentry","category-acontece","tag-caged","tag-construcao-civil-positivo","tag-crise-ainda-persiste","tag-emprego-formal-no-brasil-cresce","tag-extrativa-mineral","tag-ministerio-do-trabalho","tag-rio-de-janeiro-comeca-abrir-vagas-de-empregos","tag-servicos-industriais-de-utilidade-publica"],"blocksy_meta":[],"spectra_blocks_featured_image_url":{"thumbnail":{"url":"https:\/\/construcaocivil.siriusmarketingedesign.com.br\/wp-content\/uploads\/2018\/08\/AA-TRABALHADORES-150x150.jpg","width":150,"height":150},"medium":{"url":"https:\/\/construcaocivil.siriusmarketingedesign.com.br\/wp-content\/uploads\/2018\/08\/AA-TRABALHADORES-300x167.jpg","width":300,"height":167},"medium_large":{"url":"https:\/\/construcaocivil.siriusmarketingedesign.com.br\/wp-content\/uploads\/2018\/08\/AA-TRABALHADORES-768x427.jpg","width":768,"height":427},"large":{"url":"https:\/\/construcaocivil.siriusmarketingedesign.com.br\/wp-content\/uploads\/2018\/08\/AA-TRABALHADORES.jpg","width":800,"height":445},"full":{"url":"https:\/\/construcaocivil.siriusmarketingedesign.com.br\/wp-content\/uploads\/2018\/08\/AA-TRABALHADORES.jpg","width":800,"height":445}},"spectra_blocks_author_info":{"display_name":"Jornal da Constru\u00e7\u00e3o Civil","avatar_url":"https:\/\/secure.gravatar.com\/avatar\/973c9774fd44ddaceb026973c4962faa70fc512bc4c9da68e8ebb40fecee6540?s=96&d=mm&r=g","author_link":"https:\/\/construcaocivil.siriusmarketingedesign.com.br\/?author=1","description":"Desde de 2013, levando muitas informa\u00e7\u00f5es, lan\u00e7amentos e produtos de qualidade para toda cadeia produtiva da constru\u00e7\u00e3o. O Futuro da constru\u00e7\u00e3o passa por aqui,"},"uagb_featured_image_src":{"full":["https:\/\/construcaocivil.siriusmarketingedesign.com.br\/wp-content\/uploads\/2018\/08\/AA-TRABALHADORES.jpg",800,445,false],"thumbnail":["https:\/\/construcaocivil.siriusmarketingedesign.com.br\/wp-content\/uploads\/2018\/08\/AA-TRABALHADORES-150x150.jpg",150,150,true],"medium":["https:\/\/construcaocivil.siriusmarketingedesign.com.br\/wp-content\/uploads\/2018\/08\/AA-TRABALHADORES-300x167.jpg",300,167,true],"medium_large":["https:\/\/construcaocivil.siriusmarketingedesign.com.br\/wp-content\/uploads\/2018\/08\/AA-TRABALHADORES-768x427.jpg",768,427,true],"large":["https:\/\/construcaocivil.siriusmarketingedesign.com.br\/wp-content\/uploads\/2018\/08\/AA-TRABALHADORES.jpg",800,445,false],"1536x1536":["https:\/\/construcaocivil.siriusmarketingedesign.com.br\/wp-content\/uploads\/2018\/08\/AA-TRABALHADORES.jpg",800,445,false],"2048x2048":["https:\/\/construcaocivil.siriusmarketingedesign.com.br\/wp-content\/uploads\/2018\/08\/AA-TRABALHADORES.jpg",800,445,false]},"uagb_author_info":{"display_name":"Jornal da Constru\u00e7\u00e3o Civil","author_link":"https:\/\/construcaocivil.siriusmarketingedesign.com.br\/?author=1"},"uagb_comment_info":0,"uagb_excerpt":"Setembro, 2018 &#8211; O estado do Rio de Janeiro fechou o m\u00eas de agosto com saldo positivo de +2.917 empregos formais, de acordo com o Cadastro Geral de Empregados e Desempregados (Caged), divulgado pelo Minist\u00e9rio do Trabalho nesta sexta-feira (21). A diferen\u00e7a representou um acr\u00e9scimo de +0,09% no n\u00famero de empregos em rela\u00e7\u00e3o a julho.&hellip;","_links":{"self":[{"href":"https:\/\/construcaocivil.siriusmarketingedesign.com.br\/index.php?rest_route=\/wp\/v2\/posts\/10334","targetHints":{"allow":["GET"]}}],"collection":[{"href":"https:\/\/construcaocivil.siriusmarketingedesign.com.br\/index.php?rest_route=\/wp\/v2\/posts"}],"about":[{"href":"https:\/\/construcaocivil.siriusmarketingedesign.com.br\/index.php?rest_route=\/wp\/v2\/types\/post"}],"author":[{"embeddable":true,"href":"https:\/\/construcaocivil.siriusmarketingedesign.com.br\/index.php?rest_route=\/wp\/v2\/users\/1"}],"replies":[{"embeddable":true,"href":"https:\/\/construcaocivil.siriusmarketingedesign.com.br\/index.php?rest_route=%2Fwp%2Fv2%2Fcomments&post=10334"}],"version-history":[{"count":0,"href":"https:\/\/construcaocivil.siriusmarketingedesign.com.br\/index.php?rest_route=\/wp\/v2\/posts\/10334\/revisions"}],"wp:featuredmedia":[{"embeddable":true,"href":"https:\/\/construcaocivil.siriusmarketingedesign.com.br\/index.php?rest_route=\/wp\/v2\/media\/9966"}],"wp:attachment":[{"href":"https:\/\/construcaocivil.siriusmarketingedesign.com.br\/index.php?rest_route=%2Fwp%2Fv2%2Fmedia&parent=10334"}],"wp:term":[{"taxonomy":"category","embeddable":true,"href":"https:\/\/construcaocivil.siriusmarketingedesign.com.br\/index.php?rest_route=%2Fwp%2Fv2%2Fcategories&post=10334"},{"taxonomy":"post_tag","embeddable":true,"href":"https:\/\/construcaocivil.siriusmarketingedesign.com.br\/index.php?rest_route=%2Fwp%2Fv2%2Ftags&post=10334"}],"curies":[{"name":"wp","href":"https:\/\/api.w.org\/{rel}","templated":true}]}}