{"id":10339,"date":"2018-09-24T19:33:49","date_gmt":"2018-09-24T22:33:49","guid":{"rendered":"http:\/\/www.jornaldaconstrucaocivil.com.br\/?p=10339"},"modified":"2018-09-24T19:33:49","modified_gmt":"2018-09-24T22:33:49","slug":"tendencias-no-mercado-da-construcao-apresentara-uma-avaliacao-estruturada-da-conjuntura-economica","status":"publish","type":"post","link":"https:\/\/construcaocivil.siriusmarketingedesign.com.br\/?p=10339","title":{"rendered":"Tend\u00eancias no Mercado da Constru\u00e7\u00e3o apresentar\u00e1 uma avalia\u00e7\u00e3o estruturada da conjuntura econ\u00f4mica"},"content":{"rendered":"<p style=\"text-align: justify;\"><span style=\"color: #993300;\">Setembro, 2018<\/span> &#8211; O evento estrat\u00e9gico\u00a0<span style=\"color: #0000ff;\"><a style=\"color: #0000ff;\" href=\"http:\/\/sobratematendencias.com.br\/\" target=\"_blank\" rel=\"noopener noreferrer\"><strong>Tend\u00eancias no Mercado da Constru\u00e7\u00e3o<\/strong><\/a>,<\/span> a ser promovido no dia 8 de novembro, no Espa\u00e7o de Eventos Hakka, em S\u00e3o Paulo, ter\u00e1 a participa\u00e7\u00e3o do economista Fernando Garcia, da Ex Ante Consultoria Econ\u00f4mica, que trar\u00e1 uma avalia\u00e7\u00e3o estruturada da conjuntura econ\u00f4mica, a fim de fornecer um panorama assertivo e realista do setor, contribuindo, dessa maneira, para o planejamento estrat\u00e9gico e tomada de decis\u00e3o dos profissionais e companhias e para o desenvolvimento sustent\u00e1vel de toda a cadeia produtiva.<\/p>\n<p style=\"text-align: justify;\">Em sua 13\u00aa edi\u00e7\u00e3o, o evento promovido pela Revista M&amp;T, com o apoio institucional da Sobratema \u2013 Associa\u00e7\u00e3o Brasileira de Tecnologia para Constru\u00e7\u00e3o e Minera\u00e7\u00e3o, ser\u00e1 palco da comemora\u00e7\u00e3o do 30\u00ba anivers\u00e1rio da entidade, que vem desde 1988 realizando atividades direcionadas ao desenvolvimento tecnol\u00f3gico, t\u00e9cnico e mercadol\u00f3gico do segmento de m\u00e1quinas utilizadas na infraestrutura, na constru\u00e7\u00e3o e na minera\u00e7\u00e3o.<\/p>\n<p>A programa\u00e7\u00e3o do\u00a0<span style=\"color: #0000ff;\"><strong>Tend\u00eancias no Mercado da Constru\u00e7\u00e3o<\/strong><\/span>\u00a0contar\u00e1 ainda com a divulga\u00e7\u00e3o da nova edi\u00e7\u00e3o do\u00a0<span style=\"color: #0000ff;\"><strong>Estudo Sobratema do Mercado Brasileiro de Equipamentos para Constru\u00e7\u00e3o<\/strong><\/span>. Coordenado pelo jornalista econ\u00f4mico Brian Nicholson, o estudo \u00e9 uma das principais refer\u00eancias do setor, ao trazer dados estat\u00edsticos e proje\u00e7\u00f5es referentes a comercializa\u00e7\u00e3o das principais m\u00e1quinas para constru\u00e7\u00e3o utilizadas no Brasil.<\/p>\n<p style=\"text-align: justify;\">Em seguida, o N\u00facleo Jovem da Sobratema ir\u00e1 revelar as marcas de equipamentos mais bem avaliadas no\u00a0<span style=\"color: #0000ff;\"><strong>Destaque P\u00f3s-Venda 2018<\/strong><\/span>. A homenagem abrange as seguintes categorias: perfura\u00e7\u00e3o, plataformas para trabalho em altura e empilhadeiras, terraplenagem, guindastes e gruas, e concreto (fabrica\u00e7\u00e3o, transportes e bombeamento).<\/p>\n<p style=\"text-align: justify;\">Na sequ\u00eancia, ter\u00e1 in\u00edcio a celebra\u00e7\u00e3o dos 30 anos da Sobratema, com jantar e atra\u00e7\u00f5es surpresas.<\/p>\n<p style=\"text-align: justify;\">O<span style=\"color: #0000ff;\">\u00a0<strong>Tend\u00eancias no Mercado da Constru\u00e7\u00e3o<\/strong><\/span>\u00a0\u00e9 destinado a empres\u00e1rios, diretores, gerentes, profissionais e engenheiros de construtoras, mineradoras, pedreiras, locadoras, fabricantes de equipamentos, distribuidoras e demais companhias ligadas \u00e0 ind\u00fastria da constru\u00e7\u00e3o.<\/p>\n<p><strong>Servi\u00e7o:<\/strong><br \/>\n<strong>Tend\u00eancias no Mercado da Constru\u00e7\u00e3o<\/strong><br \/>\n<strong>Data<\/strong>: 08 de novembro<br \/>\n<strong>Hor\u00e1rio<\/strong>: a partir das 17h00<br \/>\n<strong>Local<\/strong>: Espa\u00e7o de Eventos Hakka \u2013 Rua S\u00e3o Joaquim, 460 \u2013 Liberdade\/SP<br \/>\n<strong>Inscri\u00e7\u00f5es e informa\u00e7\u00f5es<\/strong>:<span style=\"color: #0000ff;\">\u00a0<a style=\"color: #0000ff;\" href=\"http:\/\/sobratematendencias.com.br\/\" target=\"_blank\" rel=\"noopener noreferrer\">http:\/\/sobratematendencias.com.br\/<\/a><\/span><\/p>\n","protected":false},"excerpt":{"rendered":"<p>Setembro, 2018 &#8211; O evento estrat\u00e9gico\u00a0Tend\u00eancias no Mercado da Constru\u00e7\u00e3o, a ser promovido no dia 8 de novembro, no Espa\u00e7o de Eventos Hakka, em S\u00e3o Paulo, ter\u00e1 a participa\u00e7\u00e3o do economista Fernando Garcia, da Ex Ante Consultoria Econ\u00f4mica, que trar\u00e1 uma avalia\u00e7\u00e3o estruturada da conjuntura econ\u00f4mica, a fim de fornecer um panorama assertivo e realista [&hellip;]<\/p>\n","protected":false},"author":1,"featured_media":10340,"comment_status":"open","ping_status":"open","sticky":false,"template":"","format":"standard","meta":{"_uag_custom_page_level_css":"","footnotes":""},"categories":[33],"tags":[13734,2826,13735,13376,7226,13731,13733,10668,13732,12623],"class_list":["post-10339","post","type-post","status-publish","format-standard","has-post-thumbnail","hentry","category-mercado","tag-cadeia-produtiva-da-construcao","tag-construcao-civil","tag-espaco-hakka","tag-fabricantes-de-equipamentos","tag-maquinas-para-construcao","tag-novas-tendencias-no-mercado","tag-profissionais-e-engenheiros-de-construtoras","tag-sao-paulo","tag-seminario-tendencias-no-mercado-da-construcao","tag-sobratema"],"blocksy_meta":[],"spectra_blocks_featured_image_url":{"thumbnail":{"url":"https:\/\/construcaocivil.siriusmarketingedesign.com.br\/wp-content\/uploads\/2018\/09\/AA-imagem_release_1437761-150x150.jpg","width":150,"height":150},"medium":{"url":"https:\/\/construcaocivil.siriusmarketingedesign.com.br\/wp-content\/uploads\/2018\/09\/AA-imagem_release_1437761-300x200.jpg","width":300,"height":200},"medium_large":{"url":"https:\/\/construcaocivil.siriusmarketingedesign.com.br\/wp-content\/uploads\/2018\/09\/AA-imagem_release_1437761-768x512.jpg","width":768,"height":512},"large":{"url":"https:\/\/construcaocivil.siriusmarketingedesign.com.br\/wp-content\/uploads\/2018\/09\/AA-imagem_release_1437761-1024x683.jpg","width":1024,"height":683},"full":{"url":"https:\/\/construcaocivil.siriusmarketingedesign.com.br\/wp-content\/uploads\/2018\/09\/AA-imagem_release_1437761-e1537828370743.jpg","width":700,"height":467}},"spectra_blocks_author_info":{"display_name":"Jornal da Constru\u00e7\u00e3o Civil","avatar_url":"https:\/\/secure.gravatar.com\/avatar\/973c9774fd44ddaceb026973c4962faa70fc512bc4c9da68e8ebb40fecee6540?s=96&d=mm&r=g","author_link":"https:\/\/construcaocivil.siriusmarketingedesign.com.br\/?author=1","description":"Desde de 2013, levando muitas informa\u00e7\u00f5es, lan\u00e7amentos e produtos de qualidade para toda cadeia produtiva da constru\u00e7\u00e3o. O Futuro da constru\u00e7\u00e3o passa por aqui,"},"uagb_featured_image_src":{"full":["https:\/\/construcaocivil.siriusmarketingedesign.com.br\/wp-content\/uploads\/2018\/09\/AA-imagem_release_1437761-e1537828370743.jpg",700,467,false],"thumbnail":["https:\/\/construcaocivil.siriusmarketingedesign.com.br\/wp-content\/uploads\/2018\/09\/AA-imagem_release_1437761-150x150.jpg",150,150,true],"medium":["https:\/\/construcaocivil.siriusmarketingedesign.com.br\/wp-content\/uploads\/2018\/09\/AA-imagem_release_1437761-300x200.jpg",300,200,true],"medium_large":["https:\/\/construcaocivil.siriusmarketingedesign.com.br\/wp-content\/uploads\/2018\/09\/AA-imagem_release_1437761-768x512.jpg",768,512,true],"large":["https:\/\/construcaocivil.siriusmarketingedesign.com.br\/wp-content\/uploads\/2018\/09\/AA-imagem_release_1437761-1024x683.jpg",1024,683,true],"1536x1536":["https:\/\/construcaocivil.siriusmarketingedesign.com.br\/wp-content\/uploads\/2018\/09\/AA-imagem_release_1437761-e1537828370743.jpg",700,467,false],"2048x2048":["https:\/\/construcaocivil.siriusmarketingedesign.com.br\/wp-content\/uploads\/2018\/09\/AA-imagem_release_1437761-e1537828370743.jpg",700,467,false]},"uagb_author_info":{"display_name":"Jornal da Constru\u00e7\u00e3o Civil","author_link":"https:\/\/construcaocivil.siriusmarketingedesign.com.br\/?author=1"},"uagb_comment_info":0,"uagb_excerpt":"Setembro, 2018 &#8211; O evento estrat\u00e9gico\u00a0Tend\u00eancias no Mercado da Constru\u00e7\u00e3o, a ser promovido no dia 8 de novembro, no Espa\u00e7o de Eventos Hakka, em S\u00e3o Paulo, ter\u00e1 a participa\u00e7\u00e3o do economista Fernando Garcia, da Ex Ante Consultoria Econ\u00f4mica, que trar\u00e1 uma avalia\u00e7\u00e3o estruturada da conjuntura econ\u00f4mica, a fim de fornecer um panorama assertivo e realista&hellip;","_links":{"self":[{"href":"https:\/\/construcaocivil.siriusmarketingedesign.com.br\/index.php?rest_route=\/wp\/v2\/posts\/10339","targetHints":{"allow":["GET"]}}],"collection":[{"href":"https:\/\/construcaocivil.siriusmarketingedesign.com.br\/index.php?rest_route=\/wp\/v2\/posts"}],"about":[{"href":"https:\/\/construcaocivil.siriusmarketingedesign.com.br\/index.php?rest_route=\/wp\/v2\/types\/post"}],"author":[{"embeddable":true,"href":"https:\/\/construcaocivil.siriusmarketingedesign.com.br\/index.php?rest_route=\/wp\/v2\/users\/1"}],"replies":[{"embeddable":true,"href":"https:\/\/construcaocivil.siriusmarketingedesign.com.br\/index.php?rest_route=%2Fwp%2Fv2%2Fcomments&post=10339"}],"version-history":[{"count":0,"href":"https:\/\/construcaocivil.siriusmarketingedesign.com.br\/index.php?rest_route=\/wp\/v2\/posts\/10339\/revisions"}],"wp:featuredmedia":[{"embeddable":true,"href":"https:\/\/construcaocivil.siriusmarketingedesign.com.br\/index.php?rest_route=\/wp\/v2\/media\/10340"}],"wp:attachment":[{"href":"https:\/\/construcaocivil.siriusmarketingedesign.com.br\/index.php?rest_route=%2Fwp%2Fv2%2Fmedia&parent=10339"}],"wp:term":[{"taxonomy":"category","embeddable":true,"href":"https:\/\/construcaocivil.siriusmarketingedesign.com.br\/index.php?rest_route=%2Fwp%2Fv2%2Fcategories&post=10339"},{"taxonomy":"post_tag","embeddable":true,"href":"https:\/\/construcaocivil.siriusmarketingedesign.com.br\/index.php?rest_route=%2Fwp%2Fv2%2Ftags&post=10339"}],"curies":[{"name":"wp","href":"https:\/\/api.w.org\/{rel}","templated":true}]}}