{"id":10342,"date":"2018-09-25T12:31:41","date_gmt":"2018-09-25T15:31:41","guid":{"rendered":"http:\/\/www.jornaldaconstrucaocivil.com.br\/?p=10342"},"modified":"2018-09-25T12:31:41","modified_gmt":"2018-09-25T15:31:41","slug":"fluke-lanca-curso-para-capacitacao-de-eletricistas","status":"publish","type":"post","link":"https:\/\/construcaocivil.siriusmarketingedesign.com.br\/?p=10342","title":{"rendered":"Fluke lan\u00e7a curso para capacita\u00e7\u00e3o de eletricistas"},"content":{"rendered":"<p style=\"font-weight: 400; text-align: justify;\"><span style=\"color: #993300;\"><em>Setembro, 2018<\/em><\/span>\u00a0&#8211; Sempre buscando novas maneiras para contribuir com a forma\u00e7\u00e3o e qualifica\u00e7\u00e3o dos profissionais que atuam em instala\u00e7\u00f5es el\u00e9tricas, a\u00a0<span style=\"color: #0000ff;\"><a style=\"color: #0000ff;\" href=\"http:\/\/bit.ly\/fluke-corporation-profile\">Fluke<\/a><\/span>\u00a0anuncia um novo curso em certifica\u00e7\u00e3o de qualidade de energia. O treinamento, que acontecer\u00e1 nos dias 30 e 31 de outubro, ser\u00e1 conduzido pelo instrutor Edson Martinho, engenheiro eletricista com mais de 20 anos de experi\u00eancia no setor el\u00e9trico e energ\u00e9tico e atual\u00a0CEO da ABRACOPEL &#8211; Associa\u00e7\u00e3o Brasileira de Conscientiza\u00e7\u00e3o para os <span style=\"color: #ff6600;\">Perigos da Eletricidade<\/span>. Ao final do curso, o profissional receber\u00e1 um certificado com validade de dois anos, que ser\u00e1 entregue mediante aprova\u00e7\u00e3o em teste.<\/p>\n<p style=\"font-weight: 400; text-align: justify;\">As aulas ir\u00e3o abordar importantes temas como as normas e suas influ\u00eancias (IEEE\/IEC\/ABNT), Prodist e a sua rela\u00e7\u00e3o com qualidade de energia, conceito dos dist\u00farbios, bem como suas causas, efeitos e limites, a seguran\u00e7a no trabalho com qualidade de energia, t\u00e9cnicas de mitiga\u00e7\u00e3o de qualidade de energia, interpreta\u00e7\u00e3o de dados, solu\u00e7\u00f5es e justificativas e ainda exemplos de casos pr\u00e1ticos.<\/p>\n<p style=\"font-weight: 400; text-align: justify;\">De acordo com o Especialista em Produtos da\u00a0Fluke, Carlos Rubim, a capacita\u00e7\u00e3o dos eletricistas \u00e9 de extrema import\u00e2ncia, principalmente, para que as ferramentas sejam manuseadas de forma correta. <span style=\"color: #0000ff;\"><em>\u201cOs equipamentos mais robustos j\u00e1 est\u00e3o consolidados na ind\u00fastria. O que ocorre \u00e9 que o usu\u00e1rio muitas vezes n\u00e3o est\u00e1 preparado para usar as novas tecnologias embutidas nas vers\u00f5es mais recentes e isso acaba gerando eventuais problemas ou mesmo m\u00e1 utiliza\u00e7\u00e3o da ferramenta. Foi por esse motivo que a Fluke est\u00e1 investindo seriamente em um centro de treinamento para usu\u00e1rios\u201d<\/em><\/span>, afirma.<\/p>\n<p style=\"font-weight: 400; text-align: justify;\">A Fluke Corporation tem como um de seus objetivos contribuir para o aprimoramento da forma\u00e7\u00e3o e qualifica\u00e7\u00e3o profissional, entregando ao mercado profissionais mais preparados para os desafios da ind\u00fastria. Neste contexto, procura proporcionar treinamentos valiosos para que engenheiros, t\u00e9cnicos e profissionais ligados \u00e0 \u00e1rea de manuten\u00e7\u00e3o incrementem suas habilidades bem como a efici\u00eancia e a produtividade em seus processos de trabalho.<\/p>\n<p style=\"font-weight: 400; text-align: justify;\">Para saber mais informa\u00e7\u00f5es sobre o curso e inscri\u00e7\u00f5es, clique<span style=\"color: #0000ff;\">\u00a0<a style=\"color: #0000ff;\" href=\"http:\/\/bit.ly\/curso-fluke\">aqui<\/a>.<\/span><\/p>\n<p style=\"font-weight: 400; text-align: justify;\"><strong>Servi\u00e7o<\/strong><\/p>\n<p style=\"font-weight: 400; text-align: justify;\"><strong>Data:<\/strong>\u00a030 e 31 de outubro das 9:00 \u00e0s 18:00<\/p>\n<p style=\"font-weight: 400; text-align: justify;\"><strong>Local:<\/strong>\u00a0Centro de Treinamentos da Fluke &#8211; Avenida Maria Coelho Aguiar, 215 &#8211; Jardim S\u00e3o Luis &#8211; S\u00e3o Paulo &#8211; SP<\/p>\n<p style=\"font-weight: 400; text-align: justify;\"><strong>Carga hor\u00e1ria:<\/strong>\u00a016 horas<\/p>\n<p style=\"font-weight: 400; text-align: justify;\"><strong>Sobre o instrutor<\/strong><\/p>\n<p style=\"font-weight: 400; text-align: justify;\">Edson Martinho \u00e9 engenheiro eletricista formado pela Universidade Mogi das Cruzes e atua no setor el\u00e9trico e energ\u00e9tico h\u00e1 mais de 20 anos, sendo que h\u00e1 mais de 15 anos profere palestras ao redor do pa\u00eds. \u00c9 CEO e fundador da Abracopel, s\u00f3cio diretor da Lambda e escreveu e publico o livro<span style=\"color: #993300;\"> &#8220;Dist\u00farbios da Energia El\u00e9trica&#8221;<\/span>.<\/p>\n<p>Fonte: Imprensa\/ Fluke<\/p>\n","protected":false},"excerpt":{"rendered":"<p>Setembro, 2018\u00a0&#8211; Sempre buscando novas maneiras para contribuir com a forma\u00e7\u00e3o e qualifica\u00e7\u00e3o dos profissionais que atuam em instala\u00e7\u00f5es el\u00e9tricas, a\u00a0Fluke\u00a0anuncia um novo curso em certifica\u00e7\u00e3o de qualidade de energia. O treinamento, que acontecer\u00e1 nos dias 30 e 31 de outubro, ser\u00e1 conduzido pelo instrutor Edson Martinho, engenheiro eletricista com mais de 20 anos de [&hellip;]<\/p>\n","protected":false},"author":1,"featured_media":10343,"comment_status":"open","ping_status":"open","sticky":false,"template":"","format":"standard","meta":{"_uag_custom_page_level_css":"","footnotes":""},"categories":[27],"tags":[13741,13738,4037,13736,13737,13740,8817,9846,13739],"class_list":["post-10342","post","type-post","status-publish","format-standard","has-post-thumbnail","hentry","category-acontece","tag-abracopel","tag-disturbios-da-energia-eletrica","tag-eletricistas","tag-fluke-maquinas-e-equipamentos","tag-fluke-lanca-curso-para-eletricista","tag-jardim-sao-luis-sp","tag-perigos-da-eletricidade","tag-qualificacao-profissional","tag-setor-eletrico-e-energetico"],"blocksy_meta":[],"spectra_blocks_featured_image_url":{"thumbnail":{"url":"https:\/\/construcaocivil.siriusmarketingedesign.com.br\/wp-content\/uploads\/2018\/09\/Fluke-lan\u00e7a-curso-para-capacita\u00e7\u00e3o-de-eletricistas-150x150.jpg","width":150,"height":150},"medium":{"url":"https:\/\/construcaocivil.siriusmarketingedesign.com.br\/wp-content\/uploads\/2018\/09\/Fluke-lan\u00e7a-curso-para-capacita\u00e7\u00e3o-de-eletricistas-300x150.jpg","width":300,"height":150},"medium_large":{"url":"https:\/\/construcaocivil.siriusmarketingedesign.com.br\/wp-content\/uploads\/2018\/09\/Fluke-lan\u00e7a-curso-para-capacita\u00e7\u00e3o-de-eletricistas-768x384.jpg","width":768,"height":384},"large":{"url":"https:\/\/construcaocivil.siriusmarketingedesign.com.br\/wp-content\/uploads\/2018\/09\/Fluke-lan\u00e7a-curso-para-capacita\u00e7\u00e3o-de-eletricistas.jpg","width":800,"height":400},"full":{"url":"https:\/\/construcaocivil.siriusmarketingedesign.com.br\/wp-content\/uploads\/2018\/09\/Fluke-lan\u00e7a-curso-para-capacita\u00e7\u00e3o-de-eletricistas.jpg","width":800,"height":400}},"spectra_blocks_author_info":{"display_name":"Jornal da Constru\u00e7\u00e3o Civil","avatar_url":"https:\/\/secure.gravatar.com\/avatar\/973c9774fd44ddaceb026973c4962faa70fc512bc4c9da68e8ebb40fecee6540?s=96&d=mm&r=g","author_link":"https:\/\/construcaocivil.siriusmarketingedesign.com.br\/?author=1","description":"Desde de 2013, levando muitas informa\u00e7\u00f5es, lan\u00e7amentos e produtos de qualidade para toda cadeia produtiva da constru\u00e7\u00e3o. O Futuro da constru\u00e7\u00e3o passa por aqui,"},"uagb_featured_image_src":{"full":["https:\/\/construcaocivil.siriusmarketingedesign.com.br\/wp-content\/uploads\/2018\/09\/Fluke-lan\u00e7a-curso-para-capacita\u00e7\u00e3o-de-eletricistas.jpg",800,400,false],"thumbnail":["https:\/\/construcaocivil.siriusmarketingedesign.com.br\/wp-content\/uploads\/2018\/09\/Fluke-lan\u00e7a-curso-para-capacita\u00e7\u00e3o-de-eletricistas-150x150.jpg",150,150,true],"medium":["https:\/\/construcaocivil.siriusmarketingedesign.com.br\/wp-content\/uploads\/2018\/09\/Fluke-lan\u00e7a-curso-para-capacita\u00e7\u00e3o-de-eletricistas-300x150.jpg",300,150,true],"medium_large":["https:\/\/construcaocivil.siriusmarketingedesign.com.br\/wp-content\/uploads\/2018\/09\/Fluke-lan\u00e7a-curso-para-capacita\u00e7\u00e3o-de-eletricistas-768x384.jpg",768,384,true],"large":["https:\/\/construcaocivil.siriusmarketingedesign.com.br\/wp-content\/uploads\/2018\/09\/Fluke-lan\u00e7a-curso-para-capacita\u00e7\u00e3o-de-eletricistas.jpg",800,400,false],"1536x1536":["https:\/\/construcaocivil.siriusmarketingedesign.com.br\/wp-content\/uploads\/2018\/09\/Fluke-lan\u00e7a-curso-para-capacita\u00e7\u00e3o-de-eletricistas.jpg",800,400,false],"2048x2048":["https:\/\/construcaocivil.siriusmarketingedesign.com.br\/wp-content\/uploads\/2018\/09\/Fluke-lan\u00e7a-curso-para-capacita\u00e7\u00e3o-de-eletricistas.jpg",800,400,false]},"uagb_author_info":{"display_name":"Jornal da Constru\u00e7\u00e3o Civil","author_link":"https:\/\/construcaocivil.siriusmarketingedesign.com.br\/?author=1"},"uagb_comment_info":0,"uagb_excerpt":"Setembro, 2018\u00a0&#8211; Sempre buscando novas maneiras para contribuir com a forma\u00e7\u00e3o e qualifica\u00e7\u00e3o dos profissionais que atuam em instala\u00e7\u00f5es el\u00e9tricas, a\u00a0Fluke\u00a0anuncia um novo curso em certifica\u00e7\u00e3o de qualidade de energia. O treinamento, que acontecer\u00e1 nos dias 30 e 31 de outubro, ser\u00e1 conduzido pelo instrutor Edson Martinho, engenheiro eletricista com mais de 20 anos de&hellip;","_links":{"self":[{"href":"https:\/\/construcaocivil.siriusmarketingedesign.com.br\/index.php?rest_route=\/wp\/v2\/posts\/10342","targetHints":{"allow":["GET"]}}],"collection":[{"href":"https:\/\/construcaocivil.siriusmarketingedesign.com.br\/index.php?rest_route=\/wp\/v2\/posts"}],"about":[{"href":"https:\/\/construcaocivil.siriusmarketingedesign.com.br\/index.php?rest_route=\/wp\/v2\/types\/post"}],"author":[{"embeddable":true,"href":"https:\/\/construcaocivil.siriusmarketingedesign.com.br\/index.php?rest_route=\/wp\/v2\/users\/1"}],"replies":[{"embeddable":true,"href":"https:\/\/construcaocivil.siriusmarketingedesign.com.br\/index.php?rest_route=%2Fwp%2Fv2%2Fcomments&post=10342"}],"version-history":[{"count":0,"href":"https:\/\/construcaocivil.siriusmarketingedesign.com.br\/index.php?rest_route=\/wp\/v2\/posts\/10342\/revisions"}],"wp:featuredmedia":[{"embeddable":true,"href":"https:\/\/construcaocivil.siriusmarketingedesign.com.br\/index.php?rest_route=\/wp\/v2\/media\/10343"}],"wp:attachment":[{"href":"https:\/\/construcaocivil.siriusmarketingedesign.com.br\/index.php?rest_route=%2Fwp%2Fv2%2Fmedia&parent=10342"}],"wp:term":[{"taxonomy":"category","embeddable":true,"href":"https:\/\/construcaocivil.siriusmarketingedesign.com.br\/index.php?rest_route=%2Fwp%2Fv2%2Fcategories&post=10342"},{"taxonomy":"post_tag","embeddable":true,"href":"https:\/\/construcaocivil.siriusmarketingedesign.com.br\/index.php?rest_route=%2Fwp%2Fv2%2Ftags&post=10342"}],"curies":[{"name":"wp","href":"https:\/\/api.w.org\/{rel}","templated":true}]}}