{"id":10371,"date":"2018-09-28T15:19:24","date_gmt":"2018-09-28T18:19:24","guid":{"rendered":"http:\/\/www.jornaldaconstrucaocivil.com.br\/?p=10371"},"modified":"2018-09-28T15:19:24","modified_gmt":"2018-09-28T18:19:24","slug":"casa-e-decoracao-todeschini-recife-participa-da-casa-cor-pernambuco","status":"publish","type":"post","link":"https:\/\/construcaocivil.siriusmarketingedesign.com.br\/?p=10371","title":{"rendered":"Casa e Decora\u00e7\u00e3o: Todeschini Recife participa da Casa Cor Pernambuco"},"content":{"rendered":"<p style=\"text-align: justify;\"><span style=\"color: #993300;\">Setembro, 2018<\/span> &#8211; A Todeschini (<span style=\"color: #0000ff;\"><a style=\"color: #0000ff;\" href=\"http:\/\/www.todeschini.com.br\/\" target=\"_blank\" rel=\"noopener\" data-saferedirecturl=\"https:\/\/www.google.com\/url?q=http:\/\/www.todeschini.com.br&amp;source=gmail&amp;ust=1538244057055000&amp;usg=AFQjCNEb4Rro_MaPBMw0Aycu7f2C9QzgTg\">www.todeschini.com.br<\/a><\/span>) &#8211; uma das maiores empresas de m\u00f3veis planejados da Am\u00e9rica Latina &#8211; estar\u00e1 mais uma vez na Casa Cor Pernambuco apresentando dois ambientes da casa principal, a cozinha e o Estar intimo.<\/p>\n<figure id=\"attachment_10372\" aria-describedby=\"caption-attachment-10372\" style=\"width: 239px\" class=\"wp-caption alignleft\"><img loading=\"lazy\" decoding=\"async\" class=\" wp-image-10372\" src=\"http:\/\/www.jornaldaconstrucaocivil.com.br\/wp-content\/uploads\/2018\/09\/A-II-MARY-0107-XX-IM-2018.09.19_0013-300x200.jpg\" alt=\"\" width=\"239\" height=\"159\" srcset=\"https:\/\/construcaocivil.siriusmarketingedesign.com.br\/wp-content\/uploads\/2018\/09\/A-II-MARY-0107-XX-IM-2018.09.19_0013-300x200.jpg 300w, https:\/\/construcaocivil.siriusmarketingedesign.com.br\/wp-content\/uploads\/2018\/09\/A-II-MARY-0107-XX-IM-2018.09.19_0013-768x512.jpg 768w, https:\/\/construcaocivil.siriusmarketingedesign.com.br\/wp-content\/uploads\/2018\/09\/A-II-MARY-0107-XX-IM-2018.09.19_0013-450x300.jpg 450w, https:\/\/construcaocivil.siriusmarketingedesign.com.br\/wp-content\/uploads\/2018\/09\/A-II-MARY-0107-XX-IM-2018.09.19_0013.jpg 843w\" sizes=\"auto, (max-width: 239px) 100vw, 239px\" \/><figcaption id=\"caption-attachment-10372\" class=\"wp-caption-text\">Todeschini Recife participa da Casa Cor Pernambuco. Divulga\u00e7\u00e3o<\/figcaption><\/figure>\n<p style=\"text-align: justify;\">O evento conta com 42 ambientes detalhadamente pensados para dar aos visitantes uma mostra de eleg\u00e2ncia, praticidade e modernidade.<span style=\"color: #993300;\"><em> &#8220;Poder participar de um evento deste porte, traz para Todeschini a oportunidade de estar pr\u00f3ximo de seus consumidores, al\u00e9m de poder trocar informa\u00e7\u00f5es com outras grandes empresas&#8221;<\/em><\/span>, afirma Nereu Conzatti, diretor comercial da marca.<\/p>\n<p style=\"text-align: justify;\">\nCom intuito de evidenciar a qualidade e a beleza dos produtos, e posicionar a Todeschini Recife no mercado de planejados, a empresa em parceria com arquitetos da regi\u00e3o, ir\u00e1 mostrar ao p\u00fablico presente na Casa Cor novidades e tend\u00eancias do mercado.<\/p>\n<p><strong><span style=\"color: #0000ff;\"><em>Servi\u00e7o:<\/em><\/span><\/strong><br \/>\n<span style=\"color: #0000ff;\"><em>Casa Cor Pernambuco<\/em><\/span><br \/>\n<span style=\"color: #0000ff;\"><em>Endere\u00e7o: Casar\u00e3o da Fam\u00edlia Santos \u2013 Avenida Dezessete de Agosto, 1112 \u2013 Casa Forte \u2013 Recife<\/em><\/span><br \/>\n<span style=\"color: #0000ff;\"><em>Quando: 21 de setembro a 4 novembro\/18<\/em><\/span><br \/>\n<span style=\"color: #0000ff;\"><i>Fonte: Imprensa\/CasaCor\u00a0<\/i><\/span><\/p>\n","protected":false},"excerpt":{"rendered":"<p>Setembro, 2018 &#8211; A Todeschini (www.todeschini.com.br) &#8211; uma das maiores empresas de m\u00f3veis planejados da Am\u00e9rica Latina &#8211; estar\u00e1 mais uma vez na Casa Cor Pernambuco apresentando dois ambientes da casa principal, a cozinha e o Estar intimo. O evento conta com 42 ambientes detalhadamente pensados para dar aos visitantes uma mostra de eleg\u00e2ncia, praticidade [&hellip;]<\/p>\n","protected":false},"author":1,"featured_media":10373,"comment_status":"open","ping_status":"open","sticky":false,"template":"","format":"standard","meta":{"_uag_custom_page_level_css":"","footnotes":""},"categories":[28],"tags":[908,1933,12615,13793,13791,3549,13792,7909,9946,13790],"class_list":["post-10371","post","type-post","status-publish","format-standard","has-post-thumbnail","hentry","category-arquitetura","tag-arquitetos","tag-casa-e-decoracao","tag-casacor-2018","tag-casacor-recife","tag-cozinha-bem-planejadas","tag-designer-interiores","tag-estar-intimo","tag-moveis","tag-recife-pe","tag-todeschini"],"blocksy_meta":[],"spectra_blocks_featured_image_url":{"thumbnail":{"url":"https:\/\/construcaocivil.siriusmarketingedesign.com.br\/wp-content\/uploads\/2018\/09\/BB-MARY-0107-XX-IM-2018.09.19_0006-150x150.jpg","width":150,"height":150},"medium":{"url":"https:\/\/construcaocivil.siriusmarketingedesign.com.br\/wp-content\/uploads\/2018\/09\/BB-MARY-0107-XX-IM-2018.09.19_0006-300x200.jpg","width":300,"height":200},"medium_large":{"url":"https:\/\/construcaocivil.siriusmarketingedesign.com.br\/wp-content\/uploads\/2018\/09\/BB-MARY-0107-XX-IM-2018.09.19_0006-768x512.jpg","width":768,"height":512},"large":{"url":"https:\/\/construcaocivil.siriusmarketingedesign.com.br\/wp-content\/uploads\/2018\/09\/BB-MARY-0107-XX-IM-2018.09.19_0006.jpg","width":843,"height":562},"full":{"url":"https:\/\/construcaocivil.siriusmarketingedesign.com.br\/wp-content\/uploads\/2018\/09\/BB-MARY-0107-XX-IM-2018.09.19_0006.jpg","width":843,"height":562}},"spectra_blocks_author_info":{"display_name":"Jornal da Constru\u00e7\u00e3o Civil","avatar_url":"https:\/\/secure.gravatar.com\/avatar\/973c9774fd44ddaceb026973c4962faa70fc512bc4c9da68e8ebb40fecee6540?s=96&d=mm&r=g","author_link":"https:\/\/construcaocivil.siriusmarketingedesign.com.br\/?author=1","description":"Desde de 2013, levando muitas informa\u00e7\u00f5es, lan\u00e7amentos e produtos de qualidade para toda cadeia produtiva da constru\u00e7\u00e3o. O Futuro da constru\u00e7\u00e3o passa por aqui,"},"uagb_featured_image_src":{"full":["https:\/\/construcaocivil.siriusmarketingedesign.com.br\/wp-content\/uploads\/2018\/09\/BB-MARY-0107-XX-IM-2018.09.19_0006.jpg",843,562,false],"thumbnail":["https:\/\/construcaocivil.siriusmarketingedesign.com.br\/wp-content\/uploads\/2018\/09\/BB-MARY-0107-XX-IM-2018.09.19_0006-150x150.jpg",150,150,true],"medium":["https:\/\/construcaocivil.siriusmarketingedesign.com.br\/wp-content\/uploads\/2018\/09\/BB-MARY-0107-XX-IM-2018.09.19_0006-300x200.jpg",300,200,true],"medium_large":["https:\/\/construcaocivil.siriusmarketingedesign.com.br\/wp-content\/uploads\/2018\/09\/BB-MARY-0107-XX-IM-2018.09.19_0006-768x512.jpg",768,512,true],"large":["https:\/\/construcaocivil.siriusmarketingedesign.com.br\/wp-content\/uploads\/2018\/09\/BB-MARY-0107-XX-IM-2018.09.19_0006.jpg",843,562,false],"1536x1536":["https:\/\/construcaocivil.siriusmarketingedesign.com.br\/wp-content\/uploads\/2018\/09\/BB-MARY-0107-XX-IM-2018.09.19_0006.jpg",843,562,false],"2048x2048":["https:\/\/construcaocivil.siriusmarketingedesign.com.br\/wp-content\/uploads\/2018\/09\/BB-MARY-0107-XX-IM-2018.09.19_0006.jpg",843,562,false]},"uagb_author_info":{"display_name":"Jornal da Constru\u00e7\u00e3o Civil","author_link":"https:\/\/construcaocivil.siriusmarketingedesign.com.br\/?author=1"},"uagb_comment_info":0,"uagb_excerpt":"Setembro, 2018 &#8211; A Todeschini (www.todeschini.com.br) &#8211; uma das maiores empresas de m\u00f3veis planejados da Am\u00e9rica Latina &#8211; estar\u00e1 mais uma vez na Casa Cor Pernambuco apresentando dois ambientes da casa principal, a cozinha e o Estar intimo. O evento conta com 42 ambientes detalhadamente pensados para dar aos visitantes uma mostra de eleg\u00e2ncia, praticidade&hellip;","_links":{"self":[{"href":"https:\/\/construcaocivil.siriusmarketingedesign.com.br\/index.php?rest_route=\/wp\/v2\/posts\/10371","targetHints":{"allow":["GET"]}}],"collection":[{"href":"https:\/\/construcaocivil.siriusmarketingedesign.com.br\/index.php?rest_route=\/wp\/v2\/posts"}],"about":[{"href":"https:\/\/construcaocivil.siriusmarketingedesign.com.br\/index.php?rest_route=\/wp\/v2\/types\/post"}],"author":[{"embeddable":true,"href":"https:\/\/construcaocivil.siriusmarketingedesign.com.br\/index.php?rest_route=\/wp\/v2\/users\/1"}],"replies":[{"embeddable":true,"href":"https:\/\/construcaocivil.siriusmarketingedesign.com.br\/index.php?rest_route=%2Fwp%2Fv2%2Fcomments&post=10371"}],"version-history":[{"count":0,"href":"https:\/\/construcaocivil.siriusmarketingedesign.com.br\/index.php?rest_route=\/wp\/v2\/posts\/10371\/revisions"}],"wp:featuredmedia":[{"embeddable":true,"href":"https:\/\/construcaocivil.siriusmarketingedesign.com.br\/index.php?rest_route=\/wp\/v2\/media\/10373"}],"wp:attachment":[{"href":"https:\/\/construcaocivil.siriusmarketingedesign.com.br\/index.php?rest_route=%2Fwp%2Fv2%2Fmedia&parent=10371"}],"wp:term":[{"taxonomy":"category","embeddable":true,"href":"https:\/\/construcaocivil.siriusmarketingedesign.com.br\/index.php?rest_route=%2Fwp%2Fv2%2Fcategories&post=10371"},{"taxonomy":"post_tag","embeddable":true,"href":"https:\/\/construcaocivil.siriusmarketingedesign.com.br\/index.php?rest_route=%2Fwp%2Fv2%2Ftags&post=10371"}],"curies":[{"name":"wp","href":"https:\/\/api.w.org\/{rel}","templated":true}]}}