{"id":10376,"date":"2018-10-01T14:16:19","date_gmt":"2018-10-01T17:16:19","guid":{"rendered":"http:\/\/www.jornaldaconstrucaocivil.com.br\/?p=10376"},"modified":"2018-10-01T14:16:19","modified_gmt":"2018-10-01T17:16:19","slug":"dia-do-idoso-moradias-acessiveis-para-uma-populacao-que-so-cresce","status":"publish","type":"post","link":"https:\/\/construcaocivil.siriusmarketingedesign.com.br\/?p=10376","title":{"rendered":"Dia do Idoso: moradias acess\u00edveis para uma popula\u00e7\u00e3o que s\u00f3 cresce"},"content":{"rendered":"<p dir=\"ltr\" style=\"text-align: justify;\"><span style=\"color: #993300;\">Outubro, 2018<\/span> &#8211; No dia 1 de outubro, comemora-se o Dia do Idoso. Em proje\u00e7\u00e3o divulgada pelo Instituto Brasileiro de Geografia e Estat\u00edstica (IBGE), a popula\u00e7\u00e3o brasileira est\u00e1 em trajet\u00f3ria de envelhecimento e, at\u00e9 2060, o percentual de pessoas com mais de 65 anos passar\u00e1 dos atuais 9,2% para 25,5%. Ou seja, 1 em cada 4 brasileiros ser\u00e1 idoso. Tendo esses dados em vista, quando se trata de constru\u00e7\u00e3o residencial, \u00e9 necess\u00e1rio ter em mente ambientes com itens de acessibilidade, que contemplem a pessoa idosa, adotados ainda na fase de projeto, envolvendo as \u00e1reas de arquitetura, civil, el\u00e9trica, eletr\u00f4nica, mec\u00e2nica e hidr\u00e1ulica.<\/p>\n<figure id=\"attachment_10377\" aria-describedby=\"caption-attachment-10377\" style=\"width: 300px\" class=\"wp-caption alignleft\"><img loading=\"lazy\" decoding=\"async\" class=\"size-medium wp-image-10377\" src=\"http:\/\/www.jornaldaconstrucaocivil.com.br\/wp-content\/uploads\/2018\/10\/Porto-Belo_pra\u00e7a3-300x200.jpg\" alt=\"\" width=\"300\" height=\"200\" \/><figcaption id=\"caption-attachment-10377\" class=\"wp-caption-text\">Porto Belo &#8211; pra\u00e7a. Divulga\u00e7\u00e3o<\/figcaption><\/figure>\n<p dir=\"ltr\" style=\"text-align: justify;\">Um exemplo \u00e9 o da R\u00f4gga, construtora e incorporadora consolidada no Norte e Litoral Norte Catarinense. Todos os residenciais s\u00e3o projetados e concebidos com itens de acessibilidade, desde a entrada do empreendimento, passando pelas \u00e1reas comuns, at\u00e9 chegar no pr\u00f3prio apartamento. A construtora respeita a norma 9050 da ABNT, que estabelece diretrizes e crit\u00e9rios b\u00e1sicos para a promo\u00e7\u00e3o da acessibilidade, mediante a supress\u00e3o de barreiras e de obst\u00e1culos nas vias e espa\u00e7os p\u00fablicos, no mobili\u00e1rio urbano, na constru\u00e7\u00e3o e reforma de edif\u00edcios e nos meios de transporte e de comunica\u00e7\u00e3o.&#8221;Procuramos atender com muito cuidado as quest\u00f5es de acessibilidade, o dimensionamento interno dos ambientes, para que o idoso, pessoa com defici\u00eancia ou com mobilidade reduzida realmente tenha condi\u00e7\u00f5es de morar e se locomover bem&#8221;, ressalta Caroline Cavalheiro, arquiteta e urbanista da construtora.<\/p>\n<p dir=\"ltr\" style=\"text-align: justify;\">A profissional ressalta que a R\u00f4gga adota a diretriz da Caixa Econ\u00f4mica Federal, que solicita que 3% das unidades habitacionais sejam adequadas para idosos, pessoas com defici\u00eancia f\u00edsica ou com mobilidade reduzida, sem custos adicionais ao futuro morador. Sendo assim, uma parcela dos apartamentos t\u00e9rreos dos empreendimentos s\u00e3o adaptados, com circula\u00e7\u00f5es que permitam \u00e1reas de manobras adequadas para cadeiras de rodas. A sacada \u00e9 entregue com porta adequada e sem desn\u00edvel abrupto entre sala e sacada. O banheiro destas unidades t\u00eam tamanho maior, com lavat\u00f3rio de canto sem coluna ou coluna suspensa, bacia sanit\u00e1ria sem furo frontal com altura de 43 a 45 cm, barras de apoio nas regi\u00f5es da bacia sanit\u00e1ria, box e lavat\u00f3rio; box no n\u00edvel do banheiro com queda para o ralo; e porta com abertura para fora do c\u00f4modo.<\/p>\n<p dir=\"ltr\" style=\"text-align: justify;\">Os itens de acessibilidade tamb\u00e9m est\u00e3o nas \u00e1reas comuns e de lazer. Por exemplo, seus acessos t\u00eam pavimenta\u00e7\u00e3o com revestimento adequado e caminhos sem desn\u00edveis ou degraus, privilegiando planos inclinados ou rampas, para que o idoso, pessoa com defici\u00eancia f\u00edsica ou com mobilidade reduzida possa se locomover por todo o empreendimento com autonomia. Os lavabos tamb\u00e9m s\u00e3o dimensionados e adequados conforme a normativa. Al\u00e9m disso, as \u00e1reas de garagem t\u00eam vagas adaptadas e, em casos de emerg\u00eancias e rotas de fuga, h\u00e1 um espa\u00e7o na escada das torres para que a pessoa possa aguardar ser resgatada. Os sensores de ilumina\u00e7\u00e3o das \u00e1reas comuns tamb\u00e9m foram pensados como alternativa para evitar preocupa\u00e7\u00f5es ou acidentes.<\/p>\n<p dir=\"ltr\" style=\"text-align: justify;\"><span style=\"color: #993300;\"><em>&#8220;\u00c9 necess\u00e1rio entender a norma de acessibilidade n\u00e3o somente para atender uma legisla\u00e7\u00e3o, mas como uma necessidade de inclus\u00e3o social&#8221;<\/em><\/span>, sublinha a arquiteta, frisando tamb\u00e9m que, al\u00e9m de beneficiar a popula\u00e7\u00e3o, o custo de implanta\u00e7\u00e3o dos itens de acessibilidade \u00e9 de baixo impacto, encarecendo menos de 1% do valor final da obra. J\u00e1 adaptar um empreendimento pronto pode elevar o or\u00e7amento da obra em at\u00e9 25%.<\/p>\n<p dir=\"ltr\">Fonte: Imprensa\/ R\u00f4gga Empreendimentos<\/p>\n","protected":false},"excerpt":{"rendered":"<p>Outubro, 2018 &#8211; No dia 1 de outubro, comemora-se o Dia do Idoso. Em proje\u00e7\u00e3o divulgada pelo Instituto Brasileiro de Geografia e Estat\u00edstica (IBGE), a popula\u00e7\u00e3o brasileira est\u00e1 em trajet\u00f3ria de envelhecimento e, at\u00e9 2060, o percentual de pessoas com mais de 65 anos passar\u00e1 dos atuais 9,2% para 25,5%. Ou seja, 1 em cada [&hellip;]<\/p>\n","protected":false},"author":1,"featured_media":10378,"comment_status":"open","ping_status":"open","sticky":false,"template":"","format":"standard","meta":{"_uag_custom_page_level_css":"","footnotes":""},"categories":[30],"tags":[13798,13794,13797,13800,13799,7847,13796,10489,10616,13795],"class_list":["post-10376","post","type-post","status-publish","format-standard","has-post-thumbnail","hentry","category-imoveis","tag-arquitetura-e-projetos-eletricos","tag-casas-para-idosos","tag-cozinhas-e-banheiros-com-acessibilidade","tag-litoral-norte-de-sc","tag-mecanica-e-hidraulica","tag-moradias-sustentaveis","tag-projetos-de-acessibilidade","tag-rogga-empreendimentos","tag-santa-catarina","tag-terceira-idade"],"blocksy_meta":[],"spectra_blocks_featured_image_url":{"thumbnail":{"url":"https:\/\/construcaocivil.siriusmarketingedesign.com.br\/wp-content\/uploads\/2018\/10\/Porto-Belo_guarita1-150x150.jpg","width":150,"height":150},"medium":{"url":"https:\/\/construcaocivil.siriusmarketingedesign.com.br\/wp-content\/uploads\/2018\/10\/Porto-Belo_guarita1-300x200.jpg","width":300,"height":200},"medium_large":{"url":"https:\/\/construcaocivil.siriusmarketingedesign.com.br\/wp-content\/uploads\/2018\/10\/Porto-Belo_guarita1-768x512.jpg","width":768,"height":512},"large":{"url":"https:\/\/construcaocivil.siriusmarketingedesign.com.br\/wp-content\/uploads\/2018\/10\/Porto-Belo_guarita1-1024x682.jpg","width":1024,"height":682},"full":{"url":"https:\/\/construcaocivil.siriusmarketingedesign.com.br\/wp-content\/uploads\/2018\/10\/Porto-Belo_guarita1.jpg","width":1400,"height":933}},"spectra_blocks_author_info":{"display_name":"Jornal da Constru\u00e7\u00e3o Civil","avatar_url":"https:\/\/secure.gravatar.com\/avatar\/973c9774fd44ddaceb026973c4962faa70fc512bc4c9da68e8ebb40fecee6540?s=96&d=mm&r=g","author_link":"https:\/\/construcaocivil.siriusmarketingedesign.com.br\/?author=1","description":"Desde de 2013, levando muitas informa\u00e7\u00f5es, lan\u00e7amentos e produtos de qualidade para toda cadeia produtiva da constru\u00e7\u00e3o. O Futuro da constru\u00e7\u00e3o passa por aqui,"},"uagb_featured_image_src":{"full":["https:\/\/construcaocivil.siriusmarketingedesign.com.br\/wp-content\/uploads\/2018\/10\/Porto-Belo_guarita1.jpg",1400,933,false],"thumbnail":["https:\/\/construcaocivil.siriusmarketingedesign.com.br\/wp-content\/uploads\/2018\/10\/Porto-Belo_guarita1-150x150.jpg",150,150,true],"medium":["https:\/\/construcaocivil.siriusmarketingedesign.com.br\/wp-content\/uploads\/2018\/10\/Porto-Belo_guarita1-300x200.jpg",300,200,true],"medium_large":["https:\/\/construcaocivil.siriusmarketingedesign.com.br\/wp-content\/uploads\/2018\/10\/Porto-Belo_guarita1-768x512.jpg",768,512,true],"large":["https:\/\/construcaocivil.siriusmarketingedesign.com.br\/wp-content\/uploads\/2018\/10\/Porto-Belo_guarita1-1024x682.jpg",1024,682,true],"1536x1536":["https:\/\/construcaocivil.siriusmarketingedesign.com.br\/wp-content\/uploads\/2018\/10\/Porto-Belo_guarita1.jpg",1400,933,false],"2048x2048":["https:\/\/construcaocivil.siriusmarketingedesign.com.br\/wp-content\/uploads\/2018\/10\/Porto-Belo_guarita1.jpg",1400,933,false]},"uagb_author_info":{"display_name":"Jornal da Constru\u00e7\u00e3o Civil","author_link":"https:\/\/construcaocivil.siriusmarketingedesign.com.br\/?author=1"},"uagb_comment_info":0,"uagb_excerpt":"Outubro, 2018 &#8211; No dia 1 de outubro, comemora-se o Dia do Idoso. Em proje\u00e7\u00e3o divulgada pelo Instituto Brasileiro de Geografia e Estat\u00edstica (IBGE), a popula\u00e7\u00e3o brasileira est\u00e1 em trajet\u00f3ria de envelhecimento e, at\u00e9 2060, o percentual de pessoas com mais de 65 anos passar\u00e1 dos atuais 9,2% para 25,5%. Ou seja, 1 em cada&hellip;","_links":{"self":[{"href":"https:\/\/construcaocivil.siriusmarketingedesign.com.br\/index.php?rest_route=\/wp\/v2\/posts\/10376","targetHints":{"allow":["GET"]}}],"collection":[{"href":"https:\/\/construcaocivil.siriusmarketingedesign.com.br\/index.php?rest_route=\/wp\/v2\/posts"}],"about":[{"href":"https:\/\/construcaocivil.siriusmarketingedesign.com.br\/index.php?rest_route=\/wp\/v2\/types\/post"}],"author":[{"embeddable":true,"href":"https:\/\/construcaocivil.siriusmarketingedesign.com.br\/index.php?rest_route=\/wp\/v2\/users\/1"}],"replies":[{"embeddable":true,"href":"https:\/\/construcaocivil.siriusmarketingedesign.com.br\/index.php?rest_route=%2Fwp%2Fv2%2Fcomments&post=10376"}],"version-history":[{"count":0,"href":"https:\/\/construcaocivil.siriusmarketingedesign.com.br\/index.php?rest_route=\/wp\/v2\/posts\/10376\/revisions"}],"wp:featuredmedia":[{"embeddable":true,"href":"https:\/\/construcaocivil.siriusmarketingedesign.com.br\/index.php?rest_route=\/wp\/v2\/media\/10378"}],"wp:attachment":[{"href":"https:\/\/construcaocivil.siriusmarketingedesign.com.br\/index.php?rest_route=%2Fwp%2Fv2%2Fmedia&parent=10376"}],"wp:term":[{"taxonomy":"category","embeddable":true,"href":"https:\/\/construcaocivil.siriusmarketingedesign.com.br\/index.php?rest_route=%2Fwp%2Fv2%2Fcategories&post=10376"},{"taxonomy":"post_tag","embeddable":true,"href":"https:\/\/construcaocivil.siriusmarketingedesign.com.br\/index.php?rest_route=%2Fwp%2Fv2%2Ftags&post=10376"}],"curies":[{"name":"wp","href":"https:\/\/api.w.org\/{rel}","templated":true}]}}