{"id":10384,"date":"2018-10-02T20:59:26","date_gmt":"2018-10-02T23:59:26","guid":{"rendered":"http:\/\/www.jornaldaconstrucaocivil.com.br\/?p=10384"},"modified":"2018-10-02T21:13:23","modified_gmt":"2018-10-03T00:13:23","slug":"eleicoes-2018-haddad-segue-rumo-ao-segundo-turno-alckmin-ciro-marina-e-meirelles-jogam-suas-ultimas-fichas-nos-indecisos","status":"publish","type":"post","link":"https:\/\/construcaocivil.siriusmarketingedesign.com.br\/?p=10384","title":{"rendered":"Elei\u00e7\u00f5es 2018: Haddad segue rumo ao segundo turno. Alckmin, Ciro, Marina e Meirelles jogam suas \u00faltimas fichas nos indecisos"},"content":{"rendered":"<p><em>Por Severian Rocha<\/em><\/p>\n<p style=\"text-align: justify;\">Rio, 2018 &#8211; H\u00e1 poucos dias do prazo final das elei\u00e7\u00f5es, no caso do 1\u00ba turno, o Brasil segue na incerteza de quem ser\u00e1 o futuro presidente do pa\u00eds. O momento que pede muita cautela e serenidade de todos. Afinal, a economia segue paralisada e o desemprego passou da casa dos 13 milh\u00f5es.<\/p>\n<p style=\"text-align: justify;\">O resumo dos candidatos:<\/p>\n<p style=\"text-align: justify;\"><strong>Jair Bolsonaro:<\/strong> Lidera as pesquisas. Ainda assim, n\u00e3o cresce de forma concreta e, \u00e9 o mais rejeitado nas pesquisas. Ao longo da sua campanha n\u00e3o conseguiu explicar como vai melhorar a economia brasileira, seu vice candidato &#8211; Mour\u00e3o-\u00a0 disse que ir\u00e1 acabar com o 13\u00ba sal\u00e1rio; que os trabalhadores ter\u00e3o que escolher entre o direito trabalhista e o emprego; as mulheres ganham menos por que engravidam e no final, Bolsonaro acabou sendo atacado com uma faca, em Juiz de Fora(MG). No s\u00e1bado, dia (29\/09), mulheres de todo o pa\u00eds sa\u00edram \u00e0s ruas para gritar<span style=\"color: #993300;\"> EleN\u00e3o<\/span>. . Vamos aguardar o reflexo desse protesto nas urnas. O Candidato j\u00e1 afirmou que n\u00e3o ir\u00e1 reconhecer o resultado das elei\u00e7\u00f5es caso perca. Outro ponto de preocupa\u00e7\u00e3o para o candidato, chama-se Cabo Daciolo, que pode retira-lhe muitos votos.<\/p>\n<p style=\"text-align: justify;\"><strong>Fernando Haddad:<\/strong> Segue firme em 2\u00ba lugar com fortes possibilidades de enfrentar\u00a0 Bolsonaro no 2\u00ba turno. Para Haddad, existe um fator surpresa positivo na reta final das elei\u00e7\u00f5es, o movimento das mulheres &#8211; #EleN\u00e3o, que se espalhou por todo o pa\u00eds, \u00e9 no \u00faltimo s\u00e1bado(29\/9), levou mais de um de milh\u00e3o de pessoas para protestaram contra Bolsonaro. J\u00e1 os pontos negativos, refere-se ao fator PT &#8211; Lula &#8211; Dilma, os advers\u00e1rios o atacam, a todo momento o acusando de ser herdeiro da crise. A Globo, Band, VEJA e Isto\u00c9 est\u00e3o na rua para abater Haddad( acho que n\u00e3o pega).Sobre economia, Haddad, prega a campanha &#8211; <strong><em><span style=\"color: #0000ff;\">Meu emprego de volta&#8221;<\/span><\/em><\/strong>. Investimentos nas energias renov\u00e1veis, constru\u00e7\u00e3o civil e promete rever a PEC 95, que congela todos os gastos p\u00fablicos, o que acaba inviabilizando os investimentos no pa\u00eds. Na \u00e1rea de educa\u00e7\u00e3o, Haddad, promete fortalecer o ensino m\u00e9dio &#8211; t\u00e9cnico, investir na \u00e1rea de sa\u00fade e ampliar o Minha Minha Vida.<\/p>\n<p style=\"text-align: justify;\"><strong>Ciro Gomes:<\/strong> O fator Lula pesou. Se a campanha de Haddad n\u00e3o tivesse decolado, Ciro sem d\u00favidas estaria\u00a0 rumo ao segundo turno. Entretanto, h\u00e1 5 dias do pleito final da campanha surpresas podem acontecer &#8211; o movimento #EleN\u00e3o, quem sabe pode ajuda-l\u00f3. Sobre economia, Ciro foi o candidato mais enf\u00e1tico, atacou Temer, disse que vai revogar a venda dos Leil\u00f5es do pr\u00e9-sal, hoje, 75% nas m\u00e3os das petrol\u00edferas estrangeiras, o setor energ\u00e9tico brasileiro n\u00e3o ser\u00e1 vendido \u00e9, o contrato da Boeing com a Embrear ser\u00e1 desfeito. A PEC 95 dos congelamentos p\u00fablicos tamb\u00e9m foi outro alvo de ataque de Ciro. Caso ven\u00e7a a corrida para presidente, ele, vai revogar a medida. Setores, como Constru\u00e7\u00e3o Civil, Ind\u00fastria Nacional e Ci\u00eancia e Tecnologia ser\u00e1 foco no seu governo.<\/p>\n<p style=\"text-align: justify;\"><strong>Geraldo Alckmin:<\/strong> Perdeu rumo a sua campanha. Apesar de ter milh\u00f5es de investimentos na sua campanha, na fase final, Alckmin abondou o nordeste, n\u00e3o decolou no sul e no sudeste, ou seja, a sintonia com o p\u00fablico de outras regi\u00f5es do Brasil passou longe de Alckmin, ao final, o candidato se restringiu somente ao estado de S\u00e3o Paulo. Outro erro, foi sua alian\u00e7a com centr\u00e3o &#8211; grupos dos partidos do toma l\u00e1 d\u00e1 c\u00e1. Alckmin, era o candidato preferido do mercado, entretanto, sua candidatura subiu no telhado. O PSDB precisa rever seu posicionamento nacionalmente.<\/p>\n<p style=\"text-align: justify;\"><strong>Marina Silva:<\/strong> Come\u00e7ou com g\u00e1s e ao longo da campanha foi perdendo espa\u00e7o. Marina sempre deixa uma d\u00favida na cabe\u00e7a da popula\u00e7\u00e3o quando fala sobre temas como aborto e drogas. Outro ponto pol\u00eamico que marcou a candidata foi a alian\u00e7a com A\u00e9cio Neves &#8211; PSDB, feita em 2014. Sobre como fazer o Brasil crescer novamente,\u00a0 energias renov\u00e1veis, constru\u00e7\u00e3o civil, agricultura familiar e turismo s\u00e3o o mote da candidata, al\u00e9m de refor\u00e7ar os programas sociais.<\/p>\n<p style=\"text-align: justify;\"><strong>Jo\u00e3o Amoedo:<\/strong> Muito pragm\u00e1tico em suas falas e na suas a\u00e7\u00f5es. O Brasil \u00e9 pa\u00eds continental. Nem sempre o que d\u00e1 certo em S\u00e3o Paulo &#8211; Avenida Paulista dar\u00e1 certo no Maranh\u00e3o, em Manaus. Entender o Brasil, diverso de 200 milh\u00f5es habitantes. Nova York n\u00e3o \u00e9 aqui. De positivo, Jo\u00e3o Amoedo defende o fim do financiamento p\u00fablico de campanha.<\/p>\n<p style=\"text-align: justify;\">Guilherme Boullos:\u00a0 O candidato do PSOL mostrou-se bastante safo.\u00a0 \u00c9 uma boa aposta para o futuro pol\u00edtico do Brasil. A renova\u00e7\u00e3o da esquerda come\u00e7ou. Perdeu-se Marielle, mas o pa\u00eds ganhou Boullos.<\/p>\n<p style=\"text-align: justify;\"><strong>Henrique Meirelles:<\/strong> O degaste pol\u00edtico do PMDB, levou Meirelles para a lona. Dessa vez n\u00e3o tivemos Itamar Franco, e sim Temer e os casos de corrup\u00e7\u00e3o, al\u00e9m do Golpe que derrubou a Dilma, tudo isso levou o <span style=\"color: #993300;\"><em><strong>Chama\u00a0 Meirelles<\/strong><\/em><\/span> para casa mais cedo.<\/p>\n<p style=\"text-align: justify;\">No momento, existe uma incerteza muito grande na popula\u00e7\u00e3o brasileira em saber o caminho exato para tirar o pa\u00eds desse lodo sem fim. Milh\u00f5es de desempregados, lojas fechadas, 7 mil obras paradas, estado falido. O que sabemos \u00e9 que os brasileiros n\u00e3o aguentam mais arrocho.<\/p>\n<p style=\"text-align: justify;\">\n","protected":false},"excerpt":{"rendered":"<p>Por Severian Rocha Rio, 2018 &#8211; H\u00e1 poucos dias do prazo final das elei\u00e7\u00f5es, no caso do 1\u00ba turno, o Brasil segue na incerteza de quem ser\u00e1 o futuro presidente do pa\u00eds. O momento que pede muita cautela e serenidade de todos. Afinal, a economia segue paralisada e o desemprego passou da casa dos 13 [&hellip;]<\/p>\n","protected":false},"author":1,"featured_media":10386,"comment_status":"open","ping_status":"open","sticky":false,"template":"","format":"standard","meta":{"_uag_custom_page_level_css":"","footnotes":""},"categories":[27],"tags":[2826,13810,3261,4019,13807,4324,13806,13808,13811,7692,8598,13809,9215],"class_list":["post-10384","post","type-post","status-publish","format-standard","has-post-thumbnail","hentry","category-acontece","tag-construcao-civil","tag-corte-de-gastos-publicos","tag-cultura","tag-eleicoes-2018","tag-emprego-de-volta","tag-energias-renovaveis","tag-haddad-13","tag-indecisos-decidem-eleicoes","tag-lula-elege-novo-presidente","tag-minha-casa-minha-vida","tag-palacio-do-planalto","tag-pec-95","tag-pre-sal"],"blocksy_meta":[],"spectra_blocks_featured_image_url":{"thumbnail":{"url":"https:\/\/construcaocivil.siriusmarketingedesign.com.br\/wp-content\/uploads\/2018\/10\/101_2484-150x150.jpg","width":150,"height":150},"medium":{"url":"https:\/\/construcaocivil.siriusmarketingedesign.com.br\/wp-content\/uploads\/2018\/10\/101_2484-300x225.jpg","width":300,"height":225},"medium_large":{"url":"https:\/\/construcaocivil.siriusmarketingedesign.com.br\/wp-content\/uploads\/2018\/10\/101_2484-768x576.jpg","width":768,"height":576},"large":{"url":"https:\/\/construcaocivil.siriusmarketingedesign.com.br\/wp-content\/uploads\/2018\/10\/101_2484-1024x768.jpg","width":1024,"height":768},"full":{"url":"https:\/\/construcaocivil.siriusmarketingedesign.com.br\/wp-content\/uploads\/2018\/10\/101_2484-e1538524480829.jpg","width":900,"height":675}},"spectra_blocks_author_info":{"display_name":"Jornal da Constru\u00e7\u00e3o Civil","avatar_url":"https:\/\/secure.gravatar.com\/avatar\/973c9774fd44ddaceb026973c4962faa70fc512bc4c9da68e8ebb40fecee6540?s=96&d=mm&r=g","author_link":"https:\/\/construcaocivil.siriusmarketingedesign.com.br\/?author=1","description":"Desde de 2013, levando muitas informa\u00e7\u00f5es, lan\u00e7amentos e produtos de qualidade para toda cadeia produtiva da constru\u00e7\u00e3o. O Futuro da constru\u00e7\u00e3o passa por aqui,"},"uagb_featured_image_src":{"full":["https:\/\/construcaocivil.siriusmarketingedesign.com.br\/wp-content\/uploads\/2018\/10\/101_2484-e1538524480829.jpg",900,675,false],"thumbnail":["https:\/\/construcaocivil.siriusmarketingedesign.com.br\/wp-content\/uploads\/2018\/10\/101_2484-150x150.jpg",150,150,true],"medium":["https:\/\/construcaocivil.siriusmarketingedesign.com.br\/wp-content\/uploads\/2018\/10\/101_2484-300x225.jpg",300,225,true],"medium_large":["https:\/\/construcaocivil.siriusmarketingedesign.com.br\/wp-content\/uploads\/2018\/10\/101_2484-768x576.jpg",768,576,true],"large":["https:\/\/construcaocivil.siriusmarketingedesign.com.br\/wp-content\/uploads\/2018\/10\/101_2484-1024x768.jpg",1024,768,true],"1536x1536":["https:\/\/construcaocivil.siriusmarketingedesign.com.br\/wp-content\/uploads\/2018\/10\/101_2484-e1538524480829.jpg",900,675,false],"2048x2048":["https:\/\/construcaocivil.siriusmarketingedesign.com.br\/wp-content\/uploads\/2018\/10\/101_2484-e1538524480829.jpg",900,675,false]},"uagb_author_info":{"display_name":"Jornal da Constru\u00e7\u00e3o Civil","author_link":"https:\/\/construcaocivil.siriusmarketingedesign.com.br\/?author=1"},"uagb_comment_info":0,"uagb_excerpt":"Por Severian Rocha Rio, 2018 &#8211; H\u00e1 poucos dias do prazo final das elei\u00e7\u00f5es, no caso do 1\u00ba turno, o Brasil segue na incerteza de quem ser\u00e1 o futuro presidente do pa\u00eds. O momento que pede muita cautela e serenidade de todos. Afinal, a economia segue paralisada e o desemprego passou da casa dos 13&hellip;","_links":{"self":[{"href":"https:\/\/construcaocivil.siriusmarketingedesign.com.br\/index.php?rest_route=\/wp\/v2\/posts\/10384","targetHints":{"allow":["GET"]}}],"collection":[{"href":"https:\/\/construcaocivil.siriusmarketingedesign.com.br\/index.php?rest_route=\/wp\/v2\/posts"}],"about":[{"href":"https:\/\/construcaocivil.siriusmarketingedesign.com.br\/index.php?rest_route=\/wp\/v2\/types\/post"}],"author":[{"embeddable":true,"href":"https:\/\/construcaocivil.siriusmarketingedesign.com.br\/index.php?rest_route=\/wp\/v2\/users\/1"}],"replies":[{"embeddable":true,"href":"https:\/\/construcaocivil.siriusmarketingedesign.com.br\/index.php?rest_route=%2Fwp%2Fv2%2Fcomments&post=10384"}],"version-history":[{"count":0,"href":"https:\/\/construcaocivil.siriusmarketingedesign.com.br\/index.php?rest_route=\/wp\/v2\/posts\/10384\/revisions"}],"wp:featuredmedia":[{"embeddable":true,"href":"https:\/\/construcaocivil.siriusmarketingedesign.com.br\/index.php?rest_route=\/wp\/v2\/media\/10386"}],"wp:attachment":[{"href":"https:\/\/construcaocivil.siriusmarketingedesign.com.br\/index.php?rest_route=%2Fwp%2Fv2%2Fmedia&parent=10384"}],"wp:term":[{"taxonomy":"category","embeddable":true,"href":"https:\/\/construcaocivil.siriusmarketingedesign.com.br\/index.php?rest_route=%2Fwp%2Fv2%2Fcategories&post=10384"},{"taxonomy":"post_tag","embeddable":true,"href":"https:\/\/construcaocivil.siriusmarketingedesign.com.br\/index.php?rest_route=%2Fwp%2Fv2%2Ftags&post=10384"}],"curies":[{"name":"wp","href":"https:\/\/api.w.org\/{rel}","templated":true}]}}