{"id":1039,"date":"2016-03-10T17:03:25","date_gmt":"2016-03-10T17:03:25","guid":{"rendered":"http:\/\/www.jornaldaconstrucaocivil.com.br\/?p=1039"},"modified":"2016-03-10T17:03:25","modified_gmt":"2016-03-10T17:03:25","slug":"alunos-da-rede-municipal-passam-por-avaliacao-de-peso","status":"publish","type":"post","link":"https:\/\/construcaocivil.siriusmarketingedesign.com.br\/?p=1039","title":{"rendered":"ALUNOS DA REDE MUNICIPAL PASSAM POR AVALIA\u00c7\u00c3O DE PESO"},"content":{"rendered":"<p class=\"\" align=\"justify\"><span style=\"color: #000080;\"><strong><span style=\"font-family: Verdana, sans-serif;\">O Programa Conta na Balan\u00e7a, que atua no combate \u00e0 obesidade infantil na rede municipal, iniciou o ano letivo realizando a avalia\u00e7\u00e3o antropom\u00e9trica peso, altura e circunfer\u00eancia abdominal de alunos do 1\u00ba ao 5\u00ba ano do ensino fundamental. <\/span><\/strong><\/span><\/p>\n<p class=\"\" align=\"justify\"><span style=\"font-family: Verdana, sans-serif; color: #000000;\">O trabalho est\u00e1 sendo feito em 45 escolas das \u00e1reas urbana e rural da cidade, englobando mais de cinco mil estudantes.<\/span><\/p>\n<p class=\"\" align=\"justify\"><span style=\"font-family: Verdana, sans-serif; color: #000000;\">O objetivo \u00e9 avaliar resultados do Programa, iniciar o acompanhamento de novos alunos, planejar e estabelecer metas de trabalho para este ano. Entre as escolas onde a equipe j\u00e1 realizou a pesagem est\u00e3o Hetelvina Carneiro, na Vargem Grande; Jo\u00e3o Rodrigues, na Fuma\u00e7a; Francisco Quirino, em Visconde de Mau\u00e1; Noel de Carvalho, na Nova Liberdade, entre outras.<\/span><\/p>\n<figure id=\"attachment_1040\" aria-describedby=\"caption-attachment-1040\" style=\"width: 300px\" class=\"wp-caption alignleft\"><a href=\"http:\/\/www.jornaldaconstrucaocivil.com.br\/wp-content\/uploads\/2016\/03\/Premia\u00e7\u00e3o-Conta-na-Balan\u00e7a-OK.jpg\"><img loading=\"lazy\" decoding=\"async\" class=\"wp-image-1040 size-medium\" src=\"http:\/\/www.jornaldaconstrucaocivil.com.br\/wp-content\/uploads\/2016\/03\/Premia\u00e7\u00e3o-Conta-na-Balan\u00e7a-OK-300x199.jpg\" alt=\"\" width=\"300\" height=\"199\" \/><\/a><figcaption id=\"caption-attachment-1040\" class=\"wp-caption-text\"><span style=\"color: #ff0000;\">Premia\u00e7\u00e3o Conta na Balan\u00e7a EM Marieta Salles Cunha. Foto: Marcio Fabian<\/span><\/figcaption><\/figure>\n<p class=\"\" align=\"justify\"><span style=\"font-family: Verdana, sans-serif; color: #000000;\">No momento a equipe do Programa est\u00e1 avaliando as turmas do Col\u00e9gio Municipal Get\u00falio Vargas, na Cidade Alegria. A previs\u00e3o \u00e9 que a pesagem nesta unidade termine at\u00e9 o final da pr\u00f3xima semana.<\/span><\/p>\n<p class=\"\" align=\"justify\"><span style=\"font-family: Verdana, sans-serif; color: #000000;\">&#8211; A partir da\u00ed, vamos come\u00e7ar a fechar o \u00edndice com dados sobre alunos obesos, com sobrepeso, abaixo do peso, etc. Em abril a equipe deve se reunir para come\u00e7ar a avaliar os resultados &#8211; explica o secret\u00e1rio municipal de Educa\u00e7\u00e3o, M\u00e1rio Rodrigues.<\/span><\/p>\n<p class=\"\" align=\"justify\"><span style=\"font-family: Verdana, sans-serif; color: #000000;\">A avalia\u00e7\u00e3o do peso \u00e9 o primeiro passo. Depois disso o Programa atua na conscientiza\u00e7\u00e3o de pais e alunos dentro das escolas sobre alimenta\u00e7\u00e3o saud\u00e1vel, e os alunos s\u00e3o encaminhados para realiza\u00e7\u00e3o de exames de sangue e os que apresentam altera\u00e7\u00f5es s\u00e3o acompanhados pela \u00c1rea T\u00e9cnica de Alimenta\u00e7\u00e3o e Nutri\u00e7\u00e3o (ATAN), da Secretaria Municipal de Sa\u00fade e recebem atendimento nas unidades b\u00e1sicas de sa\u00fade.<\/span><\/p>\n<p class=\"\" align=\"justify\"><span style=\"font-family: Verdana, sans-serif; color: #000000;\">Nos \u00faltimos dois anos, o Programa obteve bons resultados atrav\u00e9s das suas a\u00e7\u00f5es. De 2014 para 2015, o n\u00famero de alunos obesos na rede municipal caiu de 979 para 915. Os com sobrepeso, de 1.363 para 613. O relat\u00f3rio apontou ainda a redu\u00e7\u00e3o de crian\u00e7as abaixo do peso de 228 para 83.\u00a0<\/span><\/p>\n<p class=\"\" align=\"justify\"><span style=\"font-family: Verdana, sans-serif; color: #000000;\">Para este ano o Conta na Balan\u00e7a planeja incentivar a agricultura familiar com a cultiva\u00e7\u00e3o de hortas em terrenos baldios, espa\u00e7os urbanos, oferecendo uma fonte de renda e a produ\u00e7\u00e3o de hortali\u00e7as org\u00e2nicas sem agrot\u00f3xicos para consumo das fam\u00edlias.<\/span><\/p>\n<p class=\"\" align=\"justify\"><span style=\"font-family: Verdana, sans-serif; color: #000000;\">A ideia \u00e9 mapear as \u00e1reas dispon\u00edveis, elaborar projeto de lei para aprova\u00e7\u00e3o na C\u00e2mara Municipal, selecionar fam\u00edlias atrav\u00e9s do Cadastro \u00danico do Governo Federal e capacit\u00e1-las para que possam cuidar das suas produ\u00e7\u00f5es.\u00a0<\/span><\/p>\n<p class=\"\" align=\"justify\"><span style=\"font-family: Verdana, sans-serif; color: #000000;\">O Conta na Balan\u00e7a foi idealizado pela m\u00e9dica e deputada estadual Ana Paula Rechuan. Ele \u00e9 desenvolvido numa parceria entre as Secretarias Municipais de Educa\u00e7\u00e3o, de Sa\u00fade, de Assist\u00eancia Social e Direitos Humanos e de Esporte e Lazer, al\u00e9m da Superintend\u00eancia Municipal de Eventos e da Nutriplus, empresa respons\u00e1vel pela merenda escolar. Atualmente, a iniciativa foi inserida oficialmente nas a\u00e7\u00f5es da Secretaria de Educa\u00e7\u00e3o como pol\u00edtica p\u00fablica para combater a obesidade na rede municipal.<\/span><\/p>\n<p class=\"\" align=\"justify\">Fonte: Ascom\/Prefeitura de Resende-RJ<\/p>\n<p>&nbsp;<\/p>\n","protected":false},"excerpt":{"rendered":"<p>O Programa Conta na Balan\u00e7a, que atua no combate \u00e0 obesidade infantil na rede municipal, iniciou o ano letivo realizando a avalia\u00e7\u00e3o antropom\u00e9trica peso, altura e circunfer\u00eancia abdominal de alunos do 1\u00ba ao 5\u00ba ano do ensino fundamental. O trabalho est\u00e1 sendo feito em 45 escolas das \u00e1reas urbana e rural da cidade, englobando mais [&hellip;]<\/p>\n","protected":false},"author":1,"featured_media":1040,"comment_status":"open","ping_status":"open","sticky":false,"template":"","format":"standard","meta":{"_uag_custom_page_level_css":"","footnotes":""},"categories":[37],"tags":[189,699,7305,8329,9283,9595,10214,12119],"class_list":["post-1039","post","type-post","status-publish","format-standard","has-post-thumbnail","hentry","category-sustentabilidade","tag-45-escolas-da-area-rural","tag-ana-paula-rechuan","tag-mario-rodrigues","tag-obesidade-infantil","tag-prefeito-rechuan","tag-programa-conta-na-balanca","tag-resende","tag-urbana"],"blocksy_meta":[],"spectra_blocks_featured_image_url":[],"spectra_blocks_author_info":{"display_name":"Jornal da Constru\u00e7\u00e3o Civil","avatar_url":"https:\/\/secure.gravatar.com\/avatar\/973c9774fd44ddaceb026973c4962faa70fc512bc4c9da68e8ebb40fecee6540?s=96&d=mm&r=g","author_link":"https:\/\/construcaocivil.siriusmarketingedesign.com.br\/?author=1","description":"Desde de 2013, levando muitas informa\u00e7\u00f5es, lan\u00e7amentos e produtos de qualidade para toda cadeia produtiva da constru\u00e7\u00e3o. O Futuro da constru\u00e7\u00e3o passa por aqui,"},"uagb_featured_image_src":{"full":false,"thumbnail":false,"medium":false,"medium_large":false,"large":false,"1536x1536":false,"2048x2048":false},"uagb_author_info":{"display_name":"Jornal da Constru\u00e7\u00e3o Civil","author_link":"https:\/\/construcaocivil.siriusmarketingedesign.com.br\/?author=1"},"uagb_comment_info":0,"uagb_excerpt":"O Programa Conta na Balan\u00e7a, que atua no combate \u00e0 obesidade infantil na rede municipal, iniciou o ano letivo realizando a avalia\u00e7\u00e3o antropom\u00e9trica peso, altura e circunfer\u00eancia abdominal de alunos do 1\u00ba ao 5\u00ba ano do ensino fundamental. O trabalho est\u00e1 sendo feito em 45 escolas das \u00e1reas urbana e rural da cidade, englobando mais&hellip;","_links":{"self":[{"href":"https:\/\/construcaocivil.siriusmarketingedesign.com.br\/index.php?rest_route=\/wp\/v2\/posts\/1039","targetHints":{"allow":["GET"]}}],"collection":[{"href":"https:\/\/construcaocivil.siriusmarketingedesign.com.br\/index.php?rest_route=\/wp\/v2\/posts"}],"about":[{"href":"https:\/\/construcaocivil.siriusmarketingedesign.com.br\/index.php?rest_route=\/wp\/v2\/types\/post"}],"author":[{"embeddable":true,"href":"https:\/\/construcaocivil.siriusmarketingedesign.com.br\/index.php?rest_route=\/wp\/v2\/users\/1"}],"replies":[{"embeddable":true,"href":"https:\/\/construcaocivil.siriusmarketingedesign.com.br\/index.php?rest_route=%2Fwp%2Fv2%2Fcomments&post=1039"}],"version-history":[{"count":0,"href":"https:\/\/construcaocivil.siriusmarketingedesign.com.br\/index.php?rest_route=\/wp\/v2\/posts\/1039\/revisions"}],"wp:attachment":[{"href":"https:\/\/construcaocivil.siriusmarketingedesign.com.br\/index.php?rest_route=%2Fwp%2Fv2%2Fmedia&parent=1039"}],"wp:term":[{"taxonomy":"category","embeddable":true,"href":"https:\/\/construcaocivil.siriusmarketingedesign.com.br\/index.php?rest_route=%2Fwp%2Fv2%2Fcategories&post=1039"},{"taxonomy":"post_tag","embeddable":true,"href":"https:\/\/construcaocivil.siriusmarketingedesign.com.br\/index.php?rest_route=%2Fwp%2Fv2%2Ftags&post=1039"}],"curies":[{"name":"wp","href":"https:\/\/api.w.org\/{rel}","templated":true}]}}