{"id":10397,"date":"2018-10-03T16:34:15","date_gmt":"2018-10-03T19:34:15","guid":{"rendered":"http:\/\/www.jornaldaconstrucaocivil.com.br\/?p=10397"},"modified":"2018-10-03T16:34:15","modified_gmt":"2018-10-03T19:34:15","slug":"vendas-no-varejo-de-material-de-construcao-retraem-5-em-setembro-sobre-agosto","status":"publish","type":"post","link":"https:\/\/construcaocivil.siriusmarketingedesign.com.br\/?p=10397","title":{"rendered":"Vendas no varejo de material de constru\u00e7\u00e3o retraem 5% em setembro, sobre agosto"},"content":{"rendered":"<p style=\"text-align: justify;\"><span style=\"color: #993300;\">Outubro, 2018<\/span> &#8211; O varejo de material de constru\u00e7\u00e3o retraiu 5% no m\u00eas de setembro, na compara\u00e7\u00e3o com agosto. Com rela\u00e7\u00e3o ao mesmo m\u00eas do ano passado, o setor manteve-se est\u00e1vel. J\u00e1 no acumulado do ano, o segmento apresenta alta de 4,5% sobre o mesmo per\u00edodo de 2017. Nos \u00faltimos 12 meses, h\u00e1 crescimento de 6,5%.<\/p>\n<p style=\"text-align: justify;\">Os dados s\u00e3o da Pesquisa Tracking mensal da Anamaco, que entrevistou 530 lojistas entre os dias 24 a 27 de setembro. Segundo o levantamento, a retra\u00e7\u00e3o foi sentida em todas as regi\u00f5es do Pa\u00eds, principalmente no Centro-Oeste, onde houve queda de 12% nas vendas do m\u00eas. No Norte, o desempenho foi 7% menor do que o registrado em agosto, e no Sul e Sudeste 5% inferior. S\u00f3 o Nordeste ficou com \u00edndice de vendas semelhante ao do m\u00eas passado.<\/p>\n<p style=\"text-align: justify;\">Segundo o presidente da Anamaco, Cl\u00e1udio Conz, os n\u00fameros refletem o momento de decis\u00e3o do cen\u00e1rio politico brasileiro. &#8220;Com a proximidade das elei\u00e7\u00f5es de outubro, e com os altos indices de desemprego e o crescimento mais lento da economia, as pessoas passam a programar os gastos com mais cautela at\u00e9 que os rumos da economia estejam mais definidos. Fora isso, ainda estamos sofrendo reflexos por conta do aumento do frete e da alta do d\u00f3lar, que impactaram diretamente o nosso setor&#8221;, explica.<\/p>\n<p style=\"text-align: justify;\">Conz afirma, no entanto, que os lojistas j\u00e1 devem recuperar parte das vendas no m\u00eas de outubro. &#8220;Cerca de 61% dos entrevistados acredita em crescimento de vendas esse m\u00eas. Historicamente, outubro tem desempenho superior a setembro, e esse ano n\u00e3o deve ser diferente&#8221;, declara.<\/p>\n<p style=\"text-align: justify;\">O<span style=\"color: #993300;\"> &#8220;BusTracking&#8221;<\/span>, que permite a inclus\u00e3o de perguntas caronas no question\u00e1rio, indicou que aumentou de 32% para 41% o otimismo do setor com rela\u00e7\u00e3o \u00e0s a\u00e7\u00f5es do Governo nos pr\u00f3ximos 12 meses. J\u00e1 o indicador que mede a pretens\u00e3o de novos investimentos vem crescendo desde julho, e chegou a 43% em setembro (um aumento de 7% na compara\u00e7\u00e3o com o m\u00eas passado). Cerca de 19% dos entrevistados afirmou que pretende contratar novos funcion\u00e1rios nos pr\u00f3ximos 30 dias.<\/p>\n<p style=\"text-align: justify;\">Realizada pelo Instituto de Pesquisas da Anamaco, a Pesquisa Tracking Anamaco tem o apoio da Anfacer, Abrafati e Instituto Crisotila Brasil.<\/p>\n<p>Fonte: Imprensa\/Anamaco<\/p>\n","protected":false},"excerpt":{"rendered":"<p>Outubro, 2018 &#8211; O varejo de material de constru\u00e7\u00e3o retraiu 5% no m\u00eas de setembro, na compara\u00e7\u00e3o com agosto. Com rela\u00e7\u00e3o ao mesmo m\u00eas do ano passado, o setor manteve-se est\u00e1vel. J\u00e1 no acumulado do ano, o segmento apresenta alta de 4,5% sobre o mesmo per\u00edodo de 2017. Nos \u00faltimos 12 meses, h\u00e1 crescimento de [&hellip;]<\/p>\n","protected":false},"author":1,"featured_media":10398,"comment_status":"open","ping_status":"open","sticky":false,"template":"","format":"standard","meta":{"_uag_custom_page_level_css":"","footnotes":""},"categories":[12591],"tags":[338,705,13823,13826,3856,13822,8144,12292,13825,13824],"class_list":["post-10397","post","type-post","status-publish","format-standard","has-post-thumbnail","hentry","category-produtos","tag-abrafati","tag-anamaco","tag-clima-eleitoral-derruba-vendas-de-produtos-de-construcao","tag-creditos-para-aquecer-a-economia","tag-economia","tag-lojas-de-varejo-da-regiao-sudeste-e-norte","tag-nordeste","tag-vendas-de-material-de-construcao","tag-vendas-de-material-de-construcao-no-mes-de-setembro","tag-vendas-de-material-de-construcao-no-nordeste"],"blocksy_meta":[],"spectra_blocks_featured_image_url":{"thumbnail":{"url":"https:\/\/construcaocivil.siriusmarketingedesign.com.br\/wp-content\/uploads\/2018\/10\/A-VAREJO-150x150.jpg","width":150,"height":150},"medium":{"url":"https:\/\/construcaocivil.siriusmarketingedesign.com.br\/wp-content\/uploads\/2018\/10\/A-VAREJO-300x225.jpg","width":300,"height":225},"medium_large":{"url":"https:\/\/construcaocivil.siriusmarketingedesign.com.br\/wp-content\/uploads\/2018\/10\/A-VAREJO-768x576.jpg","width":768,"height":576},"large":{"url":"https:\/\/construcaocivil.siriusmarketingedesign.com.br\/wp-content\/uploads\/2018\/10\/A-VAREJO.jpg","width":800,"height":600},"full":{"url":"https:\/\/construcaocivil.siriusmarketingedesign.com.br\/wp-content\/uploads\/2018\/10\/A-VAREJO.jpg","width":800,"height":600}},"spectra_blocks_author_info":{"display_name":"Jornal da Constru\u00e7\u00e3o Civil","avatar_url":"https:\/\/secure.gravatar.com\/avatar\/973c9774fd44ddaceb026973c4962faa70fc512bc4c9da68e8ebb40fecee6540?s=96&d=mm&r=g","author_link":"https:\/\/construcaocivil.siriusmarketingedesign.com.br\/?author=1","description":"Desde de 2013, levando muitas informa\u00e7\u00f5es, lan\u00e7amentos e produtos de qualidade para toda cadeia produtiva da constru\u00e7\u00e3o. O Futuro da constru\u00e7\u00e3o passa por aqui,"},"uagb_featured_image_src":{"full":["https:\/\/construcaocivil.siriusmarketingedesign.com.br\/wp-content\/uploads\/2018\/10\/A-VAREJO.jpg",800,600,false],"thumbnail":["https:\/\/construcaocivil.siriusmarketingedesign.com.br\/wp-content\/uploads\/2018\/10\/A-VAREJO-150x150.jpg",150,150,true],"medium":["https:\/\/construcaocivil.siriusmarketingedesign.com.br\/wp-content\/uploads\/2018\/10\/A-VAREJO-300x225.jpg",300,225,true],"medium_large":["https:\/\/construcaocivil.siriusmarketingedesign.com.br\/wp-content\/uploads\/2018\/10\/A-VAREJO-768x576.jpg",768,576,true],"large":["https:\/\/construcaocivil.siriusmarketingedesign.com.br\/wp-content\/uploads\/2018\/10\/A-VAREJO.jpg",800,600,false],"1536x1536":["https:\/\/construcaocivil.siriusmarketingedesign.com.br\/wp-content\/uploads\/2018\/10\/A-VAREJO.jpg",800,600,false],"2048x2048":["https:\/\/construcaocivil.siriusmarketingedesign.com.br\/wp-content\/uploads\/2018\/10\/A-VAREJO.jpg",800,600,false]},"uagb_author_info":{"display_name":"Jornal da Constru\u00e7\u00e3o Civil","author_link":"https:\/\/construcaocivil.siriusmarketingedesign.com.br\/?author=1"},"uagb_comment_info":0,"uagb_excerpt":"Outubro, 2018 &#8211; O varejo de material de constru\u00e7\u00e3o retraiu 5% no m\u00eas de setembro, na compara\u00e7\u00e3o com agosto. Com rela\u00e7\u00e3o ao mesmo m\u00eas do ano passado, o setor manteve-se est\u00e1vel. J\u00e1 no acumulado do ano, o segmento apresenta alta de 4,5% sobre o mesmo per\u00edodo de 2017. Nos \u00faltimos 12 meses, h\u00e1 crescimento de&hellip;","_links":{"self":[{"href":"https:\/\/construcaocivil.siriusmarketingedesign.com.br\/index.php?rest_route=\/wp\/v2\/posts\/10397","targetHints":{"allow":["GET"]}}],"collection":[{"href":"https:\/\/construcaocivil.siriusmarketingedesign.com.br\/index.php?rest_route=\/wp\/v2\/posts"}],"about":[{"href":"https:\/\/construcaocivil.siriusmarketingedesign.com.br\/index.php?rest_route=\/wp\/v2\/types\/post"}],"author":[{"embeddable":true,"href":"https:\/\/construcaocivil.siriusmarketingedesign.com.br\/index.php?rest_route=\/wp\/v2\/users\/1"}],"replies":[{"embeddable":true,"href":"https:\/\/construcaocivil.siriusmarketingedesign.com.br\/index.php?rest_route=%2Fwp%2Fv2%2Fcomments&post=10397"}],"version-history":[{"count":0,"href":"https:\/\/construcaocivil.siriusmarketingedesign.com.br\/index.php?rest_route=\/wp\/v2\/posts\/10397\/revisions"}],"wp:featuredmedia":[{"embeddable":true,"href":"https:\/\/construcaocivil.siriusmarketingedesign.com.br\/index.php?rest_route=\/wp\/v2\/media\/10398"}],"wp:attachment":[{"href":"https:\/\/construcaocivil.siriusmarketingedesign.com.br\/index.php?rest_route=%2Fwp%2Fv2%2Fmedia&parent=10397"}],"wp:term":[{"taxonomy":"category","embeddable":true,"href":"https:\/\/construcaocivil.siriusmarketingedesign.com.br\/index.php?rest_route=%2Fwp%2Fv2%2Fcategories&post=10397"},{"taxonomy":"post_tag","embeddable":true,"href":"https:\/\/construcaocivil.siriusmarketingedesign.com.br\/index.php?rest_route=%2Fwp%2Fv2%2Ftags&post=10397"}],"curies":[{"name":"wp","href":"https:\/\/api.w.org\/{rel}","templated":true}]}}