{"id":10405,"date":"2018-10-05T14:44:23","date_gmt":"2018-10-05T17:44:23","guid":{"rendered":"http:\/\/www.jornaldaconstrucaocivil.com.br\/?p=10405"},"modified":"2018-10-05T14:44:23","modified_gmt":"2018-10-05T17:44:23","slug":"seconci-rj-promove-curso-sobre-trabalho-em-altura","status":"publish","type":"post","link":"https:\/\/construcaocivil.siriusmarketingedesign.com.br\/?p=10405","title":{"rendered":"Seconci-RJ promove curso sobre trabalho em altura"},"content":{"rendered":"<p style=\"text-align: justify;\"><span style=\"color: #993300;\">Outubro, 2018<\/span> &#8211; Parece \u00f3vio que o fato de que trabalhar em altura envolve riscos, responsabilidades, compromissos e obriga\u00e7\u00f5es para a empresa, empregadores e para o pr\u00f3prio oper\u00e1rio. No entanto nem sempre todos os envolvidos t\u00eam conhecimentos suficientes para executar essa fun\u00e7\u00e3o em seguran\u00e7a. Por isso, a partir de outubro,\u00a0 o<b>Seconci-Rio<\/b>\u00a0estar\u00e1 oferecendo o curso sobre\u00a0<b><i>&#8220;Trabalho em Altura (NR 35)&#8221;,<\/i><\/b>\u00a0\u00a0destinado especialmente aos\u00a0empregados que realizam qualquer atividade acima de dois metros do n\u00edvel inferior, estudantes da \u00e1rea da constru\u00e7\u00e3o civil e\u00a0demais profissionais do setor que estejam buscando aperfei\u00e7oamento.<\/p>\n<p style=\"text-align: justify;\">Com\u00a0\u00a0<b>carga hor\u00e1ria de 8h\u00a0<\/b>(das 8h \u00e0s 17h), o curso ser\u00e1 realizado no CPCC &#8211;<b>Centro Profissional da Constru\u00e7\u00e3o Civil<\/b>\u00a0(Estrada dos Bandeirantes, 2.443 \u2013 Curicica, pr\u00f3ximo \u00e0 Esta\u00e7\u00e3o Bandolim do BRT)<strong>\u00a0e engloba aulas te\u00f3ricas e pr\u00e1ticas, utilizando inclusive\u00a0<\/strong>uma das poucas torres dispon\u00edveis na cidade para treinamento em altura. O conte\u00fado program\u00e1tico abrange disciplinas como &#8220;Normas e regulamentos aplic\u00e1veis ao trabalho em altura&#8221;; &#8220;An\u00e1lise de Risco e condi\u00e7\u00f5es impeditivas&#8221;; &#8220;Sistemas, equipamentos e procedimentos de prote\u00e7\u00e3o coletiva&#8221;; &#8220;Condutas em situa\u00e7\u00f5es de emerg\u00eancia, incluindo no\u00e7\u00f5es de t\u00e9cnicas de resgate e de primeiros socorros&#8221;, entre outras.<\/p>\n<p style=\"text-align: justify;\"><strong>O curso \u00e9\u00a0<\/strong><strong>gratuito<\/strong><strong>\u00a0para os trabalhadores das empresas que fazem o<\/strong>\u00a0<em>PCMSO<\/em>\u00a0 (Programa de Controle M\u00e9dico de Sa\u00fade Ocupacional) no<strong>\u00a0Seconci. Para os demais a taxa \u00e9 de R$ 35,00.\u00a0<\/strong>Estudantes da \u00c1rea da Constru\u00e7\u00e3o civil (mediante comprova\u00e7\u00e3o) pagam R$ 30,00.<\/p>\n<p><b>Abaixo, o calend\u00e1rio de datas:<\/b><\/p>\n<p><u>OUTUBRO:\u00a0<\/u>09\/10, 18\/10, 23\/10, 25\/10 e 30\/10<\/p>\n<p><u>NOVEMBRO:<\/u>\u00a006\/11 e 29\/11<\/p>\n<p><b>Inscri\u00e7\u00f5es pelo telefone 2101-2555 ou pelo e-mail\u00a0<span style=\"color: #0000ff;\"><a style=\"color: #0000ff;\" href=\"mailto:qualificacao@cpcc.com.br\" rel=\"noreferrer\">qualificacao@cpcc.com.br<\/a><\/span><\/b><\/p>\n<p>Fonte: Imprensa\/Seconci &#8211; Rio<\/p>\n","protected":false},"excerpt":{"rendered":"<p>Outubro, 2018 &#8211; Parece \u00f3vio que o fato de que trabalhar em altura envolve riscos, responsabilidades, compromissos e obriga\u00e7\u00f5es para a empresa, empregadores e para o pr\u00f3prio oper\u00e1rio. No entanto nem sempre todos os envolvidos t\u00eam conhecimentos suficientes para executar essa fun\u00e7\u00e3o em seguran\u00e7a. Por isso, a partir de outubro,\u00a0 oSeconci-Rio\u00a0estar\u00e1 oferecendo o curso sobre\u00a0&#8220;Trabalho [&hellip;]<\/p>\n","protected":false},"author":1,"featured_media":10406,"comment_status":"open","ping_status":"open","sticky":false,"template":"","format":"standard","meta":{"_uag_custom_page_level_css":"","footnotes":""},"categories":[27],"tags":[13846,13843,2826,3291,13842,13845,10375,10732,13844],"class_list":["post-10405","post","type-post","status-publish","format-standard","has-post-thumbnail","hentry","category-acontece","tag-bairro-curicica-rj","tag-centro-profissional-da-construcao-civil-cpcc","tag-construcao-civil","tag-curso-gratuito","tag-pcmso-programa-de-controle-medico-de-saude-ocupacional","tag-profissionais-e-estudantes-de-construcao-civil","tag-rio-de-janeiro","tag-seconci-rio","tag-trabalho-em-altura-nr-35"],"blocksy_meta":[],"spectra_blocks_featured_image_url":{"thumbnail":{"url":"https:\/\/construcaocivil.siriusmarketingedesign.com.br\/wp-content\/uploads\/2018\/10\/CURSO-NR-35-2-150x150.jpg","width":150,"height":150},"medium":{"url":"https:\/\/construcaocivil.siriusmarketingedesign.com.br\/wp-content\/uploads\/2018\/10\/CURSO-NR-35-2-300x207.jpg","width":300,"height":207},"medium_large":{"url":"https:\/\/construcaocivil.siriusmarketingedesign.com.br\/wp-content\/uploads\/2018\/10\/CURSO-NR-35-2-768x530.jpg","width":768,"height":530},"large":{"url":"https:\/\/construcaocivil.siriusmarketingedesign.com.br\/wp-content\/uploads\/2018\/10\/CURSO-NR-35-2-1024x707.jpg","width":1024,"height":707},"full":{"url":"https:\/\/construcaocivil.siriusmarketingedesign.com.br\/wp-content\/uploads\/2018\/10\/CURSO-NR-35-2.jpg","width":1882,"height":1299}},"spectra_blocks_author_info":{"display_name":"Jornal da Constru\u00e7\u00e3o Civil","avatar_url":"https:\/\/secure.gravatar.com\/avatar\/973c9774fd44ddaceb026973c4962faa70fc512bc4c9da68e8ebb40fecee6540?s=96&d=mm&r=g","author_link":"https:\/\/construcaocivil.siriusmarketingedesign.com.br\/?author=1","description":"Desde de 2013, levando muitas informa\u00e7\u00f5es, lan\u00e7amentos e produtos de qualidade para toda cadeia produtiva da constru\u00e7\u00e3o. O Futuro da constru\u00e7\u00e3o passa por aqui,"},"uagb_featured_image_src":{"full":["https:\/\/construcaocivil.siriusmarketingedesign.com.br\/wp-content\/uploads\/2018\/10\/CURSO-NR-35-2.jpg",1882,1299,false],"thumbnail":["https:\/\/construcaocivil.siriusmarketingedesign.com.br\/wp-content\/uploads\/2018\/10\/CURSO-NR-35-2-150x150.jpg",150,150,true],"medium":["https:\/\/construcaocivil.siriusmarketingedesign.com.br\/wp-content\/uploads\/2018\/10\/CURSO-NR-35-2-300x207.jpg",300,207,true],"medium_large":["https:\/\/construcaocivil.siriusmarketingedesign.com.br\/wp-content\/uploads\/2018\/10\/CURSO-NR-35-2-768x530.jpg",768,530,true],"large":["https:\/\/construcaocivil.siriusmarketingedesign.com.br\/wp-content\/uploads\/2018\/10\/CURSO-NR-35-2-1024x707.jpg",1024,707,true],"1536x1536":["https:\/\/construcaocivil.siriusmarketingedesign.com.br\/wp-content\/uploads\/2018\/10\/CURSO-NR-35-2.jpg",1536,1060,false],"2048x2048":["https:\/\/construcaocivil.siriusmarketingedesign.com.br\/wp-content\/uploads\/2018\/10\/CURSO-NR-35-2.jpg",1882,1299,false]},"uagb_author_info":{"display_name":"Jornal da Constru\u00e7\u00e3o Civil","author_link":"https:\/\/construcaocivil.siriusmarketingedesign.com.br\/?author=1"},"uagb_comment_info":0,"uagb_excerpt":"Outubro, 2018 &#8211; Parece \u00f3vio que o fato de que trabalhar em altura envolve riscos, responsabilidades, compromissos e obriga\u00e7\u00f5es para a empresa, empregadores e para o pr\u00f3prio oper\u00e1rio. No entanto nem sempre todos os envolvidos t\u00eam conhecimentos suficientes para executar essa fun\u00e7\u00e3o em seguran\u00e7a. Por isso, a partir de outubro,\u00a0 oSeconci-Rio\u00a0estar\u00e1 oferecendo o curso sobre\u00a0&#8220;Trabalho&hellip;","_links":{"self":[{"href":"https:\/\/construcaocivil.siriusmarketingedesign.com.br\/index.php?rest_route=\/wp\/v2\/posts\/10405","targetHints":{"allow":["GET"]}}],"collection":[{"href":"https:\/\/construcaocivil.siriusmarketingedesign.com.br\/index.php?rest_route=\/wp\/v2\/posts"}],"about":[{"href":"https:\/\/construcaocivil.siriusmarketingedesign.com.br\/index.php?rest_route=\/wp\/v2\/types\/post"}],"author":[{"embeddable":true,"href":"https:\/\/construcaocivil.siriusmarketingedesign.com.br\/index.php?rest_route=\/wp\/v2\/users\/1"}],"replies":[{"embeddable":true,"href":"https:\/\/construcaocivil.siriusmarketingedesign.com.br\/index.php?rest_route=%2Fwp%2Fv2%2Fcomments&post=10405"}],"version-history":[{"count":0,"href":"https:\/\/construcaocivil.siriusmarketingedesign.com.br\/index.php?rest_route=\/wp\/v2\/posts\/10405\/revisions"}],"wp:featuredmedia":[{"embeddable":true,"href":"https:\/\/construcaocivil.siriusmarketingedesign.com.br\/index.php?rest_route=\/wp\/v2\/media\/10406"}],"wp:attachment":[{"href":"https:\/\/construcaocivil.siriusmarketingedesign.com.br\/index.php?rest_route=%2Fwp%2Fv2%2Fmedia&parent=10405"}],"wp:term":[{"taxonomy":"category","embeddable":true,"href":"https:\/\/construcaocivil.siriusmarketingedesign.com.br\/index.php?rest_route=%2Fwp%2Fv2%2Fcategories&post=10405"},{"taxonomy":"post_tag","embeddable":true,"href":"https:\/\/construcaocivil.siriusmarketingedesign.com.br\/index.php?rest_route=%2Fwp%2Fv2%2Ftags&post=10405"}],"curies":[{"name":"wp","href":"https:\/\/api.w.org\/{rel}","templated":true}]}}