{"id":10444,"date":"2018-10-16T13:42:15","date_gmt":"2018-10-16T16:42:15","guid":{"rendered":"http:\/\/www.jornaldaconstrucaocivil.com.br\/?p=10444"},"modified":"2018-10-16T13:42:15","modified_gmt":"2018-10-16T16:42:15","slug":"sobratema-revelara-marcas-mais-bem-avaliadas-na-area-de-pos-vendas-no-tendencias-do-mercado-da-construcao","status":"publish","type":"post","link":"https:\/\/construcaocivil.siriusmarketingedesign.com.br\/?p=10444","title":{"rendered":"Sobratema revelar\u00e1 marcas mais bem avaliadas na \u00e1rea de p\u00f3s-vendas no Tend\u00eancias do Mercado da Constru\u00e7\u00e3o"},"content":{"rendered":"<div>\n<div>\n<p style=\"text-align: justify;\"><span style=\"color: #0000ff;\">Outubro, 2018<\/span> &#8211; O N\u00facleo Jovem da Associa\u00e7\u00e3o Brasileira de Tecnologia para Constru\u00e7\u00e3o e Minera\u00e7\u00e3o (Sobratema) ir\u00e1 relevar as marcas melhor avaliadas na pesquisa\u00a0<strong>Destaque P\u00f3s-Venda 2018<\/strong>\u00a0<strong>Sobratema<\/strong>\u00a0no dia 8 de novembro, durante o evento estrat\u00e9gico Tend\u00eancias no Mercado da Constru\u00e7\u00e3o.<\/p>\n<p style=\"text-align: justify;\">Neste ano, o profissional e a empresa usu\u00e1ria de m\u00e1quinas t\u00eam at\u00e9 o dia 25 deste m\u00eas para avaliar o desempenho de fabricantes de equipamentos em opera\u00e7\u00e3o no mercado nacional em seis quesitos: localidade e a estrutura de p\u00f3s-venda da marca, facilidade do contato inicial, qualidade no atendimento em campo, entrega t\u00e9cnica e o treinamento de opera\u00e7\u00e3o, disponibilidade de pe\u00e7as de reposi\u00e7\u00e3o e se o profissional recomenda a marca avaliada para um amigo.<\/p>\n<p style=\"text-align: justify;\">Entre as categorias analisadas est\u00e3o: perfura\u00e7\u00e3o, plataformas para PTA e empilhadeiras, terraplenagem, guindastes e gruas, e concreto (fabrica\u00e7\u00e3o, transportes e bombeamento). Para realizar a avalia\u00e7\u00e3o, basta acessar este<span style=\"color: #0000ff;\">\u00a0<a style=\"color: #0000ff;\" href=\"https:\/\/www.sobratema.org.br\/DestaquePosVenda\" target=\"_blank\" rel=\"noopener noreferrer\">link<\/a>.<\/span><\/p>\n<p style=\"text-align: justify;\">Segundo Alisson Daniel, coordenador do N\u00facleo Jovem da Sobratema, um atendimento e servi\u00e7o de p\u00f3s-vendas diferenciados proporcionam diversos benef\u00edcios para os usu\u00e1rios de m\u00e1quinas, sendo uma \u00e1rea essencial quando se trata de produtividade, efici\u00eancia e sustentabilidade. \u201cReconhecendo a import\u00e2ncia desse setor e o trabalho desenvolvido pelas marcas em todo o territ\u00f3rio nacional, o\u00a0<strong>Destaque P\u00f3s-Venda Sobratema<\/strong>\u00a0vem cumprindo seu papel, no sentido de contribuir para a evolu\u00e7\u00e3o cont\u00ednua do p\u00f3s-venda\u201d.<\/p>\n<p style=\"text-align: justify;\">O N\u00facleo Jovem da Sobratema \u00e9 formado por executivos e profissionais de construtoras, pedreiras, fabricantes de equipamentos, locadores e distribuidores e desenvolveu essa homenagem para estimular a busca pela oferta e manuten\u00e7\u00e3o da excel\u00eancia dos servi\u00e7os prestados aos clientes pelos fabricantes e distribuidores.<\/p>\n<p>Fonte: Imprensa\/<\/p>\n<\/div>\n<\/div>\n","protected":false},"excerpt":{"rendered":"<p>Outubro, 2018 &#8211; O N\u00facleo Jovem da Associa\u00e7\u00e3o Brasileira de Tecnologia para Constru\u00e7\u00e3o e Minera\u00e7\u00e3o (Sobratema) ir\u00e1 relevar as marcas melhor avaliadas na pesquisa\u00a0Destaque P\u00f3s-Venda 2018\u00a0Sobratema\u00a0no dia 8 de novembro, durante o evento estrat\u00e9gico Tend\u00eancias no Mercado da Constru\u00e7\u00e3o. Neste ano, o profissional e a empresa usu\u00e1ria de m\u00e1quinas t\u00eam at\u00e9 o dia 25 deste [&hellip;]<\/p>\n","protected":false},"author":1,"featured_media":10445,"comment_status":"open","ping_status":"open","sticky":false,"template":"","format":"standard","meta":{"_uag_custom_page_level_css":"","footnotes":""},"categories":[12591],"tags":[13900,4107,13903,13905,10679,12623,13898,13902,13904,13901,13899],"class_list":["post-10444","post","type-post","status-publish","format-standard","has-post-thumbnail","hentry","category-produtos","tag-concreto-fabricacao","tag-empilhadeiras","tag-fabricantes-de-equipamentos-para-construcao","tag-guindastes-e-gruas","tag-sao-paulo-sp","tag-sobratema","tag-tecnologia-para-construcao-e-mineracao","tag-tendencias-no-mercado-da-construcao","tag-terraplenagem","tag-transportes-e-bombeamento","tag-venda-de-pecas-e-acessorios-para-maquinas-de-construcao"],"blocksy_meta":[],"spectra_blocks_featured_image_url":{"thumbnail":{"url":"https:\/\/construcaocivil.siriusmarketingedesign.com.br\/wp-content\/uploads\/2018\/10\/AA-SOBRATEMA-destaqueposvenda2018editado-150x150.jpg","width":150,"height":150},"medium":{"url":"https:\/\/construcaocivil.siriusmarketingedesign.com.br\/wp-content\/uploads\/2018\/10\/AA-SOBRATEMA-destaqueposvenda2018editado-232x300.jpg","width":232,"height":300},"medium_large":{"url":"https:\/\/construcaocivil.siriusmarketingedesign.com.br\/wp-content\/uploads\/2018\/10\/AA-SOBRATEMA-destaqueposvenda2018editado-768x993.jpg","width":768,"height":993},"large":{"url":"https:\/\/construcaocivil.siriusmarketingedesign.com.br\/wp-content\/uploads\/2018\/10\/AA-SOBRATEMA-destaqueposvenda2018editado-792x1024.jpg","width":792,"height":1024},"full":{"url":"https:\/\/construcaocivil.siriusmarketingedesign.com.br\/wp-content\/uploads\/2018\/10\/AA-SOBRATEMA-destaqueposvenda2018editado.jpg","width":928,"height":1200}},"spectra_blocks_author_info":{"display_name":"Jornal da Constru\u00e7\u00e3o Civil","avatar_url":"https:\/\/secure.gravatar.com\/avatar\/973c9774fd44ddaceb026973c4962faa70fc512bc4c9da68e8ebb40fecee6540?s=96&d=mm&r=g","author_link":"https:\/\/construcaocivil.siriusmarketingedesign.com.br\/?author=1","description":"Desde de 2013, levando muitas informa\u00e7\u00f5es, lan\u00e7amentos e produtos de qualidade para toda cadeia produtiva da constru\u00e7\u00e3o. O Futuro da constru\u00e7\u00e3o passa por aqui,"},"uagb_featured_image_src":{"full":["https:\/\/construcaocivil.siriusmarketingedesign.com.br\/wp-content\/uploads\/2018\/10\/AA-SOBRATEMA-destaqueposvenda2018editado.jpg",928,1200,false],"thumbnail":["https:\/\/construcaocivil.siriusmarketingedesign.com.br\/wp-content\/uploads\/2018\/10\/AA-SOBRATEMA-destaqueposvenda2018editado-150x150.jpg",150,150,true],"medium":["https:\/\/construcaocivil.siriusmarketingedesign.com.br\/wp-content\/uploads\/2018\/10\/AA-SOBRATEMA-destaqueposvenda2018editado-232x300.jpg",232,300,true],"medium_large":["https:\/\/construcaocivil.siriusmarketingedesign.com.br\/wp-content\/uploads\/2018\/10\/AA-SOBRATEMA-destaqueposvenda2018editado-768x993.jpg",768,993,true],"large":["https:\/\/construcaocivil.siriusmarketingedesign.com.br\/wp-content\/uploads\/2018\/10\/AA-SOBRATEMA-destaqueposvenda2018editado-792x1024.jpg",792,1024,true],"1536x1536":["https:\/\/construcaocivil.siriusmarketingedesign.com.br\/wp-content\/uploads\/2018\/10\/AA-SOBRATEMA-destaqueposvenda2018editado.jpg",928,1200,false],"2048x2048":["https:\/\/construcaocivil.siriusmarketingedesign.com.br\/wp-content\/uploads\/2018\/10\/AA-SOBRATEMA-destaqueposvenda2018editado.jpg",928,1200,false]},"uagb_author_info":{"display_name":"Jornal da Constru\u00e7\u00e3o Civil","author_link":"https:\/\/construcaocivil.siriusmarketingedesign.com.br\/?author=1"},"uagb_comment_info":0,"uagb_excerpt":"Outubro, 2018 &#8211; O N\u00facleo Jovem da Associa\u00e7\u00e3o Brasileira de Tecnologia para Constru\u00e7\u00e3o e Minera\u00e7\u00e3o (Sobratema) ir\u00e1 relevar as marcas melhor avaliadas na pesquisa\u00a0Destaque P\u00f3s-Venda 2018\u00a0Sobratema\u00a0no dia 8 de novembro, durante o evento estrat\u00e9gico Tend\u00eancias no Mercado da Constru\u00e7\u00e3o. Neste ano, o profissional e a empresa usu\u00e1ria de m\u00e1quinas t\u00eam at\u00e9 o dia 25 deste&hellip;","_links":{"self":[{"href":"https:\/\/construcaocivil.siriusmarketingedesign.com.br\/index.php?rest_route=\/wp\/v2\/posts\/10444","targetHints":{"allow":["GET"]}}],"collection":[{"href":"https:\/\/construcaocivil.siriusmarketingedesign.com.br\/index.php?rest_route=\/wp\/v2\/posts"}],"about":[{"href":"https:\/\/construcaocivil.siriusmarketingedesign.com.br\/index.php?rest_route=\/wp\/v2\/types\/post"}],"author":[{"embeddable":true,"href":"https:\/\/construcaocivil.siriusmarketingedesign.com.br\/index.php?rest_route=\/wp\/v2\/users\/1"}],"replies":[{"embeddable":true,"href":"https:\/\/construcaocivil.siriusmarketingedesign.com.br\/index.php?rest_route=%2Fwp%2Fv2%2Fcomments&post=10444"}],"version-history":[{"count":0,"href":"https:\/\/construcaocivil.siriusmarketingedesign.com.br\/index.php?rest_route=\/wp\/v2\/posts\/10444\/revisions"}],"wp:featuredmedia":[{"embeddable":true,"href":"https:\/\/construcaocivil.siriusmarketingedesign.com.br\/index.php?rest_route=\/wp\/v2\/media\/10445"}],"wp:attachment":[{"href":"https:\/\/construcaocivil.siriusmarketingedesign.com.br\/index.php?rest_route=%2Fwp%2Fv2%2Fmedia&parent=10444"}],"wp:term":[{"taxonomy":"category","embeddable":true,"href":"https:\/\/construcaocivil.siriusmarketingedesign.com.br\/index.php?rest_route=%2Fwp%2Fv2%2Fcategories&post=10444"},{"taxonomy":"post_tag","embeddable":true,"href":"https:\/\/construcaocivil.siriusmarketingedesign.com.br\/index.php?rest_route=%2Fwp%2Fv2%2Ftags&post=10444"}],"curies":[{"name":"wp","href":"https:\/\/api.w.org\/{rel}","templated":true}]}}