{"id":10455,"date":"2018-10-17T16:10:52","date_gmt":"2018-10-17T19:10:52","guid":{"rendered":"http:\/\/www.jornaldaconstrucaocivil.com.br\/?p=10455"},"modified":"2018-10-17T21:20:04","modified_gmt":"2018-10-18T00:20:04","slug":"comperj-meu-emprego-de-volta","status":"publish","type":"post","link":"https:\/\/construcaocivil.siriusmarketingedesign.com.br\/?p=10455","title":{"rendered":"COMPERJ &#8220;meu emprego de volta&#8221;"},"content":{"rendered":"<p><em>Da Reda\u00e7\u00e3o\u00a0<\/em><\/p>\n<p style=\"text-align: justify;\"><span style=\"color: #993300;\">Rio, outubro, 2018<\/span> &#8211; Para os 30 mil trabalhadores quem sofreram com as perdas dos seus empregos durante as paralisa\u00e7\u00f5es, das obras do COMPERJ, em Itabora\u00ed-RJ, surge uma luz no final do t\u00fanel, as obras de conclus\u00e3o do complexo petroqu\u00edmico v\u00e3o voltar. Uma parceria estrat\u00e9gica assinada ontem (16\/10), pela Petrobras e a CNPC dar\u00e3o sequencia nas obras de finaliza\u00e7\u00e3o do empreendimento. Na sequencia do acordo estrat\u00e9gico feito entre as empresas, a\u00e7\u00f5es de viabilidade t\u00e9cnica do atual estado do Comperj, planejamento e investimentos necess\u00e1rios para concluir o Comperj \u00e9, tamb\u00e9m sua avalia\u00e7\u00e3o econ\u00f4mica\u00a0 foram acertados.<\/p>\n<p style=\"text-align: justify;\"><strong><span style=\"color: #800000;\">Agencia Petrobras de Not\u00edcias &#8211; Parceria<\/span><\/strong><\/p>\n<p style=\"text-align: justify;\">A parceria estrat\u00e9gica fortalecer\u00e1 os la\u00e7os entre as empresas e contribuir\u00e1 para o aprofundamento da Parceria Estrat\u00e9gica Global entre o Brasil e a China, ambos membros do grupo BRICS.<\/p>\n<p style=\"text-align: justify;\">A parceria tamb\u00e9m faz parte de um programa mais amplo da Petrobras para a revitaliza\u00e7\u00e3o de seu parque de refino e log\u00edstica do Leste. No segmento de explora\u00e7\u00e3o &amp; produ\u00e7\u00e3o, o foco da parceria ser\u00e1 a otimiza\u00e7\u00e3o do projeto de revitaliza\u00e7\u00e3o do campo de Marlim e demais projetos relacionados aos campos de Marlim Sul e Marlim Leste, visando otimizar os resultados desses campos maduros.<\/p>\n<p style=\"text-align: justify;\">Para Ivan Monteiro, presidente da Petrobras: <span style=\"color: #0000ff;\"><em>\u201cCom a assinatura do Acordo Integrado, avan\u00e7amos significativamente na parceria estrat\u00e9gica com a CNPC para concluir a refinaria do Comperj e implementar um projeto consistente para revitaliza\u00e7\u00e3o do campo de Marlim\u201d,<\/em><\/span> diz Ivan.<\/p>\n<p><strong>Empregos\u00a0<\/strong><\/p>\n<p style=\"text-align: justify;\">Na regi\u00e3o de Itabora\u00ed, o movimento de trabalhadores j\u00e1 come\u00e7ou. De acordo com o SINE local somente com o retorno da refinaria espera-se criar 8 mil vagas de empregos nos pr\u00f3ximos anos. No momento atual, apenas 700 vagas de empregos foram criadas.<\/p>\n<p><strong>Vagas de emprego em Itabora\u00ed<\/strong><\/p>\n<p><span style=\"color: #993300;\">O Sine de Itabora\u00ed fica localizado na Pra\u00e7a Marechal Floriano Peixoto, s\/n\u00ba, Centro. Hor\u00e1rio de funcionamento, de segunda a sexta-feira, das 8h \u00e0s 17h.<\/span><\/p>\n<p><strong>Confira os pr\u00e9-requisitos:<\/strong><\/p>\n<p><strong><span style=\"color: #0000ff;\"><span style=\"color: #000000;\">Motorista de Caminh\u00e3o Pipa (1 vaga)<\/span> \u2013 Ensino Fundamental, CNH D;<\/span><\/strong><\/p>\n<p><strong><span style=\"color: #0000ff;\"><span style=\"color: #000000;\">Motorista de Carreta Prancha (1 vaga)<\/span> \u2013 CNH E;<\/span><\/strong><\/p>\n<p><strong><span style=\"color: #0000ff;\"><span style=\"color: #000000;\">Operador de Escavadeira (1 vaga)<\/span> \u2013 Ensino Fundamental, Curso de Opera\u00e7\u00e3o de Escadeira, experi\u00eancia de 1 ano, CNH D;<\/span><\/strong><\/p>\n<p><strong><span style=\"color: #0000ff;\"><span style=\"color: #000000;\">Operador de Motoniveladora<\/span> &#8211; Patrol (1 vaga) \u2013 Ensino Fundamental, Curso de Opera\u00e7\u00e3o de Motoniveladora, CNH D;<\/span><\/strong><\/p>\n<p><strong><span style=\"color: #0000ff;\"><span style=\"color: #000000;\">Operador de P\u00e1 Carregadeira (1 vaga)<\/span> \u2013 Ensino Fundamental, Curso de Opera\u00e7\u00e3o de P\u00e1 Carregadeira, experi\u00eancia de 1 ano, CNH D;<\/span><\/strong><\/p>\n<p><strong><span style=\"color: #0000ff;\"><span style=\"color: #000000;\">Operador de Plataforma Articulada (1 vaga)<\/span> \u2013 Ensino Fundamental, Curso de Plataforma Articulada, Experi\u00eancia de 1 ano, CNH E;<\/span><\/strong><\/p>\n<p><strong><span style=\"color: #0000ff;\"><span style=\"color: #000000;\">Operador de Rolo Compactador (2 vagas)<\/span> \u2013 Ensino Fundamental, Curso de Opera\u00e7\u00e3o de Compactador, experi\u00eancia de 1 ano, CNH D;<\/span><\/strong><\/p>\n<p><strong><span style=\"color: #0000ff;\"><span style=\"color: #000000;\">Operador de Trator Agr\u00edcola (1 vaga)<\/span> \u2013 Ensino Fundamental, Curso de Opera\u00e7\u00e3o de Trator Agr\u00edcola, experi\u00eancia de 1 ano, CNH D;<\/span><\/strong><\/p>\n<p><strong><span style=\"color: #0000ff;\"><span style=\"color: #000000;\">Operador de Trator Esteira (1 vaga)<\/span> \u2013 Ensino Fundamental, Curso de Opera\u00e7\u00e3o de Trator Esteira, experi\u00eancia de 1 ano, CNH D;<\/span><\/strong><\/p>\n<p><strong><span style=\"color: #0000ff;\"><span style=\"color: #000000;\">Top\u00f3grafo (1 vaga)<\/span> \u2013 Ensino M\u00e9dio Completo, experi\u00eancia de 2 anos;<\/span><\/strong><\/p>\n<p><strong><span style=\"color: #0000ff;\"><span style=\"color: #000000;\">Auxiliar de Topografia (1 vaga)<\/span> \u2013 Ensino M\u00e9dio Completo, experi\u00eancia de 2 anos;<\/span><\/strong><\/p>\n<p><strong><span style=\"color: #0000ff;\"><span style=\"color: #000000;\">Motorista de Caminh\u00e3o Basculante (3 vagas)<\/span> \u2013 Ensino Fundamental, CNH D;<\/span><\/strong><\/p>\n<p><strong><span style=\"color: #0000ff;\"><span style=\"color: #000000;\">Apontador (1 vaga)<\/span> \u2013 Ensino M\u00e9dio Completo, experi\u00eancia de 2 anos;<\/span><\/strong><\/p>\n<p><strong><span style=\"color: #0000ff;\"><span style=\"color: #000000;\">Almoxarife (1 vaga)<\/span> \u2013 Ensino M\u00e9dio Completo, curdo Pacote Office, experi\u00eancia de 2 anos;<\/span><\/strong><\/p>\n<p><strong><span style=\"color: #0000ff;\"><span style=\"color: #000000;\">Servente de Obras (11 vagas)<\/span> \u2013 Ensino Fundamental, experi\u00eancia de 2 anos.<\/span><\/strong><\/p>\n<p style=\"text-align: justify;\"><span style=\"color: #ff0000;\"><strong>Importante:\u00a0<\/strong><\/span><\/p>\n<p style=\"text-align: justify;\"><span style=\"color: #993300;\">Todas as vagas s\u00e3o para o sexo masculino, moradores de Itabora\u00ed, com experi\u00eancia comprovada em carteira.<\/span><span style=\"color: #993300;\">Para se candidatar basta ir \u00e0 unidade levando as seguintes documenta\u00e7\u00f5es: carteira de trabalho; comprovante de resid\u00eancia com o CEP atualizado; PIS ou cart\u00e3o cidad\u00e3o. J\u00e1 para o primeiro cadastro, a documenta\u00e7\u00e3o \u00e9: carteira de trabalho; RG; CPF; comprovante de resid\u00eancia com o CEP atualizado; PIS ou cart\u00e3o cidad\u00e3o.<\/span><\/p>\n<p>Fontes: Ascom\/ Prefeitura de Itabora\u00ed \/ Agencia Petrobras de Not\u00edcias<\/p>\n<p style=\"text-align: justify;\">\n","protected":false},"excerpt":{"rendered":"<p>Ap\u00f3s 04 anos de paralisa\u00e7\u00e3o por causa da Lava Jato, queda do pre\u00e7o do barril do petr\u00f3leo e crise pol\u00edtica no pa\u00eds, o Complexo Petroqu\u00edmico da Petrobras &#8211; COMPERJ est\u00e1 de volta com parcerias entre a PETROBRAS e a chinesa CNPC.  <\/p>\n","protected":false},"author":1,"featured_media":9713,"comment_status":"open","ping_status":"open","sticky":false,"template":"","format":"standard","meta":{"_uag_custom_page_level_css":"","footnotes":""},"categories":[27],"tags":[13925,1597,13923,13924,13921,13916,13922,3856,4019,13917,8859,9215,13919,13918,13920],"class_list":["post-10455","post","type-post","status-publish","format-standard","has-post-thumbnail","hentry","category-acontece","tag-haddad13","tag-brics","tag-campos-de-marlim-sul-e-marlim-leste","tag-china-national-oil-and-gas-exploration","tag-cnpc-empresa-chinesa-de-petroleo","tag-comperj-meu-emprego-de-volta","tag-construcao-e-energia","tag-economia","tag-eleicoes-2018","tag-geracao-de-8-mil-empregos","tag-petrobras","tag-pre-sal","tag-refinaria-e-derivados","tag-sine-itaborai","tag-vagas-de-emprego"],"blocksy_meta":[],"spectra_blocks_featured_image_url":{"thumbnail":{"url":"https:\/\/construcaocivil.siriusmarketingedesign.com.br\/wp-content\/uploads\/2018\/05\/Desemprego-150x150.jpg","width":150,"height":150},"medium":{"url":"https:\/\/construcaocivil.siriusmarketingedesign.com.br\/wp-content\/uploads\/2018\/05\/Desemprego-300x225.jpg","width":300,"height":225},"medium_large":{"url":"https:\/\/construcaocivil.siriusmarketingedesign.com.br\/wp-content\/uploads\/2018\/05\/Desemprego-768x576.jpg","width":768,"height":576},"large":{"url":"https:\/\/construcaocivil.siriusmarketingedesign.com.br\/wp-content\/uploads\/2018\/05\/Desemprego.jpg","width":768,"height":576},"full":{"url":"https:\/\/construcaocivil.siriusmarketingedesign.com.br\/wp-content\/uploads\/2018\/05\/Desemprego.jpg","width":768,"height":576}},"spectra_blocks_author_info":{"display_name":"Jornal da Constru\u00e7\u00e3o Civil","avatar_url":"https:\/\/secure.gravatar.com\/avatar\/973c9774fd44ddaceb026973c4962faa70fc512bc4c9da68e8ebb40fecee6540?s=96&d=mm&r=g","author_link":"https:\/\/construcaocivil.siriusmarketingedesign.com.br\/?author=1","description":"Desde de 2013, levando muitas informa\u00e7\u00f5es, lan\u00e7amentos e produtos de qualidade para toda cadeia produtiva da constru\u00e7\u00e3o. O Futuro da constru\u00e7\u00e3o passa por aqui,"},"uagb_featured_image_src":{"full":["https:\/\/construcaocivil.siriusmarketingedesign.com.br\/wp-content\/uploads\/2018\/05\/Desemprego.jpg",768,576,false],"thumbnail":["https:\/\/construcaocivil.siriusmarketingedesign.com.br\/wp-content\/uploads\/2018\/05\/Desemprego-150x150.jpg",150,150,true],"medium":["https:\/\/construcaocivil.siriusmarketingedesign.com.br\/wp-content\/uploads\/2018\/05\/Desemprego-300x225.jpg",300,225,true],"medium_large":["https:\/\/construcaocivil.siriusmarketingedesign.com.br\/wp-content\/uploads\/2018\/05\/Desemprego-768x576.jpg",768,576,true],"large":["https:\/\/construcaocivil.siriusmarketingedesign.com.br\/wp-content\/uploads\/2018\/05\/Desemprego.jpg",768,576,false],"1536x1536":["https:\/\/construcaocivil.siriusmarketingedesign.com.br\/wp-content\/uploads\/2018\/05\/Desemprego.jpg",768,576,false],"2048x2048":["https:\/\/construcaocivil.siriusmarketingedesign.com.br\/wp-content\/uploads\/2018\/05\/Desemprego.jpg",768,576,false]},"uagb_author_info":{"display_name":"Jornal da Constru\u00e7\u00e3o Civil","author_link":"https:\/\/construcaocivil.siriusmarketingedesign.com.br\/?author=1"},"uagb_comment_info":0,"uagb_excerpt":"Ap\u00f3s 04 anos de paralisa\u00e7\u00e3o por causa da Lava Jato, queda do pre\u00e7o do barril do petr\u00f3leo e crise pol\u00edtica no pa\u00eds, o Complexo Petroqu\u00edmico da Petrobras - COMPERJ est\u00e1 de volta com parcerias entre a PETROBRAS e a chinesa CNPC.","_links":{"self":[{"href":"https:\/\/construcaocivil.siriusmarketingedesign.com.br\/index.php?rest_route=\/wp\/v2\/posts\/10455","targetHints":{"allow":["GET"]}}],"collection":[{"href":"https:\/\/construcaocivil.siriusmarketingedesign.com.br\/index.php?rest_route=\/wp\/v2\/posts"}],"about":[{"href":"https:\/\/construcaocivil.siriusmarketingedesign.com.br\/index.php?rest_route=\/wp\/v2\/types\/post"}],"author":[{"embeddable":true,"href":"https:\/\/construcaocivil.siriusmarketingedesign.com.br\/index.php?rest_route=\/wp\/v2\/users\/1"}],"replies":[{"embeddable":true,"href":"https:\/\/construcaocivil.siriusmarketingedesign.com.br\/index.php?rest_route=%2Fwp%2Fv2%2Fcomments&post=10455"}],"version-history":[{"count":0,"href":"https:\/\/construcaocivil.siriusmarketingedesign.com.br\/index.php?rest_route=\/wp\/v2\/posts\/10455\/revisions"}],"wp:featuredmedia":[{"embeddable":true,"href":"https:\/\/construcaocivil.siriusmarketingedesign.com.br\/index.php?rest_route=\/wp\/v2\/media\/9713"}],"wp:attachment":[{"href":"https:\/\/construcaocivil.siriusmarketingedesign.com.br\/index.php?rest_route=%2Fwp%2Fv2%2Fmedia&parent=10455"}],"wp:term":[{"taxonomy":"category","embeddable":true,"href":"https:\/\/construcaocivil.siriusmarketingedesign.com.br\/index.php?rest_route=%2Fwp%2Fv2%2Fcategories&post=10455"},{"taxonomy":"post_tag","embeddable":true,"href":"https:\/\/construcaocivil.siriusmarketingedesign.com.br\/index.php?rest_route=%2Fwp%2Fv2%2Ftags&post=10455"}],"curies":[{"name":"wp","href":"https:\/\/api.w.org\/{rel}","templated":true}]}}