{"id":10460,"date":"2018-10-18T14:51:11","date_gmt":"2018-10-18T17:51:11","guid":{"rendered":"http:\/\/www.jornaldaconstrucaocivil.com.br\/?p=10460"},"modified":"2018-10-18T14:51:11","modified_gmt":"2018-10-18T17:51:11","slug":"camara-brasil-alemanha-discute-tendencias-inovadoras-e-tecnologicas","status":"publish","type":"post","link":"https:\/\/construcaocivil.siriusmarketingedesign.com.br\/?p=10460","title":{"rendered":"C\u00e2mara Brasil-Alemanha discute tend\u00eancias inovadoras e tecnol\u00f3gicas"},"content":{"rendered":"<p style=\"font-weight: 400; text-align: justify;\"><span style=\"color: #993300;\">Outubro, 2018<\/span> &#8211; Durante os dias 27 e 28 de setembro a C\u00e2mara Brasil-Alemanha (AHK S\u00e3o Paulo), por meio de seu departamento de Inova\u00e7\u00e3o e Tecnologia, promoveu a 6\u00aa edi\u00e7\u00e3o do Congresso Brasil-Alemanha de Inova\u00e7\u00e3o na Investe SP. O objetivo do evento foi promover o interc\u00e2mbio tecnol\u00f3gico e de know-how entre o Brasil e a Alemanha, pa\u00eds que cunhou o conceito de Ind\u00fastria 4.0, al\u00e9m de fomentar a cultura de inova\u00e7\u00e3o dentro das empresas.<\/p>\n<p style=\"font-weight: 400; text-align: justify;\">Tom Maes, Vice-Presidente da C\u00e2mara Brasil-Alemanha e Senior Director Sales South America da Lufthansa resumiu a atmosfera de troca de experi\u00eancias do evento: \u201c\u00c9 fato: n\u00e3o se faz inova\u00e7\u00e3o sozinho\u201d.\u00a0 Assim, por meio de uma grade de palestras com altos executivos, autoridades e representantes da \u00e1rea acad\u00eamica, bem como por meio de exposi\u00e7\u00f5es sobre Digitaliza\u00e7\u00e3o e Mobilidade Urbana Sustent\u00e1vel, participantes puderam se informar sobre as tend\u00eancias de diversos setores e discutir solu\u00e7\u00f5es com empresas e startups.<\/p>\n<figure id=\"attachment_10472\" aria-describedby=\"caption-attachment-10472\" style=\"width: 300px\" class=\"wp-caption alignleft\"><img loading=\"lazy\" decoding=\"async\" class=\"size-medium wp-image-10472\" src=\"http:\/\/www.jornaldaconstrucaocivil.com.br\/wp-content\/uploads\/2018\/10\/CBAI-1-300x199.jpg\" alt=\"\" width=\"300\" height=\"199\" srcset=\"https:\/\/construcaocivil.siriusmarketingedesign.com.br\/wp-content\/uploads\/2018\/10\/CBAI-1-300x199.jpg 300w, https:\/\/construcaocivil.siriusmarketingedesign.com.br\/wp-content\/uploads\/2018\/10\/CBAI-1-768x510.jpg 768w, https:\/\/construcaocivil.siriusmarketingedesign.com.br\/wp-content\/uploads\/2018\/10\/CBAI-1-450x300.jpg 450w, https:\/\/construcaocivil.siriusmarketingedesign.com.br\/wp-content\/uploads\/2018\/10\/CBAI-1.jpg 960w\" sizes=\"auto, (max-width: 300px) 100vw, 300px\" \/><figcaption id=\"caption-attachment-10472\" class=\"wp-caption-text\"><span style=\"color: #0000ff;\">&#8220;Se a Ind\u00fastria 4.0 ainda n\u00e3o faz parte da sua empresa, este Congresso \u00e9 um \u00f3timo momento para tornar isso poss\u00edvel!&#8221;, Bruno Vath Zarpellon, Diretor de Inova\u00e7\u00e3o e Tecnologia da C\u00e2mara Brasil-Alemanha.<\/span> Divulga\u00e7\u00e3o<\/figcaption><\/figure>\n<p style=\"font-weight: 400; text-align: justify;\">\u201cO Congresso apresenta temas relevantes e tend\u00eancias inovadoras para o Brasil e para a Alemanha. \u00c9 um dos mais importantes eventos brasileiros na \u00e1rea de inova\u00e7\u00e3o e tecnologia.\u201d afirmou Dr. Georg Witschel, Embaixador da Alemanha no Brasil.<\/p>\n<p style=\"font-weight: 400; text-align: justify;\">Os pain\u00e9is abordaram assuntos relevantes para o cen\u00e1rio da inova\u00e7\u00e3o no Brasil. Estrat\u00e9gias Nacionais para a Ind\u00fastria 4.0; reflexos da digitaliza\u00e7\u00e3o em pa\u00edses emergentes; a inova\u00e7\u00e3o no empreendedorismo social, assim como o impacto das novas tecnologias no ambiente de trabalho foram alguns dos temas que ocuparam o primeiro dia do Congresso.<\/p>\n<p style=\"font-weight: 400; text-align: justify;\">Sobre o come\u00e7o do processo de inova\u00e7\u00e3o em uma empresa Antonio Lacerda, Presidente do Comit\u00ea de Inova\u00e7\u00e3o da C\u00e2mara e Vice-Presidente S\u00eanior de Qu\u00edmicos, Produtos de Performance e Sustentabilidade da BASF, afirmou que a companhia tinha dificuldades para desenvolver alguns projetos na Am\u00e9rica do Sul, \u201cmas por meio da inova\u00e7\u00e3o estamos quebrando esse paradigma e promovendo solu\u00e7\u00f5es vi\u00e1veis\u201d.<\/p>\n<p style=\"font-weight: 400; text-align: justify;\">Em geral, \u00e9 a necessidade que se torna o canal de entrada para a inova\u00e7\u00e3o nas empresas. Apesar de ser um caminho mais doloroso, \u00e9 o meio como muitas companhias t\u00eam acrescentado tend\u00eancias tecnol\u00f3gicas aos seus servi\u00e7os e produtos.<\/p>\n<figure id=\"attachment_10473\" aria-describedby=\"caption-attachment-10473\" style=\"width: 300px\" class=\"wp-caption alignright\"><img loading=\"lazy\" decoding=\"async\" class=\"size-medium wp-image-10473\" src=\"http:\/\/www.jornaldaconstrucaocivil.com.br\/wp-content\/uploads\/2018\/10\/CBAI-2-300x200.jpg\" alt=\"\" width=\"300\" height=\"200\" \/><figcaption id=\"caption-attachment-10473\" class=\"wp-caption-text\"><span style=\"color: #0000ff;\">Dr. Wolfram Anders, Presidente da C\u00e2mara Brasil-Alemanha, abriu o evento e ressaltou: &#8220;N\u00f3s entendemos que \u00e9 necess\u00e1ria uma cultura interna inovadora e processos alinhados \u00e0s mais recentes tecnologias. S\u00f3 assim nossas empresas podem tomar posi\u00e7\u00f5es de lideran\u00e7a em seus neg\u00f3cios.&#8221;Divulga\u00e7\u00e3o<\/span><\/figcaption><\/figure>\n<p style=\"font-weight: 400; text-align: justify;\">Juntamente \u00e0 implementa\u00e7\u00e3o dessas novidades, \u00e9 essencial voltar o olhar tamb\u00e9m \u00e0 forma\u00e7\u00e3o de recursos humanos que acompanhem essas transforma\u00e7\u00f5es. \u201cA atual gera\u00e7\u00e3o \u00e9 muito diferente da antiga. Uma crian\u00e7a da nova gera\u00e7\u00e3o manuseia com mais facilidade um aparelho celular. Essa juventude atual vai trabalhar com muito mais prazer do que com dificuldades em rela\u00e7\u00e3o \u00e0 tecnologia.\u201d, ressaltou Prof. Dr. Carlos Eduardo Pereira, Diretor de Opera\u00e7\u00f5es da Embrapii e Chairman do BRAGECRIM (Brazilian-German Collaborative Research Initiative on Smart Connected Manufacturing).<\/p>\n<p style=\"font-weight: 400; text-align: justify;\">Entretanto, h\u00e1 empresas para as quais desenvolver Ind\u00fastria 4.0 parece ser invi\u00e1vel, uma vez que afirmam n\u00e3o possu\u00edrem recursos suficientes ou estarem passando por momentos de crise.\u00a0 Mas segundo Pereira, companhias deveriam aproveitar esses momentos para se reinventar e enxergar a tecnologia como uma \u00f3tima aliada.<\/p>\n<p style=\"font-weight: 400; text-align: justify;\">\u201cA tend\u00eancia \u00e9 que todos precisem, at\u00e9 por quest\u00e3o de sobreviv\u00eancia, avan\u00e7ar ainda que a longo prazo. As atividades da cadeia produtiva como um todo ser\u00e3o impactadas pela implementa\u00e7\u00e3o da Ind\u00fastria 4.0. Quem n\u00e3o estiver capacitado para se comunicar com esses processos ser\u00e1 inevitavelmente exclu\u00eddo\u201d, complementou Jo\u00e3o Em\u00edlio Gon\u00e7alves, Gerente Executivo de Pol\u00edtica Industrial na Confedera\u00e7\u00e3o Nacional da Ind\u00fastria (CNI).<\/p>\n<p style=\"font-weight: 400; text-align: justify;\">O primeiro dia do Congresso teve seu encerramento com a premia\u00e7\u00e3o das startups vencedoras do Pr\u00eamio Startups Connected. A 3\u00aa edi\u00e7\u00e3o recebeu 250 inscri\u00e7\u00f5es para os 10 desafios promovidos por grandes nomes alem\u00e3es, que s\u00e3o: \u201cAgricultura Sustent\u00e1vel\u201d, da Bayer; \u201cAssocia\u00e7\u00e3o Digital\u201d, da C\u00e2mara Brasil-Alemanha; \u201cCrescimento Populacional\u201d, da BASF; \u201cExcel\u00eancia Industrial\u201d, da Schuler; \u201cGera\u00e7\u00e3o Hidroel\u00e9trica Inteligente\u201d, da Voith Hydro; \u201cGerenciamento Energ\u00e9tico Residencial\u201d, da Siemens; \u201cMobilidade Conectada\u201d, da Volkswagen; \u201cMobilidade Urbana\u201d, do Minist\u00e9rio Alem\u00e3o de Meio Ambiente (BMU); e \u201cPapel e Celulose\u201d, da Voith Paper. O Centro Alem\u00e3o de Ci\u00eancia e Inova\u00e7\u00e3o (DWIH S\u00e3o Paulo) promoveu a categoria \u201cAlemanha\u201d, voltada a startups alem\u00e3s.<\/p>\n<p style=\"font-weight: 400; text-align: justify;\">Adicionalmente, duas startups foram beneficiadas com uma viagem de neg\u00f3cios para a Alemanha, oferecida pelo DWIH S\u00e3o Paulo com apoio da Lufthansa. Para conhecer os vencedores e saber mais sobre a iniciativa Startup Connected,\u00a0<a href=\"http:\/\/www.brasilalemanhanews.com.br\/inovacao\/grandes-empresas-alemas-premiam-startups-em-congresso-de-inovacao\/\">clique aqui<\/a>.<\/p>\n<p style=\"font-weight: 400; text-align: justify;\">A manh\u00e3 do segundo dia do Congresso foi dedicada \u00e0 discuss\u00e3o dos temas de User Experience, Log\u00edstica 4.0 e Cidades Inteligentes. Em rela\u00e7\u00e3o \u00e0 experi\u00eancia de usu\u00e1rio, Maes relembrou a famosa frase de Michael Dahmen \u201cContent is king, context is king kong\u201d, ao apresentar os principais erros em rela\u00e7\u00e3o \u00e0 comunica\u00e7\u00e3o e intera\u00e7\u00e3o de marcas com usu\u00e1rios.<\/p>\n<p style=\"font-weight: 400; text-align: justify;\">Todos os pain\u00e9is do evento contaram com uma pesquisa simult\u00e2nea realizada por meio da plataforma slido.com, que, a partir dos votos do p\u00fablico, evidenciaram os seguintes pontos:<\/p>\n<p style=\"font-weight: 400; text-align: justify;\">Segundo 25% dos participantes do Congresso, combust\u00edveis menos poluentes (ex. combust\u00edveis sint\u00e9ticos) t\u00eam mais chance de serem bem-sucedidos no Brasil em rela\u00e7\u00e3o a carros el\u00e9tricos, bicicletas e carros compartilhados e ve\u00edculos el\u00e9tricos alternativos.<\/p>\n<p style=\"font-weight: 400; text-align: justify;\">65% do p\u00fablico do evento j\u00e1 explora possibilidades de agregar valor aos seus produtos ou servi\u00e7os por meio da digitaliza\u00e7\u00e3o.<\/p>\n<p style=\"font-weight: 400; text-align: justify;\">Quando perguntados sobre a aplica\u00e7\u00e3o da Ind\u00fastria 4.0 em suas empresas 36% dos participantes dizem j\u00e1 tratar de assuntos relacionados \u00e0 4\u00aa Revolu\u00e7\u00e3o Industrial, mas que ainda n\u00e3o t\u00eam uma estrat\u00e9gia ligada ao assunto. 19% ainda n\u00e3o come\u00e7aram a abordar o assunto.<\/p>\n<p style=\"font-weight: 400; text-align: justify;\">Diferente de suas \u00faltimas edi\u00e7\u00f5es, o Congresso tamb\u00e9m se transformou em um evento de dois dias, trazendo novidades como food trucks, espa\u00e7o de networking e mais conte\u00fado.<\/p>\n<p style=\"font-weight: 400; text-align: justify;\">Em paralelo aos pain\u00e9is, visitantes do Congresso puderam prestigiar institui\u00e7\u00f5es como Bosch, Siemens, Itaipu Binacional, SENAI, entre outras, na exposi\u00e7\u00e3o sobre Mobilidade Urbana Sustent\u00e1vel, que apresentou projetos que contribuem para a dissemina\u00e7\u00e3o do tema no Brasil. A a\u00e7\u00e3o faz parte da \u201c<em>Exportinitiative Umwelttechnologien<\/em>\u201d (Iniciativa de Exporta\u00e7\u00e3o de Tecnologias Ambientais, em tradu\u00e7\u00e3o livre) do Minist\u00e9rio Alem\u00e3o de Meio Ambiente (BMU), cujo objetivo \u00e9 contribuir concretamente para o desenvolvimento sustent\u00e1vel e as condi\u00e7\u00f5es de vida em outros pa\u00edses.<\/p>\n<p style=\"font-weight: 400; text-align: justify;\">O Espa\u00e7o de Networking Brasil-Alemanha, tamb\u00e9m in\u00e9dito no evento, contou com dois grupos \u00e2ncoras, com os quais os participantes do Congresso podiam agendar reuni\u00f5es: as startups finalistas do Pr\u00eamio Startups Connected e atores do ecossistema Brasil-Alemanha de inova\u00e7\u00e3o. Ao todo foram viabilizadas cerca de 100 reuni\u00f5es.<\/p>\n<p style=\"font-weight: 400; text-align: justify;\">O VI Congresso Brasil-Alemanha de Inova\u00e7\u00e3o contou com o patroc\u00ednio das empresas BASF, Bayer, Bosch e Siemens e apoio do Centro Alem\u00e3o de Ci\u00eancia e Inova\u00e7\u00e3o \u2013 S\u00e3o Paulo (DWIH).<\/p>\n<p>Fonte: Imprensa\/AHK &#8211; S\u00e3o Paulo &#8211; C\u00e2mara Brasil-Alemanha<\/p>\n<p style=\"font-weight: 400; text-align: justify;\">\n","protected":false},"excerpt":{"rendered":"<p>Outubro, 2018 &#8211; Durante os dias 27 e 28 de setembro a C\u00e2mara Brasil-Alemanha (AHK S\u00e3o Paulo), por meio de seu departamento de Inova\u00e7\u00e3o e Tecnologia, promoveu a 6\u00aa edi\u00e7\u00e3o do Congresso Brasil-Alemanha de Inova\u00e7\u00e3o na Investe SP. O objetivo do evento foi promover o interc\u00e2mbio tecnol\u00f3gico e de know-how entre o Brasil e a [&hellip;]<\/p>\n","protected":false},"author":1,"featured_media":10471,"comment_status":"open","ping_status":"open","sticky":false,"template":"","format":"standard","meta":{"_uag_custom_page_level_css":"","footnotes":""},"categories":[27],"tags":[13946,13947,1706,6017,13945,13948,13949,13950,13944],"class_list":["post-10460","post","type-post","status-publish","format-standard","has-post-thumbnail","hentry","category-acontece","tag-agricultura-sustentavel","tag-ahk-sao-paulo","tag-camara-brasil-alemanha","tag-industria-4-0","tag-mobilidade-conectada","tag-mobilidade-urbana-sustentavel","tag-tecnologia-e-investimentos-acessiveis-ao-mercado","tag-troca-de-tecnologia-entre-alemanha-e-brasil-cresce","tag-vi-congresso-brasil-alemanha-de-inovacao"],"blocksy_meta":[],"spectra_blocks_featured_image_url":{"thumbnail":{"url":"https:\/\/construcaocivil.siriusmarketingedesign.com.br\/wp-content\/uploads\/2018\/10\/CBAI-3-150x150.jpg","width":150,"height":150},"medium":{"url":"https:\/\/construcaocivil.siriusmarketingedesign.com.br\/wp-content\/uploads\/2018\/10\/CBAI-3-300x200.jpg","width":300,"height":200},"medium_large":{"url":"https:\/\/construcaocivil.siriusmarketingedesign.com.br\/wp-content\/uploads\/2018\/10\/CBAI-3-768x511.jpg","width":768,"height":511},"large":{"url":"https:\/\/construcaocivil.siriusmarketingedesign.com.br\/wp-content\/uploads\/2018\/10\/CBAI-3-1024x681.jpg","width":1024,"height":681},"full":{"url":"https:\/\/construcaocivil.siriusmarketingedesign.com.br\/wp-content\/uploads\/2018\/10\/CBAI-3-e1539884224362.jpg","width":900,"height":599}},"spectra_blocks_author_info":{"display_name":"Jornal da Constru\u00e7\u00e3o Civil","avatar_url":"https:\/\/secure.gravatar.com\/avatar\/973c9774fd44ddaceb026973c4962faa70fc512bc4c9da68e8ebb40fecee6540?s=96&d=mm&r=g","author_link":"https:\/\/construcaocivil.siriusmarketingedesign.com.br\/?author=1","description":"Desde de 2013, levando muitas informa\u00e7\u00f5es, lan\u00e7amentos e produtos de qualidade para toda cadeia produtiva da constru\u00e7\u00e3o. O Futuro da constru\u00e7\u00e3o passa por aqui,"},"uagb_featured_image_src":{"full":["https:\/\/construcaocivil.siriusmarketingedesign.com.br\/wp-content\/uploads\/2018\/10\/CBAI-3-e1539884224362.jpg",900,599,false],"thumbnail":["https:\/\/construcaocivil.siriusmarketingedesign.com.br\/wp-content\/uploads\/2018\/10\/CBAI-3-150x150.jpg",150,150,true],"medium":["https:\/\/construcaocivil.siriusmarketingedesign.com.br\/wp-content\/uploads\/2018\/10\/CBAI-3-300x200.jpg",300,200,true],"medium_large":["https:\/\/construcaocivil.siriusmarketingedesign.com.br\/wp-content\/uploads\/2018\/10\/CBAI-3-768x511.jpg",768,511,true],"large":["https:\/\/construcaocivil.siriusmarketingedesign.com.br\/wp-content\/uploads\/2018\/10\/CBAI-3-1024x681.jpg",1024,681,true],"1536x1536":["https:\/\/construcaocivil.siriusmarketingedesign.com.br\/wp-content\/uploads\/2018\/10\/CBAI-3-e1539884224362.jpg",900,599,false],"2048x2048":["https:\/\/construcaocivil.siriusmarketingedesign.com.br\/wp-content\/uploads\/2018\/10\/CBAI-3-e1539884224362.jpg",900,599,false]},"uagb_author_info":{"display_name":"Jornal da Constru\u00e7\u00e3o Civil","author_link":"https:\/\/construcaocivil.siriusmarketingedesign.com.br\/?author=1"},"uagb_comment_info":0,"uagb_excerpt":"Outubro, 2018 &#8211; Durante os dias 27 e 28 de setembro a C\u00e2mara Brasil-Alemanha (AHK S\u00e3o Paulo), por meio de seu departamento de Inova\u00e7\u00e3o e Tecnologia, promoveu a 6\u00aa edi\u00e7\u00e3o do Congresso Brasil-Alemanha de Inova\u00e7\u00e3o na Investe SP. O objetivo do evento foi promover o interc\u00e2mbio tecnol\u00f3gico e de know-how entre o Brasil e a&hellip;","_links":{"self":[{"href":"https:\/\/construcaocivil.siriusmarketingedesign.com.br\/index.php?rest_route=\/wp\/v2\/posts\/10460","targetHints":{"allow":["GET"]}}],"collection":[{"href":"https:\/\/construcaocivil.siriusmarketingedesign.com.br\/index.php?rest_route=\/wp\/v2\/posts"}],"about":[{"href":"https:\/\/construcaocivil.siriusmarketingedesign.com.br\/index.php?rest_route=\/wp\/v2\/types\/post"}],"author":[{"embeddable":true,"href":"https:\/\/construcaocivil.siriusmarketingedesign.com.br\/index.php?rest_route=\/wp\/v2\/users\/1"}],"replies":[{"embeddable":true,"href":"https:\/\/construcaocivil.siriusmarketingedesign.com.br\/index.php?rest_route=%2Fwp%2Fv2%2Fcomments&post=10460"}],"version-history":[{"count":0,"href":"https:\/\/construcaocivil.siriusmarketingedesign.com.br\/index.php?rest_route=\/wp\/v2\/posts\/10460\/revisions"}],"wp:featuredmedia":[{"embeddable":true,"href":"https:\/\/construcaocivil.siriusmarketingedesign.com.br\/index.php?rest_route=\/wp\/v2\/media\/10471"}],"wp:attachment":[{"href":"https:\/\/construcaocivil.siriusmarketingedesign.com.br\/index.php?rest_route=%2Fwp%2Fv2%2Fmedia&parent=10460"}],"wp:term":[{"taxonomy":"category","embeddable":true,"href":"https:\/\/construcaocivil.siriusmarketingedesign.com.br\/index.php?rest_route=%2Fwp%2Fv2%2Fcategories&post=10460"},{"taxonomy":"post_tag","embeddable":true,"href":"https:\/\/construcaocivil.siriusmarketingedesign.com.br\/index.php?rest_route=%2Fwp%2Fv2%2Ftags&post=10460"}],"curies":[{"name":"wp","href":"https:\/\/api.w.org\/{rel}","templated":true}]}}