{"id":10478,"date":"2018-10-19T14:56:44","date_gmt":"2018-10-19T17:56:44","guid":{"rendered":"http:\/\/www.jornaldaconstrucaocivil.com.br\/?p=10478"},"modified":"2018-10-19T14:59:47","modified_gmt":"2018-10-19T17:59:47","slug":"seminario-sobre-licenciamento-ambiental-vai-abrir-semana-tematica-do-iphan","status":"publish","type":"post","link":"https:\/\/construcaocivil.siriusmarketingedesign.com.br\/?p=10478","title":{"rendered":"Semin\u00e1rio sobre Licenciamento Ambiental vai abrir Semana tem\u00e1tica do Iphan"},"content":{"rendered":"<p class=\"m_-7492050917100954193AlignJustify\" style=\"text-align: justify;\"><span style=\"color: #993300;\">Outubro, 2018<\/span> &#8211; A participa\u00e7\u00e3o do Iphan no Licenciamento Ambiental ser\u00e1 debatida entre profissionais da \u00e1rea, \u00f3rg\u00e3os especializados, representantes do setor produtivo e da sociedade. Nos dias 22 e 23 de outubro, na programa\u00e7\u00e3o da\u00a0<em>Semana do Licenciamento Ambiental e Gest\u00e3o do Patrim\u00f4nio Arqueol\u00f3gico<\/em>, est\u00e1 o semin\u00e1rio O<em>\u00a0Iphan no Licenciamento Ambiental: Di\u00e1logos e Perspectivas Jur\u00eddicas<\/em>.<\/p>\n<p class=\"m_-7492050917100954193AlignJustify\" style=\"text-align: justify;\">Organizado pelo Iphan, por meio da\u00a0<span style=\"color: #0000ff;\"><a style=\"color: #0000ff;\" href=\"http:\/\/portal.iphan.gov.br\/pagina\/detalhes\/1756\" target=\"_blank\" rel=\"noopener\" data-saferedirecturl=\"https:\/\/www.google.com\/url?q=http:\/\/portal.iphan.gov.br\/pagina\/detalhes\/1756&amp;source=gmail&amp;ust=1540057217740000&amp;usg=AFQjCNHx2xsthFl0TAj8Z7ZOdan2FZVlpg\">Coordena\u00e7\u00e3o Nacional de Licenciamento<\/a><\/span>\u00a0(CNL), em parceria com a C\u00e2mara Brasileira da Industria da Constru\u00e7\u00e3o (CBIC) e apoio da Confedera\u00e7\u00e3o Nacional do Com\u00e9rcio de Bens, Servi\u00e7o e Turismo (CNC) e da Confedera\u00e7\u00e3o Nacional de Munic\u00edpios (CNM), o semin\u00e1rio prop\u00f5e refor\u00e7ar a import\u00e2ncia da preserva\u00e7\u00e3o do Patrim\u00f4nio Cultural e promover debates e discuss\u00f5es a respeito da participa\u00e7\u00e3o do Iphan no processo de Licenciamento Ambiental. A\u00a0<strong><span style=\"color: #0000ff;\"><a style=\"color: #0000ff;\" href=\"http:\/\/bit.ly\/LA_programacao\" target=\"_blank\" rel=\"noopener\" data-saferedirecturl=\"https:\/\/www.google.com\/url?q=http:\/\/bit.ly\/LA_programacao&amp;source=gmail&amp;ust=1540057217740000&amp;usg=AFQjCNEVpGmsRI1L34mbbHS3JCEZ-6mocw\">programa\u00e7\u00e3o<\/a><\/span>\u00a0<\/strong>para os dois dias de evento traz uma s\u00e9rie de palestras com especialistas em meio ambiente, do Iphan, do Ibama, procuradores, consultores, arque\u00f3logos e membros de setores como Constru\u00e7\u00e3o Civil, Minera\u00e7\u00e3o e Energia. As<span style=\"color: #0000ff;\">\u00a0<strong><a style=\"color: #0000ff;\" href=\"https:\/\/goo.gl\/G9CMCv\" target=\"_blank\" rel=\"noopener\" data-saferedirecturl=\"https:\/\/www.google.com\/url?q=https:\/\/goo.gl\/G9CMCv&amp;source=gmail&amp;ust=1540057217740000&amp;usg=AFQjCNFnhBWgde7P7YN2w-T8CUQQpynQIw\">inscri\u00e7\u00f5es<\/a><\/strong>\u00a0<\/span>j\u00e1 est\u00e3o abertas.<\/p>\n<p style=\"text-align: justify;\">A cerim\u00f4nia de abertura vai contar com a participa\u00e7\u00e3o dos ministros da Cultura, S\u00e9rgio S\u00e1 Leit\u00e3o, do Meio Ambiente, Edson Duarte, da presidente do Iphan, K\u00e1tia Bog\u00e9a, do presidente da CNM, Glademir Aroldi, do presidente da CBIC, Jos\u00e9 Carlos Martins, e com a participa\u00e7\u00e3o de Alexandre Sampaio, representando o presidente da CNC. O Minist\u00e9rio P\u00fablico Federal ser\u00e1 representado por N\u00edvio de Freitas Filho, Coordenador da 4\u00aa C\u00e2mara \u2013 Meio Ambiente e Patrim\u00f4nio Cultural.<\/p>\n<p class=\"m_-7492050917100954193AlignJustify\"><span style=\"color: #993300;\"><strong>O Patrim\u00f4nio cultural no Licenciamento Ambiental\u00a0<\/strong><\/span><\/p>\n<p class=\"m_-7492050917100954193AlignJustify\" style=\"text-align: justify;\">O\u00a0<span style=\"color: #0000ff;\"><strong><a style=\"color: #0000ff;\">Licenciamento Ambiental<\/a>\u00a0<\/strong><\/span>\u00a0\u00e9 uma obriga\u00e7\u00e3o legal pr\u00e9via \u00e0 instala\u00e7\u00e3o de qualquer empreendimento ou atividade potencialmente poluidora ou degradadora do meio ambiente. Essa obriga\u00e7\u00e3o \u00e9 compartilhada entre esferas federais, estaduais e municipais. Por meio dele, as institui\u00e7\u00f5es p\u00fablicas exercem o controle necess\u00e1rio para que as atividades humanas que interferem nas condi\u00e7\u00f5es ambientais sejam conciliadas com o uso dos recursos naturais, de modo a assegurar a sustentabilidade dos ecossistemas em suas variabilidades f\u00edsicas, bi\u00f3ticas, socioculturais e econ\u00f4micas.<\/p>\n<p class=\"m_-7492050917100954193AlignJustify\" style=\"text-align: justify;\">O\u00a0<strong><span style=\"color: #0000ff;\"><a style=\"color: #0000ff;\" href=\"http:\/\/portal.iphan.gov.br\/pagina\/detalhes\/1761\/\" target=\"_blank\" rel=\"noopener\" data-saferedirecturl=\"https:\/\/www.google.com\/url?q=http:\/\/portal.iphan.gov.br\/pagina\/detalhes\/1761\/&amp;source=gmail&amp;ust=1540057217740000&amp;usg=AFQjCNE5GDit2UPj-HGTFK4zLsBRuP9j_Q\">Patrim\u00f4nio Cultural<\/a><\/span>\u00a0<\/strong>\u00e9 parte integrante e indissoci\u00e1vel do meio ambiente e, no \u00e2mbito do Licenciamento Ambiental, cabe ao Iphan emitir o posicionamento sobre eventuais impactos causados a esses bens.\u00a0 Atualmente, o Iphan est\u00e1 inserido no Licenciamento Ambiental por meio de diversas normativas, dentre elas a\u00a0<strong><span style=\"color: #0000ff;\"><a style=\"color: #0000ff;\" href=\"http:\/\/www2.mma.gov.br\/port\/conama\/res\/res86\/res0186.html\" target=\"_blank\" rel=\"noopener\" data-saferedirecturl=\"https:\/\/www.google.com\/url?q=http:\/\/www2.mma.gov.br\/port\/conama\/res\/res86\/res0186.html&amp;source=gmail&amp;ust=1540057217740000&amp;usg=AFQjCNH51wSzzJX1YpQMfUY1j40ktDZdHQ\">Resolu\u00e7\u00e3o Conama 01\/86<\/a>\u00a0<\/span>a\u00a0<span style=\"color: #0000ff;\"><a style=\"color: #0000ff;\">Portaria Interministerial 60\u00b0\/201<\/a><\/span><\/strong><span style=\"color: #0000ff;\">\u00a0e a\u00a0<strong><a style=\"color: #0000ff;\" href=\"http:\/\/portal.iphan.gov.br\/uploads\/ckfinder\/arquivos\/Instru%C3%A7%C3%A3o%20normativa.pdf\" target=\"_blank\" rel=\"noopener\" data-saferedirecturl=\"https:\/\/www.google.com\/url?q=http:\/\/portal.iphan.gov.br\/uploads\/ckfinder\/arquivos\/Instru%25C3%25A7%25C3%25A3o%2520normativa.pdf&amp;source=gmail&amp;ust=1540057217740000&amp;usg=AFQjCNFrMdgO2yBoeNuIIWfi7tgbxsf61Q\">IN 01\/2015<\/a>.<\/strong><\/span><\/p>\n<p style=\"text-align: justify;\"><strong>Servi\u00e7o<\/strong><br \/>\n<strong>O Iphan no Licenciamento Ambiental: di\u00e1logos e perspectivas jur\u00eddicas<\/strong><em>\u00a0<\/em><br \/>\n<strong>Data:<\/strong>\u00a022 e 23 de outubro, das 8h \u00e0s 18h30<br \/>\n<strong>Local:<\/strong>\u00a0Audit\u00f3rio da Confedera\u00e7\u00e3o Nacional do Comercio de Bens, Servi\u00e7os e Turismo SBN Quadra 1, Bloco B, Edif\u00edcio CNC, 1\u00ba Subsolo &#8211; Asa Norte, Bras\u00edlia\/DF<\/p>\n<p>Fonte: Imprensa\/IPHAN<\/p>\n","protected":false},"excerpt":{"rendered":"<p>Outubro, 2018 &#8211; A participa\u00e7\u00e3o do Iphan no Licenciamento Ambiental ser\u00e1 debatida entre profissionais da \u00e1rea, \u00f3rg\u00e3os especializados, representantes do setor produtivo e da sociedade. Nos dias 22 e 23 de outubro, na programa\u00e7\u00e3o da\u00a0Semana do Licenciamento Ambiental e Gest\u00e3o do Patrim\u00f4nio Arqueol\u00f3gico, est\u00e1 o semin\u00e1rio O\u00a0Iphan no Licenciamento Ambiental: Di\u00e1logos e Perspectivas Jur\u00eddicas. Organizado [&hellip;]<\/p>\n","protected":false},"author":1,"featured_media":10479,"comment_status":"open","ping_status":"open","sticky":false,"template":"","format":"standard","meta":{"_uag_custom_page_level_css":"","footnotes":""},"categories":[37],"tags":[13926,1574,2029,2826,6157,6391,13957,6558,13961,13958,13960,13959,13962],"class_list":["post-10478","post","type-post","status-publish","format-standard","has-post-thumbnail","hentry","category-sustentabilidade","tag-haddad13presidente","tag-brasilia-df","tag-cbic","tag-construcao-civil","tag-inscricoes-abertas","tag-iphan","tag-iphan-no-licenciamento-ambiental-dialogos-e-perspectivas-juridicas","tag-jose-carlos-martins-presidente-do-cbic","tag-katia-bogea-presidente-do-iphan","tag-licenciamento-ambiental","tag-mineracao-e-energia","tag-obras-de-restauro","tag-semana-do-licenciamento-ambiental-e-gestao-do-patrimonio-arqueologico"],"blocksy_meta":[],"spectra_blocks_featured_image_url":{"thumbnail":{"url":"https:\/\/construcaocivil.siriusmarketingedesign.com.br\/wp-content\/uploads\/2018\/10\/AMBIENTAL-150x150.jpg","width":150,"height":150},"medium":{"url":"https:\/\/construcaocivil.siriusmarketingedesign.com.br\/wp-content\/uploads\/2018\/10\/AMBIENTAL-300x199.jpg","width":300,"height":199},"medium_large":{"url":"https:\/\/construcaocivil.siriusmarketingedesign.com.br\/wp-content\/uploads\/2018\/10\/AMBIENTAL-768x510.jpg","width":768,"height":510},"large":{"url":"https:\/\/construcaocivil.siriusmarketingedesign.com.br\/wp-content\/uploads\/2018\/10\/AMBIENTAL.jpg","width":903,"height":600},"full":{"url":"https:\/\/construcaocivil.siriusmarketingedesign.com.br\/wp-content\/uploads\/2018\/10\/AMBIENTAL.jpg","width":903,"height":600}},"spectra_blocks_author_info":{"display_name":"Jornal da Constru\u00e7\u00e3o Civil","avatar_url":"https:\/\/secure.gravatar.com\/avatar\/973c9774fd44ddaceb026973c4962faa70fc512bc4c9da68e8ebb40fecee6540?s=96&d=mm&r=g","author_link":"https:\/\/construcaocivil.siriusmarketingedesign.com.br\/?author=1","description":"Desde de 2013, levando muitas informa\u00e7\u00f5es, lan\u00e7amentos e produtos de qualidade para toda cadeia produtiva da constru\u00e7\u00e3o. O Futuro da constru\u00e7\u00e3o passa por aqui,"},"uagb_featured_image_src":{"full":["https:\/\/construcaocivil.siriusmarketingedesign.com.br\/wp-content\/uploads\/2018\/10\/AMBIENTAL.jpg",903,600,false],"thumbnail":["https:\/\/construcaocivil.siriusmarketingedesign.com.br\/wp-content\/uploads\/2018\/10\/AMBIENTAL-150x150.jpg",150,150,true],"medium":["https:\/\/construcaocivil.siriusmarketingedesign.com.br\/wp-content\/uploads\/2018\/10\/AMBIENTAL-300x199.jpg",300,199,true],"medium_large":["https:\/\/construcaocivil.siriusmarketingedesign.com.br\/wp-content\/uploads\/2018\/10\/AMBIENTAL-768x510.jpg",768,510,true],"large":["https:\/\/construcaocivil.siriusmarketingedesign.com.br\/wp-content\/uploads\/2018\/10\/AMBIENTAL.jpg",903,600,false],"1536x1536":["https:\/\/construcaocivil.siriusmarketingedesign.com.br\/wp-content\/uploads\/2018\/10\/AMBIENTAL.jpg",903,600,false],"2048x2048":["https:\/\/construcaocivil.siriusmarketingedesign.com.br\/wp-content\/uploads\/2018\/10\/AMBIENTAL.jpg",903,600,false]},"uagb_author_info":{"display_name":"Jornal da Constru\u00e7\u00e3o Civil","author_link":"https:\/\/construcaocivil.siriusmarketingedesign.com.br\/?author=1"},"uagb_comment_info":0,"uagb_excerpt":"Outubro, 2018 &#8211; A participa\u00e7\u00e3o do Iphan no Licenciamento Ambiental ser\u00e1 debatida entre profissionais da \u00e1rea, \u00f3rg\u00e3os especializados, representantes do setor produtivo e da sociedade. Nos dias 22 e 23 de outubro, na programa\u00e7\u00e3o da\u00a0Semana do Licenciamento Ambiental e Gest\u00e3o do Patrim\u00f4nio Arqueol\u00f3gico, est\u00e1 o semin\u00e1rio O\u00a0Iphan no Licenciamento Ambiental: Di\u00e1logos e Perspectivas Jur\u00eddicas. Organizado&hellip;","_links":{"self":[{"href":"https:\/\/construcaocivil.siriusmarketingedesign.com.br\/index.php?rest_route=\/wp\/v2\/posts\/10478","targetHints":{"allow":["GET"]}}],"collection":[{"href":"https:\/\/construcaocivil.siriusmarketingedesign.com.br\/index.php?rest_route=\/wp\/v2\/posts"}],"about":[{"href":"https:\/\/construcaocivil.siriusmarketingedesign.com.br\/index.php?rest_route=\/wp\/v2\/types\/post"}],"author":[{"embeddable":true,"href":"https:\/\/construcaocivil.siriusmarketingedesign.com.br\/index.php?rest_route=\/wp\/v2\/users\/1"}],"replies":[{"embeddable":true,"href":"https:\/\/construcaocivil.siriusmarketingedesign.com.br\/index.php?rest_route=%2Fwp%2Fv2%2Fcomments&post=10478"}],"version-history":[{"count":0,"href":"https:\/\/construcaocivil.siriusmarketingedesign.com.br\/index.php?rest_route=\/wp\/v2\/posts\/10478\/revisions"}],"wp:featuredmedia":[{"embeddable":true,"href":"https:\/\/construcaocivil.siriusmarketingedesign.com.br\/index.php?rest_route=\/wp\/v2\/media\/10479"}],"wp:attachment":[{"href":"https:\/\/construcaocivil.siriusmarketingedesign.com.br\/index.php?rest_route=%2Fwp%2Fv2%2Fmedia&parent=10478"}],"wp:term":[{"taxonomy":"category","embeddable":true,"href":"https:\/\/construcaocivil.siriusmarketingedesign.com.br\/index.php?rest_route=%2Fwp%2Fv2%2Fcategories&post=10478"},{"taxonomy":"post_tag","embeddable":true,"href":"https:\/\/construcaocivil.siriusmarketingedesign.com.br\/index.php?rest_route=%2Fwp%2Fv2%2Ftags&post=10478"}],"curies":[{"name":"wp","href":"https:\/\/api.w.org\/{rel}","templated":true}]}}