{"id":10481,"date":"2018-10-19T15:33:17","date_gmt":"2018-10-19T18:33:17","guid":{"rendered":"http:\/\/www.jornaldaconstrucaocivil.com.br\/?p=10481"},"modified":"2018-10-19T15:33:17","modified_gmt":"2018-10-19T18:33:17","slug":"otis-abre-50-vagas-de-estagio-tecnico-com-o-programa-rota-escola","status":"publish","type":"post","link":"https:\/\/construcaocivil.siriusmarketingedesign.com.br\/?p=10481","title":{"rendered":"Otis abre 50 vagas de est\u00e1gio t\u00e9cnico com o Programa Rota Escola"},"content":{"rendered":"<p style=\"font-weight: 400; text-align: justify;\"><strong>Outubro de 2018<\/strong>\u00a0\u2014 A\u00a0<span style=\"color: #0000ff;\"><a style=\"color: #0000ff;\" href=\"http:\/\/www.otis.com.br\/\">\u00a0Otis\u00a0<\/a><\/span>\u00a0abriu 50 vagas de est\u00e1gio t\u00e9cnico no Brasil para seu <span style=\"color: #800000;\">Programa Rota Escola<\/span>, como parte de seu compromisso em ter uma for\u00e7a de trabalho treinada, enquanto apoia a aprendizagem permanente e o desenvolvimento profissional de seus funcion\u00e1rios. A Otis, que opera no Brasil como Elevadores Otis, \u00e9 uma subsidi\u00e1ria da United Technologies. (NYSE: UTX).<\/p>\n<p style=\"font-weight: 400; text-align: justify;\">Est\u00e3o dispon\u00edveis oportunidades para estudantes com mais de 18 anos, que estejam no primeiro ou segundo semestre dos\u00a0cursos de t\u00e9cnicos de el\u00e9trica, eletr\u00f4nica, eletrot\u00e9cnica, eletroeletr\u00f4nica, mecatr\u00f4nica, automa\u00e7\u00e3o e mec\u00e2nica. Os candidatos podem se inscrever para participar do processo seletivo at\u00e9 26 de outubro, pelo site do CIEE no link<span style=\"color: #0000ff;\">\u00a0<a style=\"color: #0000ff;\" href=\"https:\/\/urldefense.proofpoint.com\/v2\/url?u=http-3A__www.ciee.org.br_portal_estudantes&amp;d=DwMFAw&amp;c=ilBQI1lupc9Y65XwNblLtw&amp;r=AE_Q07FBgK86PjTNA9FXd-VMlpl0KFi-91mqaYv_-D8&amp;m=ltKHYzDwEANqJaASvfPa9FzZk3LkOJj7JZGNHiHTwjc&amp;s=3ojsA49Xe0L6EuQTc1svpFqwYOR6ysUp2s7CST3KKmM&amp;e=\">www.ciee.org.br\/portal\/estudantes<\/a><\/span><\/p>\n<p style=\"font-weight: 400; text-align: justify;\">Est\u00e3o dispon\u00edveis 15 vagas para S\u00e3o Paulo, Ribeir\u00e3o Preto, Campinas, S\u00e3o Jos\u00e9 dos Campos, Grande ABC e Santos. Outras 18 ser\u00e3o distribu\u00eddas entre Rio de Janeiro, Belo Horizonte, Vit\u00f3ria e Niter\u00f3i. As regi\u00f5es Centro Oeste e Sul (Porto Alegre, Curitiba, Bras\u00edlia e Goi\u00e2nia) ficar\u00e3o com oito e a Regi\u00e3o Norte e Nordeste (Salvador, Recife, Fortaleza e Bel\u00e9m) com nove no total. O grande objetivo este ano \u00e9 a contrata\u00e7\u00e3o de mais mulheres, alinhada \u00e0 vis\u00e3o da empresa em manter um ambiente diverso e inclusivo.<\/p>\n<p style=\"font-weight: 400; text-align: justify;\">O programa visa treinar estes estagi\u00e1rios por dez meses com forma\u00e7\u00e3o te\u00f3rica e pr\u00e1tica (mais de 1200 horas de capacita\u00e7\u00e3o) sobre o funcionamento dos elevadores e, em seguida, passar\u00e3o por uma avalia\u00e7\u00e3o para serem contratados como t\u00e9cnicos da empresa, para trabalharem nos elevadores e escadas rolantes instalados nos clientes. Em 2017 o programa j\u00e1 atingiu mais de 90% de \u00edndice de efetiva\u00e7\u00e3o destes jovens.<\/p>\n<p style=\"font-weight: 400; text-align: justify;\">\u201cO Rota Escola \u00e9 um importante marco na hist\u00f3ria da Otis. Nosso objetivo \u00e9 treinar e desenvolver novos talentos baseados em nossos valores, como seguran\u00e7a, \u00e9tica e diversidade &#8211; todos focados no atendimento aos nossos clientes. Nosso grande desafio este ano \u00e9 aumentar a participa\u00e7\u00e3o de estudantes mulheres neste programa, para que atuem futuramente como t\u00e9cnicas\u201d, afirma Julio Bellinassi, Presidente da Elevadores Otis para Am\u00e9rica do Sul. \u201cAs mulheres t\u00eam um potencial incr\u00edvel e n\u00e3o podemos deixar de considerar seu valor para nossa organiza\u00e7\u00e3o. N\u00f3s acreditamos em talento independente de identidade de g\u00eanero\u201d.<\/p>\n<p style=\"font-weight: 400; text-align: justify;\">Para obter mais informa\u00e7\u00f5es, visite<span style=\"color: #0000ff;\">\u00a0<a style=\"color: #0000ff;\" href=\"http:\/\/www.otis.com\/\">www.otis.com<\/a><\/span>\u00a0ou siga-nos na p\u00e1gina da Elevadores Otis, no\u00a0<span style=\"color: #0000ff;\"><a style=\"color: #0000ff;\" href=\"https:\/\/www.linkedin.com\/company\/3242382\/\">LinkedIn<\/a>.<\/span><\/p>\n<p>Fonte: Imprensa\/ elevadores Otis<\/p>\n","protected":false},"excerpt":{"rendered":"<p>Outubro de 2018\u00a0\u2014 A\u00a0\u00a0Otis\u00a0\u00a0abriu 50 vagas de est\u00e1gio t\u00e9cnico no Brasil para seu Programa Rota Escola, como parte de seu compromisso em ter uma for\u00e7a de trabalho treinada, enquanto apoia a aprendizagem permanente e o desenvolvimento profissional de seus funcion\u00e1rios. A Otis, que opera no Brasil como Elevadores Otis, \u00e9 uma subsidi\u00e1ria da United Technologies. [&hellip;]<\/p>\n","protected":false},"author":1,"featured_media":10482,"comment_status":"open","ping_status":"open","sticky":false,"template":"","format":"standard","meta":{"_uag_custom_page_level_css":"","footnotes":""},"categories":[27],"tags":[13968,1769,4047,4049,13967,13972,13971,13966,13970,13969,8543,9945,10351,10375,10660,10668,13965],"class_list":["post-10481","post","type-post","status-publish","format-standard","has-post-thumbnail","hentry","category-acontece","tag-automacao-e-mecanica","tag-campinas","tag-eletroeletronica","tag-eletronica","tag-eletrotecnica","tag-elevadores-de-ultima-geracao","tag-elevadores-e-escadas-rolantes","tag-estudantes-tecnicos-de-eletrica","tag-fortaleza-e-belem","tag-nordeste-salvador","tag-otis-elevadores","tag-recife","tag-ribeirao-preto","tag-rio-de-janeiro","tag-sao-jose-dos-campos","tag-sao-paulo","tag-vagas-de-estagio-tecnico-em-varias-regioes-do-brasil"],"blocksy_meta":[],"spectra_blocks_featured_image_url":{"thumbnail":{"url":"https:\/\/construcaocivil.siriusmarketingedesign.com.br\/wp-content\/uploads\/2018\/10\/OTIS-EST\u00c1GIO-150x150.jpeg","width":150,"height":150},"medium":{"url":"https:\/\/construcaocivil.siriusmarketingedesign.com.br\/wp-content\/uploads\/2018\/10\/OTIS-EST\u00c1GIO-216x300.jpeg","width":216,"height":300},"medium_large":{"url":"https:\/\/construcaocivil.siriusmarketingedesign.com.br\/wp-content\/uploads\/2018\/10\/OTIS-EST\u00c1GIO-768x1066.jpeg","width":768,"height":1066},"large":{"url":"https:\/\/construcaocivil.siriusmarketingedesign.com.br\/wp-content\/uploads\/2018\/10\/OTIS-EST\u00c1GIO-738x1024.jpeg","width":738,"height":1024},"full":{"url":"https:\/\/construcaocivil.siriusmarketingedesign.com.br\/wp-content\/uploads\/2018\/10\/OTIS-EST\u00c1GIO.jpeg","width":922,"height":1280}},"spectra_blocks_author_info":{"display_name":"Jornal da Constru\u00e7\u00e3o Civil","avatar_url":"https:\/\/secure.gravatar.com\/avatar\/973c9774fd44ddaceb026973c4962faa70fc512bc4c9da68e8ebb40fecee6540?s=96&d=mm&r=g","author_link":"https:\/\/construcaocivil.siriusmarketingedesign.com.br\/?author=1","description":"Desde de 2013, levando muitas informa\u00e7\u00f5es, lan\u00e7amentos e produtos de qualidade para toda cadeia produtiva da constru\u00e7\u00e3o. O Futuro da constru\u00e7\u00e3o passa por aqui,"},"uagb_featured_image_src":{"full":["https:\/\/construcaocivil.siriusmarketingedesign.com.br\/wp-content\/uploads\/2018\/10\/OTIS-EST\u00c1GIO.jpeg",922,1280,false],"thumbnail":["https:\/\/construcaocivil.siriusmarketingedesign.com.br\/wp-content\/uploads\/2018\/10\/OTIS-EST\u00c1GIO-150x150.jpeg",150,150,true],"medium":["https:\/\/construcaocivil.siriusmarketingedesign.com.br\/wp-content\/uploads\/2018\/10\/OTIS-EST\u00c1GIO-216x300.jpeg",216,300,true],"medium_large":["https:\/\/construcaocivil.siriusmarketingedesign.com.br\/wp-content\/uploads\/2018\/10\/OTIS-EST\u00c1GIO-768x1066.jpeg",768,1066,true],"large":["https:\/\/construcaocivil.siriusmarketingedesign.com.br\/wp-content\/uploads\/2018\/10\/OTIS-EST\u00c1GIO-738x1024.jpeg",738,1024,true],"1536x1536":["https:\/\/construcaocivil.siriusmarketingedesign.com.br\/wp-content\/uploads\/2018\/10\/OTIS-EST\u00c1GIO.jpeg",922,1280,false],"2048x2048":["https:\/\/construcaocivil.siriusmarketingedesign.com.br\/wp-content\/uploads\/2018\/10\/OTIS-EST\u00c1GIO.jpeg",922,1280,false]},"uagb_author_info":{"display_name":"Jornal da Constru\u00e7\u00e3o Civil","author_link":"https:\/\/construcaocivil.siriusmarketingedesign.com.br\/?author=1"},"uagb_comment_info":0,"uagb_excerpt":"Outubro de 2018\u00a0\u2014 A\u00a0\u00a0Otis\u00a0\u00a0abriu 50 vagas de est\u00e1gio t\u00e9cnico no Brasil para seu Programa Rota Escola, como parte de seu compromisso em ter uma for\u00e7a de trabalho treinada, enquanto apoia a aprendizagem permanente e o desenvolvimento profissional de seus funcion\u00e1rios. A Otis, que opera no Brasil como Elevadores Otis, \u00e9 uma subsidi\u00e1ria da United Technologies.&hellip;","_links":{"self":[{"href":"https:\/\/construcaocivil.siriusmarketingedesign.com.br\/index.php?rest_route=\/wp\/v2\/posts\/10481","targetHints":{"allow":["GET"]}}],"collection":[{"href":"https:\/\/construcaocivil.siriusmarketingedesign.com.br\/index.php?rest_route=\/wp\/v2\/posts"}],"about":[{"href":"https:\/\/construcaocivil.siriusmarketingedesign.com.br\/index.php?rest_route=\/wp\/v2\/types\/post"}],"author":[{"embeddable":true,"href":"https:\/\/construcaocivil.siriusmarketingedesign.com.br\/index.php?rest_route=\/wp\/v2\/users\/1"}],"replies":[{"embeddable":true,"href":"https:\/\/construcaocivil.siriusmarketingedesign.com.br\/index.php?rest_route=%2Fwp%2Fv2%2Fcomments&post=10481"}],"version-history":[{"count":0,"href":"https:\/\/construcaocivil.siriusmarketingedesign.com.br\/index.php?rest_route=\/wp\/v2\/posts\/10481\/revisions"}],"wp:featuredmedia":[{"embeddable":true,"href":"https:\/\/construcaocivil.siriusmarketingedesign.com.br\/index.php?rest_route=\/wp\/v2\/media\/10482"}],"wp:attachment":[{"href":"https:\/\/construcaocivil.siriusmarketingedesign.com.br\/index.php?rest_route=%2Fwp%2Fv2%2Fmedia&parent=10481"}],"wp:term":[{"taxonomy":"category","embeddable":true,"href":"https:\/\/construcaocivil.siriusmarketingedesign.com.br\/index.php?rest_route=%2Fwp%2Fv2%2Fcategories&post=10481"},{"taxonomy":"post_tag","embeddable":true,"href":"https:\/\/construcaocivil.siriusmarketingedesign.com.br\/index.php?rest_route=%2Fwp%2Fv2%2Ftags&post=10481"}],"curies":[{"name":"wp","href":"https:\/\/api.w.org\/{rel}","templated":true}]}}