{"id":10489,"date":"2018-10-20T22:19:31","date_gmt":"2018-10-21T01:19:31","guid":{"rendered":"http:\/\/www.jornaldaconstrucaocivil.com.br\/?p=10489"},"modified":"2018-10-20T22:19:31","modified_gmt":"2018-10-21T01:19:31","slug":"senconci-rio-promove-curso-para-pedreiro","status":"publish","type":"post","link":"https:\/\/construcaocivil.siriusmarketingedesign.com.br\/?p=10489","title":{"rendered":"Senconci-Rio promove curso Para Pedreiro"},"content":{"rendered":"<p style=\"font-weight: 400; text-align: justify;\"><span style=\"color: #993300;\">Outubro, 2018<\/span> &#8211; O\u00a0<strong>Servi\u00e7o Social da Ind\u00fastria da Constru\u00e7\u00e3o do Rio de Janeiro<\/strong>\u00a0(Seconci \u2013 Rio) est\u00e1 lan\u00e7ando mais um curso de capacita\u00e7\u00e3o de\u00a0<strong>PEDREIROS<\/strong>, a ser \u00a0realizado no\u00a0<strong>dia 22 de outubro,<\/strong>\u00a0no per\u00edodo da<strong>\u00a0noite<\/strong>\u00a0(das 18h \u00e0s 22h), no\u00a0<strong>CPCC,\u00a0Centro Profissional da Constru\u00e7\u00e3o Civil\u00a0<\/strong>(Estrada dos Bandeirantes, 2.443 \u2013 Curicica, pr\u00f3ximo \u00e0 Esta\u00e7\u00e3o Bandolim do BRT)<strong>\u00a0<\/strong>. Ser\u00e3o duas as especialidades abordadas:\u00a0<strong>ALVENARIA e VEDA\u00c7\u00c3O<\/strong>.<\/p>\n<p style=\"font-weight: 400; text-align: justify;\">Os cursos de aperfei\u00e7oamento profissional s\u00e3o\u00a0<strong>GRATUITOS<\/strong>\u00a0e integram a parceria entre\u00a0<strong>SENAI-RJ<\/strong>\u00a0e\u00a0<strong>SINDUSCON-RIO<\/strong>, que atrav\u00e9s do\u00a0<strong>Seconci-Rio<\/strong>\u00a0t\u00eam como objetivo investir no crescimento profissional e na capacidade t\u00e9cnica\u00a0dos profissionais da constru\u00e7\u00e3o civil.<\/p>\n<p style=\"font-weight: 400; text-align: justify;\">Para participar basta ter mais de 18 anos. Ao final, ser\u00e1 concedido um\u00a0certificado comprovando a forma\u00e7\u00e3o dos profissionais.<\/p>\n<p style=\"font-weight: 400;\"><strong>Para inscri\u00e7\u00f5es o telefone \u00e9 (21) 2101-2565 ou pelo e-mail:<span style=\"color: #0000ff;\">\u00a0<\/span><\/strong><span style=\"color: #0000ff;\"><strong><a style=\"color: #0000ff;\" href=\"mailto:qualificacao@cpcc.com.br\">qualificacao@cpcc.com.br<\/a><\/strong><\/span><\/p>\n<p>Fonte: imprensa\/Seconci-Rio<\/p>\n","protected":false},"excerpt":{"rendered":"<p>Outubro, 2018 &#8211; O\u00a0Servi\u00e7o Social da Ind\u00fastria da Constru\u00e7\u00e3o do Rio de Janeiro\u00a0(Seconci \u2013 Rio) est\u00e1 lan\u00e7ando mais um curso de capacita\u00e7\u00e3o de\u00a0PEDREIROS, a ser \u00a0realizado no\u00a0dia 22 de outubro,\u00a0no per\u00edodo da\u00a0noite\u00a0(das 18h \u00e0s 22h), no\u00a0CPCC,\u00a0Centro Profissional da Constru\u00e7\u00e3o Civil\u00a0(Estrada dos Bandeirantes, 2.443 \u2013 Curicica, pr\u00f3ximo \u00e0 Esta\u00e7\u00e3o Bandolim do BRT)\u00a0. Ser\u00e3o duas as especialidades [&hellip;]<\/p>\n","protected":false},"author":1,"featured_media":10490,"comment_status":"open","ping_status":"open","sticky":false,"template":"","format":"standard","meta":{"_uag_custom_page_level_css":"","footnotes":""},"categories":[27],"tags":[13976,13986,13984,2826,13983,13985,8778,10375,10891,11164],"class_list":["post-10489","post","type-post","status-publish","format-standard","has-post-thumbnail","hentry","category-acontece","tag-haddadpresidente","tag-alvenaria-e-vedacao","tag-centro-profissional-da-construcao-civil","tag-construcao-civil","tag-curosos-gratuitos","tag-estrada-dos-bandeirantes-curicica-rj","tag-pedreiros","tag-rio-de-janeiro","tag-senai-rj","tag-sinduscon-rio"],"blocksy_meta":[],"spectra_blocks_featured_image_url":{"thumbnail":{"url":"https:\/\/construcaocivil.siriusmarketingedesign.com.br\/wp-content\/uploads\/2018\/10\/Pedreiro-2-150x150.jpg","width":150,"height":150},"medium":{"url":"https:\/\/construcaocivil.siriusmarketingedesign.com.br\/wp-content\/uploads\/2018\/10\/Pedreiro-2-300x169.jpg","width":300,"height":169},"medium_large":{"url":"https:\/\/construcaocivil.siriusmarketingedesign.com.br\/wp-content\/uploads\/2018\/10\/Pedreiro-2-768x433.jpg","width":768,"height":433},"large":{"url":"https:\/\/construcaocivil.siriusmarketingedesign.com.br\/wp-content\/uploads\/2018\/10\/Pedreiro-2-1024x577.jpg","width":1024,"height":577},"full":{"url":"https:\/\/construcaocivil.siriusmarketingedesign.com.br\/wp-content\/uploads\/2018\/10\/Pedreiro-2.jpg","width":3550,"height":2000}},"spectra_blocks_author_info":{"display_name":"Jornal da Constru\u00e7\u00e3o Civil","avatar_url":"https:\/\/secure.gravatar.com\/avatar\/973c9774fd44ddaceb026973c4962faa70fc512bc4c9da68e8ebb40fecee6540?s=96&d=mm&r=g","author_link":"https:\/\/construcaocivil.siriusmarketingedesign.com.br\/?author=1","description":"Desde de 2013, levando muitas informa\u00e7\u00f5es, lan\u00e7amentos e produtos de qualidade para toda cadeia produtiva da constru\u00e7\u00e3o. O Futuro da constru\u00e7\u00e3o passa por aqui,"},"uagb_featured_image_src":{"full":["https:\/\/construcaocivil.siriusmarketingedesign.com.br\/wp-content\/uploads\/2018\/10\/Pedreiro-2.jpg",3550,2000,false],"thumbnail":["https:\/\/construcaocivil.siriusmarketingedesign.com.br\/wp-content\/uploads\/2018\/10\/Pedreiro-2-150x150.jpg",150,150,true],"medium":["https:\/\/construcaocivil.siriusmarketingedesign.com.br\/wp-content\/uploads\/2018\/10\/Pedreiro-2-300x169.jpg",300,169,true],"medium_large":["https:\/\/construcaocivil.siriusmarketingedesign.com.br\/wp-content\/uploads\/2018\/10\/Pedreiro-2-768x433.jpg",768,433,true],"large":["https:\/\/construcaocivil.siriusmarketingedesign.com.br\/wp-content\/uploads\/2018\/10\/Pedreiro-2-1024x577.jpg",1024,577,true],"1536x1536":["https:\/\/construcaocivil.siriusmarketingedesign.com.br\/wp-content\/uploads\/2018\/10\/Pedreiro-2.jpg",1536,865,false],"2048x2048":["https:\/\/construcaocivil.siriusmarketingedesign.com.br\/wp-content\/uploads\/2018\/10\/Pedreiro-2.jpg",2048,1154,false]},"uagb_author_info":{"display_name":"Jornal da Constru\u00e7\u00e3o Civil","author_link":"https:\/\/construcaocivil.siriusmarketingedesign.com.br\/?author=1"},"uagb_comment_info":0,"uagb_excerpt":"Outubro, 2018 &#8211; O\u00a0Servi\u00e7o Social da Ind\u00fastria da Constru\u00e7\u00e3o do Rio de Janeiro\u00a0(Seconci \u2013 Rio) est\u00e1 lan\u00e7ando mais um curso de capacita\u00e7\u00e3o de\u00a0PEDREIROS, a ser \u00a0realizado no\u00a0dia 22 de outubro,\u00a0no per\u00edodo da\u00a0noite\u00a0(das 18h \u00e0s 22h), no\u00a0CPCC,\u00a0Centro Profissional da Constru\u00e7\u00e3o Civil\u00a0(Estrada dos Bandeirantes, 2.443 \u2013 Curicica, pr\u00f3ximo \u00e0 Esta\u00e7\u00e3o Bandolim do BRT)\u00a0. Ser\u00e3o duas as especialidades&hellip;","_links":{"self":[{"href":"https:\/\/construcaocivil.siriusmarketingedesign.com.br\/index.php?rest_route=\/wp\/v2\/posts\/10489","targetHints":{"allow":["GET"]}}],"collection":[{"href":"https:\/\/construcaocivil.siriusmarketingedesign.com.br\/index.php?rest_route=\/wp\/v2\/posts"}],"about":[{"href":"https:\/\/construcaocivil.siriusmarketingedesign.com.br\/index.php?rest_route=\/wp\/v2\/types\/post"}],"author":[{"embeddable":true,"href":"https:\/\/construcaocivil.siriusmarketingedesign.com.br\/index.php?rest_route=\/wp\/v2\/users\/1"}],"replies":[{"embeddable":true,"href":"https:\/\/construcaocivil.siriusmarketingedesign.com.br\/index.php?rest_route=%2Fwp%2Fv2%2Fcomments&post=10489"}],"version-history":[{"count":0,"href":"https:\/\/construcaocivil.siriusmarketingedesign.com.br\/index.php?rest_route=\/wp\/v2\/posts\/10489\/revisions"}],"wp:featuredmedia":[{"embeddable":true,"href":"https:\/\/construcaocivil.siriusmarketingedesign.com.br\/index.php?rest_route=\/wp\/v2\/media\/10490"}],"wp:attachment":[{"href":"https:\/\/construcaocivil.siriusmarketingedesign.com.br\/index.php?rest_route=%2Fwp%2Fv2%2Fmedia&parent=10489"}],"wp:term":[{"taxonomy":"category","embeddable":true,"href":"https:\/\/construcaocivil.siriusmarketingedesign.com.br\/index.php?rest_route=%2Fwp%2Fv2%2Fcategories&post=10489"},{"taxonomy":"post_tag","embeddable":true,"href":"https:\/\/construcaocivil.siriusmarketingedesign.com.br\/index.php?rest_route=%2Fwp%2Fv2%2Ftags&post=10489"}],"curies":[{"name":"wp","href":"https:\/\/api.w.org\/{rel}","templated":true}]}}