{"id":10497,"date":"2018-10-22T16:09:41","date_gmt":"2018-10-22T19:09:41","guid":{"rendered":"http:\/\/www.jornaldaconstrucaocivil.com.br\/?p=10497"},"modified":"2018-10-22T16:09:41","modified_gmt":"2018-10-22T19:09:41","slug":"sinobras-promove-a-8a-edicao-da-corrida-do-aco-e-3a-caminhada-em-maraba","status":"publish","type":"post","link":"https:\/\/construcaocivil.siriusmarketingedesign.com.br\/?p=10497","title":{"rendered":"Sinobras promove a 8\u00aa edi\u00e7\u00e3o da Corrida do A\u00e7o e 3\u00aa Caminhada em Marab\u00e1"},"content":{"rendered":"<p style=\"font-weight: 400; text-align: justify;\"><span style=\"color: #993300;\">Outubro, 2018<\/span> &#8211; O evento esportivo ter\u00e1 largada na Pra\u00e7a S\u00e3o F\u00e9lix Valois, em frente \u00e0 Orla de Marab\u00e1, \u00e0s 7h. O percurso \u00e9 de sete quil\u00f4metros para a corrida, seguindo pela Avenida Marechal Deodoro, passando pelas ruas Silvino Santis, 7 de junho, Travessa Lauro Sodr\u00e9, Rua Bar\u00e3o do Rio Branco e Travessa 15 de novembro at\u00e9 retornar para a pra\u00e7a de origem. Para a caminhada, o percurso ser\u00e1 de 3,5 quil\u00f4metros, com largada e chegada tamb\u00e9m na pra\u00e7a.<\/p>\n<p style=\"font-weight: 400; text-align: justify;\">A Corrida do A\u00e7o \u00e9 dividida nas categorias: masculino, SINOBRAS e Comunidade, nas faixas et\u00e1rias de 18 a 40 anos e de 41 anos em diante; feminino geral, SINOBRAS e comunidade; e equipe, SINOBRAS e comunidade. As premia\u00e7\u00f5es s\u00e3o em dinheiro para os 1\u00b0, 2\u00b0 e 3\u00b0 lugares das categorias masculino e feminino e para as duas equipes que obtiverem maior pontua\u00e7\u00e3o na soma dos dez maiores tempos.<\/p>\n<p style=\"font-weight: 400; text-align: justify;\">Os atletas ter\u00e3o \u00e0 disposi\u00e7\u00e3o pontos de hidrata\u00e7\u00e3o durante todo o percurso e receber\u00e3o, ao final da prova, um kit isot\u00f4nico de reposi\u00e7\u00e3o, composto por \u00e1gua, fruta e doce. Al\u00e9m disso, o evento contar\u00e1 com duas ambul\u00e2ncias para acompanhamento durante todo o percurso.<\/p>\n<p style=\"font-weight: 400; text-align: justify;\"><strong><span style=\"color: #800000;\">Inscri\u00e7\u00f5es<\/span><\/strong><\/p>\n<p style=\"font-weight: 400; text-align: justify;\">Os interessados em participar poder\u00e3o se inscrever na SINOBRAS (apenas para colaboradores da empresa); na Academia Gol de Placa e Shopping P\u00e1tio Marab\u00e1 (para p\u00fablico em geral). O valor da taxa de inscri\u00e7\u00e3o \u00e9 de R$ 30,00 (trinta reais) para colaboradores da SINBORAS e R$ 45,00 (quarenta e cinco reais) para pessoas da comunidade.<\/p>\n<p style=\"font-weight: 400; text-align: justify;\">Retirada do Kit<\/p>\n<p style=\"font-weight: 400; text-align: justify;\">Nos dias 09 e 10 de\u00a0outubro, os participantes poder\u00e3o\u00a0pegar\u00a0os kits composto por camisa em tecido tecnol\u00f3gico, chip e n\u00famero de peito. Para a retirada, ser\u00e1 necess\u00e1rio\u00a0apresentar o\u00a0comprovante de pagamento da inscri\u00e7\u00e3o e o documento de identidade do corredor. O local de distribui\u00e7\u00e3o dos kits ser\u00e1\u00a0na SINOBRAS, apenas para colaboradores, no dia 09, de 7h30 \u00e0s 17h30 e no shopping P\u00e1tio Marab\u00e1\u00a0\u2013\u00a0Piso L2, para a comunidade em geral e colaboradores que n\u00e3o puderem receber na empresa, no dia 10, de 10h \u00e0s 22h.<\/p>\n<p style=\"font-weight: 400; text-align: justify;\"><span style=\"color: #0000ff;\">Servi\u00e7o: 8\u00aa Corrida do A\u00e7o<\/span><\/p>\n<p style=\"font-weight: 400; text-align: justify;\"><span style=\"color: #0000ff;\">Data: 11 de novembro<\/span><\/p>\n<p style=\"font-weight: 400; text-align: justify;\"><span style=\"color: #0000ff;\">Local: Pra\u00e7a S\u00e3o F\u00e9lix Valois<\/span><\/p>\n<p style=\"font-weight: 400; text-align: justify;\"><span style=\"color: #0000ff;\">Hor\u00e1rio: 7h<\/span><\/p>\n<p style=\"font-weight: 400; text-align: justify;\"><span style=\"color: #0000ff;\">Inscri\u00e7\u00f5es: De 1 a 9 de novembro<\/span><\/p>\n<p style=\"font-weight: 400; text-align: justify;\">Locais de inscri\u00e7\u00e3o: SINOBRAS (para colaboradores da empresa); Academia Gol de Placa, localizada na\u00a0<span style=\"color: #0000ff;\"><a style=\"color: #0000ff;\" href=\"https:\/\/maps.google.com\/?q=Folha+32,+Lote+03,+Quadra+16,+Nova+Marab%C3%A1&amp;entry=gmail&amp;source=g\">Folha 32, Lote 03, Quadra 16, Nova Marab\u00e1<\/a><\/span>\u00a0e Shopping P\u00e1tio Marab\u00e1 &#8211; Piso L2, Folha 30, Quadra 15, Nova Marab\u00e1 (para a comunidade).<\/p>\n<p>Fonte: Imprensa\/Sinobras<\/p>\n","protected":false},"excerpt":{"rendered":"<p>Outubro, 2018 &#8211; O evento esportivo ter\u00e1 largada na Pra\u00e7a S\u00e3o F\u00e9lix Valois, em frente \u00e0 Orla de Marab\u00e1, \u00e0s 7h. O percurso \u00e9 de sete quil\u00f4metros para a corrida, seguindo pela Avenida Marechal Deodoro, passando pelas ruas Silvino Santis, 7 de junho, Travessa Lauro Sodr\u00e9, Rua Bar\u00e3o do Rio Branco e Travessa 15 de [&hellip;]<\/p>\n","protected":false},"author":1,"featured_media":10498,"comment_status":"open","ping_status":"open","sticky":false,"template":"","format":"standard","meta":{"_uag_custom_page_level_css":"","footnotes":""},"categories":[37],"tags":[14009,14006,14004,14008,4548,6050,7235,10114,14005,14007,12924],"class_list":["post-10497","post","type-post","status-publish","format-standard","has-post-thumbnail","hentry","category-sustentabilidade","tag-haddadpresidente13","tag-academia-gol-de-placa","tag-corrida-do-aco","tag-corrida-e-caminhada-feminino-e-masculino","tag-esporte-e-cidadania","tag-industria-do-aco","tag-maraba-pa","tag-regiao-norte","tag-retirada-do-kit","tag-shopping-patio-maraba","tag-sinobras"],"blocksy_meta":[],"spectra_blocks_featured_image_url":{"thumbnail":{"url":"https:\/\/construcaocivil.siriusmarketingedesign.com.br\/wp-content\/uploads\/2018\/10\/Corrida-do-A\u00e7o-1-150x150.jpeg","width":150,"height":150},"medium":{"url":"https:\/\/construcaocivil.siriusmarketingedesign.com.br\/wp-content\/uploads\/2018\/10\/Corrida-do-A\u00e7o-1-300x200.jpeg","width":300,"height":200},"medium_large":{"url":"https:\/\/construcaocivil.siriusmarketingedesign.com.br\/wp-content\/uploads\/2018\/10\/Corrida-do-A\u00e7o-1-768x512.jpeg","width":768,"height":512},"large":{"url":"https:\/\/construcaocivil.siriusmarketingedesign.com.br\/wp-content\/uploads\/2018\/10\/Corrida-do-A\u00e7o-1-1024x682.jpeg","width":1024,"height":682},"full":{"url":"https:\/\/construcaocivil.siriusmarketingedesign.com.br\/wp-content\/uploads\/2018\/10\/Corrida-do-A\u00e7o-1.jpeg","width":1280,"height":853}},"spectra_blocks_author_info":{"display_name":"Jornal da Constru\u00e7\u00e3o Civil","avatar_url":"https:\/\/secure.gravatar.com\/avatar\/973c9774fd44ddaceb026973c4962faa70fc512bc4c9da68e8ebb40fecee6540?s=96&d=mm&r=g","author_link":"https:\/\/construcaocivil.siriusmarketingedesign.com.br\/?author=1","description":"Desde de 2013, levando muitas informa\u00e7\u00f5es, lan\u00e7amentos e produtos de qualidade para toda cadeia produtiva da constru\u00e7\u00e3o. O Futuro da constru\u00e7\u00e3o passa por aqui,"},"uagb_featured_image_src":{"full":["https:\/\/construcaocivil.siriusmarketingedesign.com.br\/wp-content\/uploads\/2018\/10\/Corrida-do-A\u00e7o-1.jpeg",1280,853,false],"thumbnail":["https:\/\/construcaocivil.siriusmarketingedesign.com.br\/wp-content\/uploads\/2018\/10\/Corrida-do-A\u00e7o-1-150x150.jpeg",150,150,true],"medium":["https:\/\/construcaocivil.siriusmarketingedesign.com.br\/wp-content\/uploads\/2018\/10\/Corrida-do-A\u00e7o-1-300x200.jpeg",300,200,true],"medium_large":["https:\/\/construcaocivil.siriusmarketingedesign.com.br\/wp-content\/uploads\/2018\/10\/Corrida-do-A\u00e7o-1-768x512.jpeg",768,512,true],"large":["https:\/\/construcaocivil.siriusmarketingedesign.com.br\/wp-content\/uploads\/2018\/10\/Corrida-do-A\u00e7o-1-1024x682.jpeg",1024,682,true],"1536x1536":["https:\/\/construcaocivil.siriusmarketingedesign.com.br\/wp-content\/uploads\/2018\/10\/Corrida-do-A\u00e7o-1.jpeg",1280,853,false],"2048x2048":["https:\/\/construcaocivil.siriusmarketingedesign.com.br\/wp-content\/uploads\/2018\/10\/Corrida-do-A\u00e7o-1.jpeg",1280,853,false]},"uagb_author_info":{"display_name":"Jornal da Constru\u00e7\u00e3o Civil","author_link":"https:\/\/construcaocivil.siriusmarketingedesign.com.br\/?author=1"},"uagb_comment_info":0,"uagb_excerpt":"Outubro, 2018 &#8211; O evento esportivo ter\u00e1 largada na Pra\u00e7a S\u00e3o F\u00e9lix Valois, em frente \u00e0 Orla de Marab\u00e1, \u00e0s 7h. O percurso \u00e9 de sete quil\u00f4metros para a corrida, seguindo pela Avenida Marechal Deodoro, passando pelas ruas Silvino Santis, 7 de junho, Travessa Lauro Sodr\u00e9, Rua Bar\u00e3o do Rio Branco e Travessa 15 de&hellip;","_links":{"self":[{"href":"https:\/\/construcaocivil.siriusmarketingedesign.com.br\/index.php?rest_route=\/wp\/v2\/posts\/10497","targetHints":{"allow":["GET"]}}],"collection":[{"href":"https:\/\/construcaocivil.siriusmarketingedesign.com.br\/index.php?rest_route=\/wp\/v2\/posts"}],"about":[{"href":"https:\/\/construcaocivil.siriusmarketingedesign.com.br\/index.php?rest_route=\/wp\/v2\/types\/post"}],"author":[{"embeddable":true,"href":"https:\/\/construcaocivil.siriusmarketingedesign.com.br\/index.php?rest_route=\/wp\/v2\/users\/1"}],"replies":[{"embeddable":true,"href":"https:\/\/construcaocivil.siriusmarketingedesign.com.br\/index.php?rest_route=%2Fwp%2Fv2%2Fcomments&post=10497"}],"version-history":[{"count":0,"href":"https:\/\/construcaocivil.siriusmarketingedesign.com.br\/index.php?rest_route=\/wp\/v2\/posts\/10497\/revisions"}],"wp:featuredmedia":[{"embeddable":true,"href":"https:\/\/construcaocivil.siriusmarketingedesign.com.br\/index.php?rest_route=\/wp\/v2\/media\/10498"}],"wp:attachment":[{"href":"https:\/\/construcaocivil.siriusmarketingedesign.com.br\/index.php?rest_route=%2Fwp%2Fv2%2Fmedia&parent=10497"}],"wp:term":[{"taxonomy":"category","embeddable":true,"href":"https:\/\/construcaocivil.siriusmarketingedesign.com.br\/index.php?rest_route=%2Fwp%2Fv2%2Fcategories&post=10497"},{"taxonomy":"post_tag","embeddable":true,"href":"https:\/\/construcaocivil.siriusmarketingedesign.com.br\/index.php?rest_route=%2Fwp%2Fv2%2Ftags&post=10497"}],"curies":[{"name":"wp","href":"https:\/\/api.w.org\/{rel}","templated":true}]}}