{"id":10500,"date":"2018-10-23T13:15:15","date_gmt":"2018-10-23T16:15:15","guid":{"rendered":"http:\/\/www.jornaldaconstrucaocivil.com.br\/?p=10500"},"modified":"2018-10-23T13:15:15","modified_gmt":"2018-10-23T16:15:15","slug":"tragedia-de-mariana-completa-3-anos","status":"publish","type":"post","link":"https:\/\/construcaocivil.siriusmarketingedesign.com.br\/?p=10500","title":{"rendered":"Trag\u00e9dia de Mariana completa 3 anos"},"content":{"rendered":"<p style=\"font-weight: 400; text-align: justify;\"><span style=\"color: #ff0000;\">Outubro, 2018<\/span> &#8211; No pr\u00f3ximo dia 5 de novembro, a maior trag\u00e9dia ambiental de que se tem not\u00edcia no Brasil, o caso Mariana\/MG, completa tr\u00eas anos. Em 2015, cerca de 70 mil pessoas foram atingidas direta ou indiretamente por um tsunami de lama gerado pelo rompimento da barragem do Fund\u00e3o, da empresa Samarco, controlada pela Vale e BHP. Milh\u00f5es de metros c\u00fabicos de lama ferrosa varreram distritos e bairros e inundaram 650 km do Rio Doce at\u00e9 sua foz, no litoral do Esp\u00edrito Santo.<\/p>\n<p style=\"font-weight: 400; text-align: justify;\">Tr\u00eas anos depois, o tr\u00e1gico epis\u00f3dio pode se tornar um retrato do descaso das empresas. Al\u00e9m da poss\u00edvel sa\u00edda da sociedade por parte da australiana BHP \u2013 o que fragiliza ainda mais as chances de indeniza\u00e7\u00f5es aos moradores \u2013, o cronograma de acordos com os cerca de 9 mil pescadores foi praticamente interrompido \u00e0s v\u00e9speras do crime ambiental prescrever. Representante da Federa\u00e7\u00e3o e das\u00a0Col\u00f4nias de Pescadores e de 4.500 mil\u00a0pescadores afetados, o advogado\u00a0<strong>Leonardo Amarante<\/strong>\u00a0explica que at\u00e9 o meio do ano, os acordos vinham avan\u00e7ando. Nos \u00faltimos 60 dias esse planejamento come\u00e7ou a ficar intermitente, quase parando, dando um total de cerca de 20% das indeniza\u00e7\u00f5es pagas (ou 1800 pescadores), gente que perdeu a sua principal fonte de renda para uma vida inteira.<\/p>\n<p style=\"font-weight: 400; text-align: justify;\">Um dos esfor\u00e7os dos representantes \u00e9 mostrar que a extens\u00e3o de \u00e1reas afetadas pela lama \u00e9 maior do que eles alegam, tornando-as eleg\u00edveis \u00e0s indeniza\u00e7\u00f5es.<span style=\"color: #993300;\"><em> \u201cEssas v\u00edtimas s\u00e3o as mais vulner\u00e1veis. A Renova quer escolher a quem indenizar. Por esse motivo, decidimos interromper as intermedia\u00e7\u00f5es com as empresas, pois n\u00e3o podemos confiar em \u2018entendimentos\u2019, ainda que respeit\u00e1veis, diante da regra objetiva da lei\u201d<\/em><\/span>, argumenta Dr. Amarante, lembrando ainda que o prazo de prescri\u00e7\u00e3o no C\u00f3digo Civil Brasileiro \u00e9 de 3 anos, <em><span style=\"color: #993300;\">\u201co que pode deixar quase cerca de 7 mil pescadores em situa\u00e7\u00e3o ainda mais vulner\u00e1vel do que est\u00e3o, j\u00e1 que ir\u00e3o depender da boa vontade das empresas em fechar os demais acordos de indeniza\u00e7\u00e3o\u201d<\/span><\/em>, finaliza.<\/p>\n<p>Fonte: Imprensa\/Lgacomunica\u00e7\u00e3o<\/p>\n","protected":false},"excerpt":{"rendered":"<p>Outubro, 2018 &#8211; No pr\u00f3ximo dia 5 de novembro, a maior trag\u00e9dia ambiental de que se tem not\u00edcia no Brasil, o caso Mariana\/MG, completa tr\u00eas anos. Em 2015, cerca de 70 mil pessoas foram atingidas direta ou indiretamente por um tsunami de lama gerado pelo rompimento da barragem do Fund\u00e3o, da empresa Samarco, controlada pela [&hellip;]<\/p>\n","protected":false},"author":1,"featured_media":10501,"comment_status":"open","ping_status":"open","sticky":false,"template":"","format":"standard","meta":{"_uag_custom_page_level_css":"","footnotes":""},"categories":[37],"tags":[14009,14019,14013,14010,14018,14020,14014,5838,14015,14011,14016,7718,14021,14022,14012,14017,10587],"class_list":["post-10500","post","type-post","status-publish","format-standard","has-post-thumbnail","hentry","category-sustentabilidade","tag-haddadpresidente13","tag-7-mil-pescadores-sem-emprego","tag-bhp-e-vale","tag-desastre-ambiental","tag-desastre-de-mariana-mg-faz-03-anos-sem-solucao","tag-fundacao-renova-deixa-7-mil-pescadores-sem-casa-e-comida","tag-fundacao-renova-retarda-pagamentos-para-pescadores","tag-ibama","tag-justica-lenta-no-brasil","tag-mariana-mg","tag-milhares-de-familias-sem-renda-e-comida","tag-ministerio-do-meio-ambiente","tag-mp-mg","tag-mpf-mg","tag-rio-doce-e-fundao","tag-rompimento-da-barragem-do-fundao","tag-samarco"],"blocksy_meta":[],"spectra_blocks_featured_image_url":{"thumbnail":{"url":"https:\/\/construcaocivil.siriusmarketingedesign.com.br\/wp-content\/uploads\/2018\/10\/MARIANA-JUSTICA-150x150.jpg","width":150,"height":150},"medium":{"url":"https:\/\/construcaocivil.siriusmarketingedesign.com.br\/wp-content\/uploads\/2018\/10\/MARIANA-JUSTICA-300x176.jpg","width":300,"height":176},"medium_large":{"url":"https:\/\/construcaocivil.siriusmarketingedesign.com.br\/wp-content\/uploads\/2018\/10\/MARIANA-JUSTICA.jpg","width":758,"height":445},"large":{"url":"https:\/\/construcaocivil.siriusmarketingedesign.com.br\/wp-content\/uploads\/2018\/10\/MARIANA-JUSTICA.jpg","width":758,"height":445},"full":{"url":"https:\/\/construcaocivil.siriusmarketingedesign.com.br\/wp-content\/uploads\/2018\/10\/MARIANA-JUSTICA.jpg","width":758,"height":445}},"spectra_blocks_author_info":{"display_name":"Jornal da Constru\u00e7\u00e3o Civil","avatar_url":"https:\/\/secure.gravatar.com\/avatar\/973c9774fd44ddaceb026973c4962faa70fc512bc4c9da68e8ebb40fecee6540?s=96&d=mm&r=g","author_link":"https:\/\/construcaocivil.siriusmarketingedesign.com.br\/?author=1","description":"Desde de 2013, levando muitas informa\u00e7\u00f5es, lan\u00e7amentos e produtos de qualidade para toda cadeia produtiva da constru\u00e7\u00e3o. O Futuro da constru\u00e7\u00e3o passa por aqui,"},"uagb_featured_image_src":{"full":["https:\/\/construcaocivil.siriusmarketingedesign.com.br\/wp-content\/uploads\/2018\/10\/MARIANA-JUSTICA.jpg",758,445,false],"thumbnail":["https:\/\/construcaocivil.siriusmarketingedesign.com.br\/wp-content\/uploads\/2018\/10\/MARIANA-JUSTICA-150x150.jpg",150,150,true],"medium":["https:\/\/construcaocivil.siriusmarketingedesign.com.br\/wp-content\/uploads\/2018\/10\/MARIANA-JUSTICA-300x176.jpg",300,176,true],"medium_large":["https:\/\/construcaocivil.siriusmarketingedesign.com.br\/wp-content\/uploads\/2018\/10\/MARIANA-JUSTICA.jpg",758,445,false],"large":["https:\/\/construcaocivil.siriusmarketingedesign.com.br\/wp-content\/uploads\/2018\/10\/MARIANA-JUSTICA.jpg",758,445,false],"1536x1536":["https:\/\/construcaocivil.siriusmarketingedesign.com.br\/wp-content\/uploads\/2018\/10\/MARIANA-JUSTICA.jpg",758,445,false],"2048x2048":["https:\/\/construcaocivil.siriusmarketingedesign.com.br\/wp-content\/uploads\/2018\/10\/MARIANA-JUSTICA.jpg",758,445,false]},"uagb_author_info":{"display_name":"Jornal da Constru\u00e7\u00e3o Civil","author_link":"https:\/\/construcaocivil.siriusmarketingedesign.com.br\/?author=1"},"uagb_comment_info":0,"uagb_excerpt":"Outubro, 2018 &#8211; No pr\u00f3ximo dia 5 de novembro, a maior trag\u00e9dia ambiental de que se tem not\u00edcia no Brasil, o caso Mariana\/MG, completa tr\u00eas anos. Em 2015, cerca de 70 mil pessoas foram atingidas direta ou indiretamente por um tsunami de lama gerado pelo rompimento da barragem do Fund\u00e3o, da empresa Samarco, controlada pela&hellip;","_links":{"self":[{"href":"https:\/\/construcaocivil.siriusmarketingedesign.com.br\/index.php?rest_route=\/wp\/v2\/posts\/10500","targetHints":{"allow":["GET"]}}],"collection":[{"href":"https:\/\/construcaocivil.siriusmarketingedesign.com.br\/index.php?rest_route=\/wp\/v2\/posts"}],"about":[{"href":"https:\/\/construcaocivil.siriusmarketingedesign.com.br\/index.php?rest_route=\/wp\/v2\/types\/post"}],"author":[{"embeddable":true,"href":"https:\/\/construcaocivil.siriusmarketingedesign.com.br\/index.php?rest_route=\/wp\/v2\/users\/1"}],"replies":[{"embeddable":true,"href":"https:\/\/construcaocivil.siriusmarketingedesign.com.br\/index.php?rest_route=%2Fwp%2Fv2%2Fcomments&post=10500"}],"version-history":[{"count":0,"href":"https:\/\/construcaocivil.siriusmarketingedesign.com.br\/index.php?rest_route=\/wp\/v2\/posts\/10500\/revisions"}],"wp:featuredmedia":[{"embeddable":true,"href":"https:\/\/construcaocivil.siriusmarketingedesign.com.br\/index.php?rest_route=\/wp\/v2\/media\/10501"}],"wp:attachment":[{"href":"https:\/\/construcaocivil.siriusmarketingedesign.com.br\/index.php?rest_route=%2Fwp%2Fv2%2Fmedia&parent=10500"}],"wp:term":[{"taxonomy":"category","embeddable":true,"href":"https:\/\/construcaocivil.siriusmarketingedesign.com.br\/index.php?rest_route=%2Fwp%2Fv2%2Fcategories&post=10500"},{"taxonomy":"post_tag","embeddable":true,"href":"https:\/\/construcaocivil.siriusmarketingedesign.com.br\/index.php?rest_route=%2Fwp%2Fv2%2Ftags&post=10500"}],"curies":[{"name":"wp","href":"https:\/\/api.w.org\/{rel}","templated":true}]}}