{"id":10503,"date":"2018-10-23T13:33:43","date_gmt":"2018-10-23T16:33:43","guid":{"rendered":"http:\/\/www.jornaldaconstrucaocivil.com.br\/?p=10503"},"modified":"2018-10-23T13:38:13","modified_gmt":"2018-10-23T16:38:13","slug":"instituto-mrv-divulga-data-para-as-inscricoes-no-educar-para-transformar-5a-chamada-publica-de-projetos","status":"publish","type":"post","link":"https:\/\/construcaocivil.siriusmarketingedesign.com.br\/?p=10503","title":{"rendered":"Instituto MRV divulga data para as inscri\u00e7\u00f5es no Educar para Transformar &#8211; 5\u00aa Chamada P\u00fablica de Projetos"},"content":{"rendered":"<p style=\"font-weight: 400; text-align: justify;\"><span style=\"color: #ff0000;\">Outubro, 2018<\/span> &#8211; Institui\u00e7\u00f5es sem fins lucrativos com mais de um ano de exist\u00eancia e pessoas f\u00edsicas acima de 18 anos que tenham um projeto social com foco na educa\u00e7\u00e3o de crian\u00e7as e jovens devem ficar atentas a agenda do Instituto MRV. Isso porque, a organiza\u00e7\u00e3o sem fins lucrativos fundada pela MRV Engenharia j\u00e1 tem data marcada para a abertura das inscri\u00e7\u00f5es do <span style=\"color: #993300;\">Educar para Transformar \u2013 5\u00aa Chamada P\u00fablica de Projetos<\/span>. Entre os dias 8 e 31 de outubro os interessados podem se inscrever por meio do site<span style=\"color: #0000ff;\">\u00a0<a style=\"color: #0000ff;\" href=\"http:\/\/www.institutomrv.com.br\/\">www.institutomrv.com.br<\/a><\/span>.<\/p>\n<p style=\"font-weight: 400; text-align: justify;\">Podem se inscrever projetos nas cidades em que a MRV possui empreendimentos lan\u00e7ados ou em constru\u00e7\u00e3o.\u00a0Os projetos devem trabalhar a educa\u00e7\u00e3o como geradora de transforma\u00e7\u00e3o social, contemplando o Objetivo de Desenvolvimento Sustent\u00e1vel (ODS) 4. Al\u00e9m disso, os projetos devem estar relacionados a um ou mais ODS, e desenvolver suas atividades de forma que, comprovadamente, contribuam, impactem e potencializem os resultados da Agenda 2030 da ONU.<\/p>\n<p style=\"font-weight: 400; text-align: justify;\"><span style=\"color: #800000;\">A avalia\u00e7\u00e3o dos projetos acontecer\u00e1 de 5 a 30 de novembro e ser\u00e1 realizada por uma comiss\u00e3o que levar\u00e1 em conta crit\u00e9rios como a realidade da comunidade, \u00e1reas de atua\u00e7\u00e3o do programa, potencial inovador, entre outras caracter\u00edsticas. As iniciativas selecionadas ser\u00e3o disponibilizadas para vota\u00e7\u00e3o popular a partir do dia 10 de dezembro indo at\u00e9 o dia 14 do mesmo m\u00eas. Os seis projetos mais votados pelo p\u00fablico ser\u00e3o apresentados no dia 19 de dezembro e cada um deles receber\u00e1 um aporte de R$ 80 mil. A partir de janeiro de 2019 os projetos vendedores ser\u00e3o acompanhados e receber\u00e3o o apoio do Instituto MRV, com a realiza\u00e7\u00e3o de treinamento e encontros frequentes para a troca de conhecimento e a verifica\u00e7\u00e3o do desenvolvimento do projeto.<\/span><\/p>\n<p style=\"font-weight: 400; text-align: justify;\">Para o diretor do Instituto MRV, Raphael Lafet\u00e1, o Educar para Transformar\u00a0fomenta boas ideias de projetos sociais e potencializa ainda mais as atividades do Instituto MRV.<span style=\"color: #993300;\"><em> &#8220;Nesses quatro anos que realizamos a chamada publica j\u00e1 contribu\u00edmos para o desenvolvimento de 20 projetos em todo o pa\u00eds. A companhia acredita na transforma\u00e7\u00e3o social por meio da educa\u00e7\u00e3o, por isso investe para tornar perene os projetos que apoia nessa \u00e1rea&#8221;<\/em><\/span>, conta Lafet\u00e1.<\/p>\n<p style=\"font-weight: 400; text-align: justify;\">Os projetos j\u00e1 apoiados pelo Instituto MRV por meio do Educar para Transformar, s\u00e3o: Projeto viver basquete (Nova Lima\/MG), Aprendizagem criativa (S\u00e3o Paulo\/SP), Oportunidade para Brilhar (Nova Contagem\/MG), Cora\u00e7\u00e3o da Terra (Belo Horizonte\/MG),\u00a0\u00a0Rede Solid\u00e1ria Natureza Viva (de Governador Valadares\/MG), Nadar para Desenvolver (Rio de Janeiro\/RJ), Casa de Educa\u00e7\u00e3o para a Sustentabilidade (Rio das Ostras\/RJ), Vila Progresso (S\u00e3o Paulo\/SP), Educando Para a Vida (Campinas\/SP), Oportunidades para Brilhar II (Contagem\/MG), Tecnologia ao Alcance da Educa\u00e7\u00e3o (Canoas\/RS), Ubirajara Transforma\u00e7\u00e3o (Cuiab\u00e1\/MT), Leitura e Escrita: transformando vidas, reciclando ideias (Eus\u00e9bio-Fortaleza\/CE), Coletivo de Contadoras de Hist\u00f3ria Rosazul (Londrina\/PR), Projeto Gari (Grupo de Amigos Reciclando Ideias) (Manaus\/AM), PEC &#8211; Programa Escola Consciente (Ribeir\u00e3o Preto\/SP), Educa\u00e7\u00e3o Ambiental &#8211; Seja Sustent\u00e1vel (S\u00e3o Paulo\/SP), Mirante Digital (S\u00e3o Paulo\/SP) e\u00a0Gaia+ (Piracicaba\/SP). Esse \u00faltimo contou com o apoio dois anos consecutivos.<\/p>\n<p>Saiba mais em<span style=\"color: #0000ff;\">\u00a0<a style=\"color: #0000ff;\" href=\"http:\/\/www.institutomrv.com.br\/\" target=\"_blank\" rel=\"noopener noreferrer\">www.institutomrv.com.br<\/a>.<\/span><\/p>\n<p>Fonte: Imprensa\/MRV<\/p>\n","protected":false},"excerpt":{"rendered":"<p>Outubro, 2018 &#8211; Institui\u00e7\u00f5es sem fins lucrativos com mais de um ano de exist\u00eancia e pessoas f\u00edsicas acima de 18 anos que tenham um projeto social com foco na educa\u00e7\u00e3o de crian\u00e7as e jovens devem ficar atentas a agenda do Instituto MRV. Isso porque, a organiza\u00e7\u00e3o sem fins lucrativos fundada pela MRV Engenharia j\u00e1 tem [&hellip;]<\/p>\n","protected":false},"author":1,"featured_media":10504,"comment_status":"open","ping_status":"open","sticky":false,"template":"","format":"standard","meta":{"_uag_custom_page_level_css":"","footnotes":""},"categories":[27],"tags":[14023,2245,2826,3012,14024,6240,7438,14026,8446,14025,9779,10374],"class_list":["post-10503","post","type-post","status-publish","format-standard","has-post-thumbnail","hentry","category-acontece","tag-5a-chamada-publica-educar-para-transformar","tag-cidadania-e-sustentabilidade","tag-construcao-civil","tag-contagem-mg","tag-educacao-e-cultura","tag-instituto-mrv","tag-meio-ambiente","tag-objetivo-de-desenvolvimento-sustentavel-ods-4","tag-onu","tag-projeto-viver-basquete-nova-lima-mg","tag-projetos-sociais","tag-rio-das-ostras-rj"],"blocksy_meta":[],"spectra_blocks_featured_image_url":{"thumbnail":{"url":"https:\/\/construcaocivil.siriusmarketingedesign.com.br\/wp-content\/uploads\/2018\/10\/Instituto-MRV-2-Educa\u00e7\u00e3o-150x150.jpg","width":150,"height":150},"medium":{"url":"https:\/\/construcaocivil.siriusmarketingedesign.com.br\/wp-content\/uploads\/2018\/10\/Instituto-MRV-2-Educa\u00e7\u00e3o-300x225.jpg","width":300,"height":225},"medium_large":{"url":"https:\/\/construcaocivil.siriusmarketingedesign.com.br\/wp-content\/uploads\/2018\/10\/Instituto-MRV-2-Educa\u00e7\u00e3o.jpg","width":640,"height":480},"large":{"url":"https:\/\/construcaocivil.siriusmarketingedesign.com.br\/wp-content\/uploads\/2018\/10\/Instituto-MRV-2-Educa\u00e7\u00e3o.jpg","width":640,"height":480},"full":{"url":"https:\/\/construcaocivil.siriusmarketingedesign.com.br\/wp-content\/uploads\/2018\/10\/Instituto-MRV-2-Educa\u00e7\u00e3o.jpg","width":640,"height":480}},"spectra_blocks_author_info":{"display_name":"Jornal da Constru\u00e7\u00e3o Civil","avatar_url":"https:\/\/secure.gravatar.com\/avatar\/973c9774fd44ddaceb026973c4962faa70fc512bc4c9da68e8ebb40fecee6540?s=96&d=mm&r=g","author_link":"https:\/\/construcaocivil.siriusmarketingedesign.com.br\/?author=1","description":"Desde de 2013, levando muitas informa\u00e7\u00f5es, lan\u00e7amentos e produtos de qualidade para toda cadeia produtiva da constru\u00e7\u00e3o. O Futuro da constru\u00e7\u00e3o passa por aqui,"},"uagb_featured_image_src":{"full":["https:\/\/construcaocivil.siriusmarketingedesign.com.br\/wp-content\/uploads\/2018\/10\/Instituto-MRV-2-Educa\u00e7\u00e3o.jpg",640,480,false],"thumbnail":["https:\/\/construcaocivil.siriusmarketingedesign.com.br\/wp-content\/uploads\/2018\/10\/Instituto-MRV-2-Educa\u00e7\u00e3o-150x150.jpg",150,150,true],"medium":["https:\/\/construcaocivil.siriusmarketingedesign.com.br\/wp-content\/uploads\/2018\/10\/Instituto-MRV-2-Educa\u00e7\u00e3o-300x225.jpg",300,225,true],"medium_large":["https:\/\/construcaocivil.siriusmarketingedesign.com.br\/wp-content\/uploads\/2018\/10\/Instituto-MRV-2-Educa\u00e7\u00e3o.jpg",640,480,false],"large":["https:\/\/construcaocivil.siriusmarketingedesign.com.br\/wp-content\/uploads\/2018\/10\/Instituto-MRV-2-Educa\u00e7\u00e3o.jpg",640,480,false],"1536x1536":["https:\/\/construcaocivil.siriusmarketingedesign.com.br\/wp-content\/uploads\/2018\/10\/Instituto-MRV-2-Educa\u00e7\u00e3o.jpg",640,480,false],"2048x2048":["https:\/\/construcaocivil.siriusmarketingedesign.com.br\/wp-content\/uploads\/2018\/10\/Instituto-MRV-2-Educa\u00e7\u00e3o.jpg",640,480,false]},"uagb_author_info":{"display_name":"Jornal da Constru\u00e7\u00e3o Civil","author_link":"https:\/\/construcaocivil.siriusmarketingedesign.com.br\/?author=1"},"uagb_comment_info":0,"uagb_excerpt":"Outubro, 2018 &#8211; Institui\u00e7\u00f5es sem fins lucrativos com mais de um ano de exist\u00eancia e pessoas f\u00edsicas acima de 18 anos que tenham um projeto social com foco na educa\u00e7\u00e3o de crian\u00e7as e jovens devem ficar atentas a agenda do Instituto MRV. Isso porque, a organiza\u00e7\u00e3o sem fins lucrativos fundada pela MRV Engenharia j\u00e1 tem&hellip;","_links":{"self":[{"href":"https:\/\/construcaocivil.siriusmarketingedesign.com.br\/index.php?rest_route=\/wp\/v2\/posts\/10503","targetHints":{"allow":["GET"]}}],"collection":[{"href":"https:\/\/construcaocivil.siriusmarketingedesign.com.br\/index.php?rest_route=\/wp\/v2\/posts"}],"about":[{"href":"https:\/\/construcaocivil.siriusmarketingedesign.com.br\/index.php?rest_route=\/wp\/v2\/types\/post"}],"author":[{"embeddable":true,"href":"https:\/\/construcaocivil.siriusmarketingedesign.com.br\/index.php?rest_route=\/wp\/v2\/users\/1"}],"replies":[{"embeddable":true,"href":"https:\/\/construcaocivil.siriusmarketingedesign.com.br\/index.php?rest_route=%2Fwp%2Fv2%2Fcomments&post=10503"}],"version-history":[{"count":0,"href":"https:\/\/construcaocivil.siriusmarketingedesign.com.br\/index.php?rest_route=\/wp\/v2\/posts\/10503\/revisions"}],"wp:featuredmedia":[{"embeddable":true,"href":"https:\/\/construcaocivil.siriusmarketingedesign.com.br\/index.php?rest_route=\/wp\/v2\/media\/10504"}],"wp:attachment":[{"href":"https:\/\/construcaocivil.siriusmarketingedesign.com.br\/index.php?rest_route=%2Fwp%2Fv2%2Fmedia&parent=10503"}],"wp:term":[{"taxonomy":"category","embeddable":true,"href":"https:\/\/construcaocivil.siriusmarketingedesign.com.br\/index.php?rest_route=%2Fwp%2Fv2%2Fcategories&post=10503"},{"taxonomy":"post_tag","embeddable":true,"href":"https:\/\/construcaocivil.siriusmarketingedesign.com.br\/index.php?rest_route=%2Fwp%2Fv2%2Ftags&post=10503"}],"curies":[{"name":"wp","href":"https:\/\/api.w.org\/{rel}","templated":true}]}}