{"id":10519,"date":"2018-10-25T12:51:44","date_gmt":"2018-10-25T15:51:44","guid":{"rendered":"http:\/\/www.jornaldaconstrucaocivil.com.br\/?p=10519"},"modified":"2018-10-25T12:51:44","modified_gmt":"2018-10-25T15:51:44","slug":"casa-e-decoracao-moveis-feitos-com-madeireira-de-demolicao-dao-um-novo-e-estilo-ao-lar","status":"publish","type":"post","link":"https:\/\/construcaocivil.siriusmarketingedesign.com.br\/?p=10519","title":{"rendered":"Casa e decora\u00e7\u00e3o: m\u00f3veis feitos com madeireira de demoli\u00e7\u00e3o d\u00e3o um novo e estilo ao lar"},"content":{"rendered":"<p style=\"text-align: justify;\"><span style=\"color: #993300;\">Outubro, 2018<\/span> &#8211; Um m\u00f3vel feito com madeira de demoli\u00e7\u00e3o assume a caracter\u00edstica que o cliente quiser, podendo ser da mais r\u00fastica \u00e0 mais fina e decorativa pe\u00e7a de luxo, que se adapta facilmente a ambientes internos e externos, sempre marcando presen\u00e7a.<\/p>\n<p style=\"text-align: justify;\">Quanto ao que vem a ser a\u00a0<span style=\"color: #0000ff;\"><strong>Madeira de Demoli\u00e7\u00e3o<\/strong><\/span>, podemos dizer que \u00e9 aquela madeira que vem da demoli\u00e7\u00e3o de algumas constru\u00e7\u00f5es muito antigas, como barrac\u00f5es, pai\u00f3is, trilhas, etc, constru\u00eddas no passado, cerca de 150 a 200 anos atr\u00e1s, com madeiras nobres tais como a peroba, aroeira, angico, entre outras.<\/p>\n<figure id=\"attachment_10521\" aria-describedby=\"caption-attachment-10521\" style=\"width: 300px\" class=\"wp-caption alignleft\"><img loading=\"lazy\" decoding=\"async\" class=\"size-medium wp-image-10521\" src=\"http:\/\/www.jornaldaconstrucaocivil.com.br\/wp-content\/uploads\/2018\/10\/MESA-de-JARDIM-300x200.jpg\" alt=\"\" width=\"300\" height=\"200\" srcset=\"https:\/\/construcaocivil.siriusmarketingedesign.com.br\/wp-content\/uploads\/2018\/10\/MESA-de-JARDIM-300x200.jpg 300w, https:\/\/construcaocivil.siriusmarketingedesign.com.br\/wp-content\/uploads\/2018\/10\/MESA-de-JARDIM-450x300.jpg 450w, https:\/\/construcaocivil.siriusmarketingedesign.com.br\/wp-content\/uploads\/2018\/10\/MESA-de-JARDIM.jpg 600w\" sizes=\"auto, (max-width: 300px) 100vw, 300px\" \/><figcaption id=\"caption-attachment-10521\" class=\"wp-caption-text\">M\u00f3veis de demoli\u00e7\u00e3o nos espa\u00e7os tradicionais e de conviv\u00eancia da casa. Divulga\u00e7\u00e3o<\/figcaption><\/figure>\n<p style=\"text-align: justify;\">As madeiras chegam \u00e0 loja ainda originalmente coloridas, com pregos, buracos, marcas do tempo, ou seja, do jeito que estavam na hora da demoli\u00e7\u00e3o e os marceneiros, que s\u00e3o verdadeiros artistas, transformam cada peda\u00e7o destas preciosas madeiras em arte pura.<\/p>\n<p style=\"text-align: justify;\">O processo \u00e9 bem elaborado. Ap\u00f3s a demoli\u00e7\u00e3o as madeiras s\u00e3o lavadas com produtos especiais, depois tratadas com cera, e a partir da\u00ed come\u00e7a a produ\u00e7\u00e3o dos m\u00f3veis. S\u00e3o feitos um a um, n\u00e3o h\u00e1 uma linha de produ\u00e7\u00e3o para este tipo de m\u00f3vel.<\/p>\n<p style=\"text-align: justify;\">Resumindo, os m\u00f3veis produzidos com madeira de demoli\u00e7\u00e3o s\u00e3o considerados hoje pelos maiores designers de interiores e arquitetos o<span style=\"color: #0000ff;\"> \u201chit do momento\u201d<\/span>, pois s\u00e3o vers\u00e1teis e respons\u00e1veis por adicionarem tra\u00e7os r\u00fasticos e sofisticados a qualquer ambiente.<\/p>\n<p style=\"text-align: justify;\">O tradicional e mais conservador sempre vai ter um espacinho em nossa casa, seja em um pequeno objeto de decora\u00e7\u00e3o at\u00e9 m\u00f3veis ou decora\u00e7\u00e3o completa. Por falar em m\u00f3veis, os r\u00fasticos s\u00e3o os mais procurados para quem deseja manter a casa num estilo confort\u00e1vel e \u201camadeirado.<\/p>\n<p style=\"text-align: justify;\">O charme traduzido por eles \u00e9 algo fino que mesmo assim remete ao calor de algo aconchegante.\u00a0<span style=\"color: #0000ff;\"><em>\u201c- Esque\u00e7a essa ideia de \u201cinteriorz\u00e3o\u201d, \u201cfazenda\u201d, \u201cs\u00edtio\u201d, e tudo mais. Um apartamento no meio de S\u00e3o Paulo pode ter uma decora\u00e7\u00e3o feita com Madeira de Demoli\u00e7\u00e3o!\u201d-<span style=\"color: #000000;\">\u00a0<\/span><\/em><span style=\"color: #000000;\">diz Andreia Leit\u00e3o<\/span>.<\/span><\/p>\n<p style=\"text-align: justify;\">S\u00e3o m\u00f3veis neutros que se encaixam em qualquer ambiente, e mesmo com tra\u00e7os tradicionais, se adaptam facilmente at\u00e9 nos ambientes mais sofisticados, afinal de contas, uma casa moderna e repleta de praticidades pode ter aquela poltrona calorosamente r\u00fastica, simbolizando descanso em meio a tanta correria.<\/p>\n<p style=\"text-align: justify;\"><span style=\"color: #0000ff;\"><em>\u201c- No quarto, uma bela cabeceira de cama, trazendo ao ambiente, aconchego e relaxamento. Na cozinha, na varanda, enfim, Todo c\u00f4modo pode ter algo r\u00fastico em sua decora\u00e7\u00e3o, basta experimentar!\u201d<\/em><\/span><\/p>\n<p style=\"text-align: justify;\">Outro ponto importante \u00e9 que a madeira de demoli\u00e7\u00e3o \u00e9 tamb\u00e9m utilizada para a produ\u00e7\u00e3o de pisos, pois consegue inserir sofistica\u00e7\u00e3o ao espa\u00e7o horizontal do im\u00f3vel. Revela-se tamb\u00e9m apropriada para revestir paredes, criando pain\u00e9is que d\u00e3o charme a qualquer ambiente.<\/p>\n<figure id=\"attachment_10522\" aria-describedby=\"caption-attachment-10522\" style=\"width: 300px\" class=\"wp-caption alignright\"><img loading=\"lazy\" decoding=\"async\" class=\"size-medium wp-image-10522\" src=\"http:\/\/www.jornaldaconstrucaocivil.com.br\/wp-content\/uploads\/2018\/10\/ANDREIA-300x300.jpg\" alt=\"\" width=\"300\" height=\"300\" srcset=\"https:\/\/construcaocivil.siriusmarketingedesign.com.br\/wp-content\/uploads\/2018\/10\/ANDREIA-300x300.jpg 300w, https:\/\/construcaocivil.siriusmarketingedesign.com.br\/wp-content\/uploads\/2018\/10\/ANDREIA-150x150.jpg 150w, https:\/\/construcaocivil.siriusmarketingedesign.com.br\/wp-content\/uploads\/2018\/10\/ANDREIA-768x768.jpg 768w, https:\/\/construcaocivil.siriusmarketingedesign.com.br\/wp-content\/uploads\/2018\/10\/ANDREIA-1024x1024.jpg 1024w, https:\/\/construcaocivil.siriusmarketingedesign.com.br\/wp-content\/uploads\/2018\/10\/ANDREIA-100x100.jpg 100w, https:\/\/construcaocivil.siriusmarketingedesign.com.br\/wp-content\/uploads\/2018\/10\/ANDREIA.jpg 1280w\" sizes=\"auto, (max-width: 300px) 100vw, 300px\" \/><figcaption id=\"caption-attachment-10522\" class=\"wp-caption-text\">Andreia Leit\u00e3o<\/figcaption><\/figure>\n<p style=\"text-align: justify;\"><span style=\"color: #993300;\"><strong>Andr\u00e9ia Leit\u00e3o<\/strong><\/span>, Designer de Interiores e que est\u00e1 \u00e0 frente da Cantinho Meigo, diz que os m\u00f3veis em peroba rosa de demoli\u00e7\u00e3o, por exemplo, trazem um visual arrojado, proveniente de suas marcas e texturas, que os tornam diferenciados e d\u00e3o a oportunidade de criar contrastes entre a madeira e os outros objetos, sem contar a harmonia que traz para o ambiente, o que agrega muito valor ao projeto.<\/p>\n<p style=\"text-align: justify;\">Ao incluir um m\u00f3vel r\u00fastico em madeira de demoli\u00e7\u00e3o, pode-se considerar que tamb\u00e9m \u00e9 inserido o conceito de sustentabilidade, partindo do ponto de que \u00e9 uma mat\u00e9ria-prima sustent\u00e1vel, ou seja, n\u00e3o \u00e9 necess\u00e1ria a agress\u00e3o \u00e0 natureza para que ela possa ser utilizada, o que \u00e9 tend\u00eancia nos dias de hoje.<\/p>\n<p style=\"text-align: justify;\">Al\u00e9m disso, a conserva\u00e7\u00e3o e manuten\u00e7\u00e3o dos m\u00f3veis em peroba rosa \u00e9 feita de maneira simples e eficaz, sem causar problemas para seu m\u00f3vel, j\u00e1 que \u00e9 um processo que n\u00e3o requer muito tempo e nem habilidade.<\/p>\n<p style=\"text-align: justify;\">E finalizando, o m\u00f3vel pode ser entregue ao cliente em cinco tipos de acabamentos: o r\u00fastico, o maquinado, o com pintura original da demoli\u00e7\u00e3o, o satin\u00e9 e o proven\u00e7al.<\/p>\n<p>Mais informa\u00e7\u00f5es:<\/p>\n<p><span style=\"color: #0000ff;\"><a style=\"color: #0000ff;\" href=\"http:\/\/www.facebook.com\/cantinhomeigo\" target=\"_blank\" rel=\"noopener noreferrer\">Fb.com\/cantinhomeigo<\/a><\/span><\/p>\n<p><span style=\"color: #0000ff;\"><a style=\"color: #0000ff;\" href=\"http:\/\/www.cantinhomeigo.com.br\/\" target=\"_blank\" rel=\"noopener noreferrer\">www.cantinhomeigo.com.br<\/a><\/span><\/p>\n<p>Fonte: Imprensa\/Cantinho Meigo<\/p>\n","protected":false},"excerpt":{"rendered":"<p>Outubro, 2018 &#8211; Um m\u00f3vel feito com madeira de demoli\u00e7\u00e3o assume a caracter\u00edstica que o cliente quiser, podendo ser da mais r\u00fastica \u00e0 mais fina e decorativa pe\u00e7a de luxo, que se adapta facilmente a ambientes internos e externos, sempre marcando presen\u00e7a. Quanto ao que vem a ser a\u00a0Madeira de Demoli\u00e7\u00e3o, podemos dizer que \u00e9 [&hellip;]<\/p>\n","protected":false},"author":1,"featured_media":10520,"comment_status":"open","ping_status":"open","sticky":false,"template":"","format":"standard","meta":{"_uag_custom_page_level_css":"","footnotes":""},"categories":[28],"tags":[917,1771,14049,3544,14051,14052,14048,14047,14046,14050],"class_list":["post-10519","post","type-post","status-publish","format-standard","has-post-thumbnail","hentry","category-arquitetura","tag-arquitetura-e-decoracao","tag-campinas-sp","tag-cozinha-e-varanda-com-moveis-novos","tag-designer-de-interiores","tag-dicas-de-usar-moveis-rusticos","tag-espacos-e-jardins","tag-loja-cantinho-meigo","tag-medeira-de-demolicao","tag-moveis-rusticos-dao-um-novo-tom-na-casa-nova","tag-producao-e-vendas-de-moveis"],"blocksy_meta":[],"spectra_blocks_featured_image_url":{"thumbnail":{"url":"https:\/\/construcaocivil.siriusmarketingedesign.com.br\/wp-content\/uploads\/2018\/10\/DEMOLICAO-150x150.jpg","width":150,"height":150},"medium":{"url":"https:\/\/construcaocivil.siriusmarketingedesign.com.br\/wp-content\/uploads\/2018\/10\/DEMOLICAO-300x218.jpg","width":300,"height":218},"medium_large":{"url":"https:\/\/construcaocivil.siriusmarketingedesign.com.br\/wp-content\/uploads\/2018\/10\/DEMOLICAO-768x559.jpg","width":768,"height":559},"large":{"url":"https:\/\/construcaocivil.siriusmarketingedesign.com.br\/wp-content\/uploads\/2018\/10\/DEMOLICAO-1024x746.jpg","width":1024,"height":746},"full":{"url":"https:\/\/construcaocivil.siriusmarketingedesign.com.br\/wp-content\/uploads\/2018\/10\/DEMOLICAO-e1540481227668.jpg","width":900,"height":655}},"spectra_blocks_author_info":{"display_name":"Jornal da Constru\u00e7\u00e3o Civil","avatar_url":"https:\/\/secure.gravatar.com\/avatar\/973c9774fd44ddaceb026973c4962faa70fc512bc4c9da68e8ebb40fecee6540?s=96&d=mm&r=g","author_link":"https:\/\/construcaocivil.siriusmarketingedesign.com.br\/?author=1","description":"Desde de 2013, levando muitas informa\u00e7\u00f5es, lan\u00e7amentos e produtos de qualidade para toda cadeia produtiva da constru\u00e7\u00e3o. O Futuro da constru\u00e7\u00e3o passa por aqui,"},"uagb_featured_image_src":{"full":["https:\/\/construcaocivil.siriusmarketingedesign.com.br\/wp-content\/uploads\/2018\/10\/DEMOLICAO-e1540481227668.jpg",900,655,false],"thumbnail":["https:\/\/construcaocivil.siriusmarketingedesign.com.br\/wp-content\/uploads\/2018\/10\/DEMOLICAO-150x150.jpg",150,150,true],"medium":["https:\/\/construcaocivil.siriusmarketingedesign.com.br\/wp-content\/uploads\/2018\/10\/DEMOLICAO-300x218.jpg",300,218,true],"medium_large":["https:\/\/construcaocivil.siriusmarketingedesign.com.br\/wp-content\/uploads\/2018\/10\/DEMOLICAO-768x559.jpg",768,559,true],"large":["https:\/\/construcaocivil.siriusmarketingedesign.com.br\/wp-content\/uploads\/2018\/10\/DEMOLICAO-1024x746.jpg",1024,746,true],"1536x1536":["https:\/\/construcaocivil.siriusmarketingedesign.com.br\/wp-content\/uploads\/2018\/10\/DEMOLICAO-e1540481227668.jpg",900,655,false],"2048x2048":["https:\/\/construcaocivil.siriusmarketingedesign.com.br\/wp-content\/uploads\/2018\/10\/DEMOLICAO-e1540481227668.jpg",900,655,false]},"uagb_author_info":{"display_name":"Jornal da Constru\u00e7\u00e3o Civil","author_link":"https:\/\/construcaocivil.siriusmarketingedesign.com.br\/?author=1"},"uagb_comment_info":0,"uagb_excerpt":"Outubro, 2018 &#8211; Um m\u00f3vel feito com madeira de demoli\u00e7\u00e3o assume a caracter\u00edstica que o cliente quiser, podendo ser da mais r\u00fastica \u00e0 mais fina e decorativa pe\u00e7a de luxo, que se adapta facilmente a ambientes internos e externos, sempre marcando presen\u00e7a. Quanto ao que vem a ser a\u00a0Madeira de Demoli\u00e7\u00e3o, podemos dizer que \u00e9&hellip;","_links":{"self":[{"href":"https:\/\/construcaocivil.siriusmarketingedesign.com.br\/index.php?rest_route=\/wp\/v2\/posts\/10519","targetHints":{"allow":["GET"]}}],"collection":[{"href":"https:\/\/construcaocivil.siriusmarketingedesign.com.br\/index.php?rest_route=\/wp\/v2\/posts"}],"about":[{"href":"https:\/\/construcaocivil.siriusmarketingedesign.com.br\/index.php?rest_route=\/wp\/v2\/types\/post"}],"author":[{"embeddable":true,"href":"https:\/\/construcaocivil.siriusmarketingedesign.com.br\/index.php?rest_route=\/wp\/v2\/users\/1"}],"replies":[{"embeddable":true,"href":"https:\/\/construcaocivil.siriusmarketingedesign.com.br\/index.php?rest_route=%2Fwp%2Fv2%2Fcomments&post=10519"}],"version-history":[{"count":0,"href":"https:\/\/construcaocivil.siriusmarketingedesign.com.br\/index.php?rest_route=\/wp\/v2\/posts\/10519\/revisions"}],"wp:featuredmedia":[{"embeddable":true,"href":"https:\/\/construcaocivil.siriusmarketingedesign.com.br\/index.php?rest_route=\/wp\/v2\/media\/10520"}],"wp:attachment":[{"href":"https:\/\/construcaocivil.siriusmarketingedesign.com.br\/index.php?rest_route=%2Fwp%2Fv2%2Fmedia&parent=10519"}],"wp:term":[{"taxonomy":"category","embeddable":true,"href":"https:\/\/construcaocivil.siriusmarketingedesign.com.br\/index.php?rest_route=%2Fwp%2Fv2%2Fcategories&post=10519"},{"taxonomy":"post_tag","embeddable":true,"href":"https:\/\/construcaocivil.siriusmarketingedesign.com.br\/index.php?rest_route=%2Fwp%2Fv2%2Ftags&post=10519"}],"curies":[{"name":"wp","href":"https:\/\/api.w.org\/{rel}","templated":true}]}}