{"id":10533,"date":"2018-10-26T13:30:32","date_gmt":"2018-10-26T16:30:32","guid":{"rendered":"http:\/\/www.jornaldaconstrucaocivil.com.br\/?p=10533"},"modified":"2018-10-26T13:45:38","modified_gmt":"2018-10-26T16:45:38","slug":"fernando-haddad-adere-a-plataforma-dos-consumidores-do-idec","status":"publish","type":"post","link":"https:\/\/construcaocivil.siriusmarketingedesign.com.br\/?p=10533","title":{"rendered":"Fernando Haddad adere \u00e0 Plataforma dos Consumidores do Idec"},"content":{"rendered":"<p dir=\"ltr\" style=\"text-align: justify;\"><span id=\"m_-6719537386884716158docs-internal-guid-a7621402-7fff-78b7-10ea-56a2d2f7a5f5\"><span style=\"color: #993300;\">Outubro, 2018<\/span> &#8211; O candidato \u00e0 Presid\u00eancia Fernando <span class=\"il\">Haddad<\/span> (PT) assinou a carta de compromisso da <span style=\"color: #0000ff;\"><a style=\"color: #0000ff;\" href=\"http:\/\/idec.org.br\/plataformaeleicoes\" target=\"_blank\" rel=\"noopener\" data-saferedirecturl=\"https:\/\/www.google.com\/url?q=http:\/\/idec.org.br\/plataformaeleicoes&amp;source=gmail&amp;ust=1540657207889000&amp;usg=AFQjCNGxqnI1umGy-c9hrmbHSl8kzLO0Vw\">Plataforma dos Consumidores<\/a> <\/span>do <span class=\"il\">Idec<\/span>. O presidenci\u00e1vel aderiu a 100% das pautas defendidas pela ONG.<\/span><\/p>\n<p dir=\"ltr\" style=\"text-align: justify;\">S\u00e3o dez as pautas pr\u00f3-consumidor encaminhadas ainda antes do primeiro turno das elei\u00e7\u00f5es, a todos os presidenci\u00e1veis nas Elei\u00e7\u00f5es 2018. Entre as demandas contempladas est\u00e3o: sa\u00fade por inteiro, comida de verdade, bancos respons\u00e1veis, energia barata e sustent\u00e1vel, mais transporte, internet e telefonia universais, dados protegidos, ag\u00eancias a servi\u00e7o da popula\u00e7\u00e3o, defesa efetiva do consumidor e consumo sustent\u00e1vel e meio ambiente protegido.<\/p>\n<figure id=\"attachment_10536\" aria-describedby=\"caption-attachment-10536\" style=\"width: 168px\" class=\"wp-caption alignleft\"><img loading=\"lazy\" decoding=\"async\" class=\"size-full wp-image-10536\" src=\"http:\/\/www.jornaldaconstrucaocivil.com.br\/wp-content\/uploads\/2018\/10\/HADDAD-2OK.jpg\" alt=\"\" width=\"168\" height=\"192\" \/><figcaption id=\"caption-attachment-10536\" class=\"wp-caption-text\">Fernando Haddad, assina pautas pr\u00f3 consumidor do IDEC.<\/figcaption><\/figure>\n<p dir=\"ltr\" style=\"text-align: justify;\">Pela avalia\u00e7\u00e3o do plano de governo registrado no TSE (Tribunal Superior Eleitoral), o candidato Jair Bolsonaro (PSL) atende a 5,2% das pautas da Plataforma. O <span class=\"il\">Idec<\/span> entrou diversas vezes em contato com a assessoria do presidenci\u00e1vel e ainda n\u00e3o obteve retorno sobre a ades\u00e3o das propostas.<\/p>\n<p dir=\"ltr\" style=\"text-align: justify;\">Para chegar aos percentuais dos candidatos que n\u00e3o aderiram diretamente \u00e0 carta de compromisso, o <span style=\"color: #0000ff;\"><a style=\"color: #0000ff;\" href=\"https:\/\/idec.org.br\/noticia\/idec-compara-propostas-presidenciaveis-e-pautas-consumidores\" target=\"_blank\" rel=\"noopener\" data-saferedirecturl=\"https:\/\/www.google.com\/url?q=https:\/\/idec.org.br\/noticia\/idec-compara-propostas-presidenciaveis-e-pautas-consumidores&amp;source=gmail&amp;ust=1540657207889000&amp;usg=AFQjCNFJnthp-BbOR_y9pi1O6CUW8N8A-A\"><span class=\"il\">Idec<\/span> fez uma an\u00e1lise das programas de governo<\/a><\/span> e avaliou a ader\u00eancia com cada umas das 10 pautas dos consumidores. A m\u00e9dia geral \u00e9 a avalia\u00e7\u00e3o de ader\u00eancia a cada umas dessas 10 pautas, que possuem o mesmo peso para a composi\u00e7\u00e3o do n\u00famero final.<\/p>\n<p dir=\"ltr\" style=\"text-align: justify;\">Desde o lan\u00e7amento da plataforma eleitoral, no dia 30 de agosto, o <span class=\"il\">Idec<\/span> entrou em contato com as campanhas de todos os candidatos para divulgar as propostas e abriu possibilidade de apoio a cada um dos temas, mesmo que os programas de governo n\u00e3o os abordassem.<\/p>\n<p dir=\"ltr\" style=\"text-align: justify;\">No primeiro turno, a Plataforma recebeu o apoio de mais de 100 candidatos a senadores, deputados federais e deputados estaduais e distritais. A ades\u00e3o aos temas estar\u00e1 aberta at\u00e9 o dia 26 de outubro, e qualquer um dos candidatos podem aderir e mudar o placar.<\/p>\n<p dir=\"ltr\" style=\"text-align: justify;\">Pela Plataforma, os eleitores tamb\u00e9m podem cobrar o apoio do presidenci\u00e1vel Jair Bolsonaro e dos candidatos a governador que disputam o segundo turno.<\/p>\n<p dir=\"ltr\">Fonte: Imprensa\/ IDEC<\/p>\n","protected":false},"excerpt":{"rendered":"<p>Outubro, 2018 &#8211; O candidato \u00e0 Presid\u00eancia Fernando Haddad (PT) assinou a carta de compromisso da Plataforma dos Consumidores do Idec. O presidenci\u00e1vel aderiu a 100% das pautas defendidas pela ONG. S\u00e3o dez as pautas pr\u00f3-consumidor encaminhadas ainda antes do primeiro turno das elei\u00e7\u00f5es, a todos os presidenci\u00e1veis nas Elei\u00e7\u00f5es 2018. Entre as demandas contempladas [&hellip;]<\/p>\n","protected":false},"author":1,"featured_media":10538,"comment_status":"open","ping_status":"open","sticky":false,"template":"","format":"standard","meta":{"_uag_custom_page_level_css":"","footnotes":""},"categories":[27],"tags":[13926,14077,14073,14072,14078,4019,14074,14070,5864,6283,14075,10679,14071,14076,14079],"class_list":["post-10533","post","type-post","status-publish","format-standard","has-post-thumbnail","hentry","category-acontece","tag-haddad13presidente","tag-acoes-pro-consumidor","tag-bancos-responsaveis","tag-comida-de-verdade","tag-consumo-sustentavel","tag-eleicoes-2018","tag-energia-barata-e-sustentavel","tag-fernando-haddad-pt","tag-idec","tag-internet","tag-mais-transporte","tag-sao-paulo-sp","tag-saude-por-inteiro","tag-telefonia-universais","tag-transporte-publico-de-qualidade-e-barato"],"blocksy_meta":[],"spectra_blocks_featured_image_url":{"thumbnail":{"url":"https:\/\/construcaocivil.siriusmarketingedesign.com.br\/wp-content\/uploads\/2018\/10\/HADDAD-BRASIL-150x150.jpg","width":150,"height":150},"medium":{"url":"https:\/\/construcaocivil.siriusmarketingedesign.com.br\/wp-content\/uploads\/2018\/10\/HADDAD-BRASIL-300x169.jpg","width":300,"height":169},"medium_large":{"url":"https:\/\/construcaocivil.siriusmarketingedesign.com.br\/wp-content\/uploads\/2018\/10\/HADDAD-BRASIL-768x433.jpg","width":768,"height":433},"large":{"url":"https:\/\/construcaocivil.siriusmarketingedesign.com.br\/wp-content\/uploads\/2018\/10\/HADDAD-BRASIL.jpg","width":780,"height":440},"full":{"url":"https:\/\/construcaocivil.siriusmarketingedesign.com.br\/wp-content\/uploads\/2018\/10\/HADDAD-BRASIL.jpg","width":780,"height":440}},"spectra_blocks_author_info":{"display_name":"Jornal da Constru\u00e7\u00e3o Civil","avatar_url":"https:\/\/secure.gravatar.com\/avatar\/973c9774fd44ddaceb026973c4962faa70fc512bc4c9da68e8ebb40fecee6540?s=96&d=mm&r=g","author_link":"https:\/\/construcaocivil.siriusmarketingedesign.com.br\/?author=1","description":"Desde de 2013, levando muitas informa\u00e7\u00f5es, lan\u00e7amentos e produtos de qualidade para toda cadeia produtiva da constru\u00e7\u00e3o. O Futuro da constru\u00e7\u00e3o passa por aqui,"},"uagb_featured_image_src":{"full":["https:\/\/construcaocivil.siriusmarketingedesign.com.br\/wp-content\/uploads\/2018\/10\/HADDAD-BRASIL.jpg",780,440,false],"thumbnail":["https:\/\/construcaocivil.siriusmarketingedesign.com.br\/wp-content\/uploads\/2018\/10\/HADDAD-BRASIL-150x150.jpg",150,150,true],"medium":["https:\/\/construcaocivil.siriusmarketingedesign.com.br\/wp-content\/uploads\/2018\/10\/HADDAD-BRASIL-300x169.jpg",300,169,true],"medium_large":["https:\/\/construcaocivil.siriusmarketingedesign.com.br\/wp-content\/uploads\/2018\/10\/HADDAD-BRASIL-768x433.jpg",768,433,true],"large":["https:\/\/construcaocivil.siriusmarketingedesign.com.br\/wp-content\/uploads\/2018\/10\/HADDAD-BRASIL.jpg",780,440,false],"1536x1536":["https:\/\/construcaocivil.siriusmarketingedesign.com.br\/wp-content\/uploads\/2018\/10\/HADDAD-BRASIL.jpg",780,440,false],"2048x2048":["https:\/\/construcaocivil.siriusmarketingedesign.com.br\/wp-content\/uploads\/2018\/10\/HADDAD-BRASIL.jpg",780,440,false]},"uagb_author_info":{"display_name":"Jornal da Constru\u00e7\u00e3o Civil","author_link":"https:\/\/construcaocivil.siriusmarketingedesign.com.br\/?author=1"},"uagb_comment_info":0,"uagb_excerpt":"Outubro, 2018 &#8211; O candidato \u00e0 Presid\u00eancia Fernando Haddad (PT) assinou a carta de compromisso da Plataforma dos Consumidores do Idec. O presidenci\u00e1vel aderiu a 100% das pautas defendidas pela ONG. S\u00e3o dez as pautas pr\u00f3-consumidor encaminhadas ainda antes do primeiro turno das elei\u00e7\u00f5es, a todos os presidenci\u00e1veis nas Elei\u00e7\u00f5es 2018. Entre as demandas contempladas&hellip;","_links":{"self":[{"href":"https:\/\/construcaocivil.siriusmarketingedesign.com.br\/index.php?rest_route=\/wp\/v2\/posts\/10533","targetHints":{"allow":["GET"]}}],"collection":[{"href":"https:\/\/construcaocivil.siriusmarketingedesign.com.br\/index.php?rest_route=\/wp\/v2\/posts"}],"about":[{"href":"https:\/\/construcaocivil.siriusmarketingedesign.com.br\/index.php?rest_route=\/wp\/v2\/types\/post"}],"author":[{"embeddable":true,"href":"https:\/\/construcaocivil.siriusmarketingedesign.com.br\/index.php?rest_route=\/wp\/v2\/users\/1"}],"replies":[{"embeddable":true,"href":"https:\/\/construcaocivil.siriusmarketingedesign.com.br\/index.php?rest_route=%2Fwp%2Fv2%2Fcomments&post=10533"}],"version-history":[{"count":0,"href":"https:\/\/construcaocivil.siriusmarketingedesign.com.br\/index.php?rest_route=\/wp\/v2\/posts\/10533\/revisions"}],"wp:featuredmedia":[{"embeddable":true,"href":"https:\/\/construcaocivil.siriusmarketingedesign.com.br\/index.php?rest_route=\/wp\/v2\/media\/10538"}],"wp:attachment":[{"href":"https:\/\/construcaocivil.siriusmarketingedesign.com.br\/index.php?rest_route=%2Fwp%2Fv2%2Fmedia&parent=10533"}],"wp:term":[{"taxonomy":"category","embeddable":true,"href":"https:\/\/construcaocivil.siriusmarketingedesign.com.br\/index.php?rest_route=%2Fwp%2Fv2%2Fcategories&post=10533"},{"taxonomy":"post_tag","embeddable":true,"href":"https:\/\/construcaocivil.siriusmarketingedesign.com.br\/index.php?rest_route=%2Fwp%2Fv2%2Ftags&post=10533"}],"curies":[{"name":"wp","href":"https:\/\/api.w.org\/{rel}","templated":true}]}}