{"id":10540,"date":"2018-10-29T11:20:34","date_gmt":"2018-10-29T14:20:34","guid":{"rendered":"http:\/\/www.jornaldaconstrucaocivil.com.br\/?p=10540"},"modified":"2018-10-29T11:20:34","modified_gmt":"2018-10-29T14:20:34","slug":"6o-congresso-brasileiro-de-valorizacao-do-rental-discute-estrategias-para-estimular-o-crescimento-do-setor","status":"publish","type":"post","link":"https:\/\/construcaocivil.siriusmarketingedesign.com.br\/?p=10540","title":{"rendered":"6\u00ba Congresso Brasileiro de Valoriza\u00e7\u00e3o do Rental discute estrat\u00e9gias para estimular o crescimento do setor"},"content":{"rendered":"<p style=\"text-align: justify;\"><span style=\"color: #993300;\">Outubro, 2018<\/span> &#8211; A\u00a0\u00a0Associa\u00e7\u00e3o Brasileira dos Sindicatos e Associa\u00e7\u00f5es Representantes dos Locadores de M\u00e1quinas, Equipamentos e Ferramentas (Analoc) promover\u00e1 a 6\u00aa edi\u00e7\u00e3o do\u00a0<strong>Congresso Brasileiro de Valoriza\u00e7\u00e3o do Rental<\/strong>, durante a\u00a0<strong>10\u00aa M&amp;T Expo \u2013 Feira Internacional de Equipamentos para Constru\u00e7\u00e3o e Minera\u00e7\u00e3o<\/strong>, maior feira do segmento na Am\u00e9rica Latina.<\/p>\n<p style=\"text-align: justify;\">Com uma programa\u00e7\u00e3o intensa e diferenciada, focada na realidade do mercado e na experi\u00eancia acumulada pelos empres\u00e1rios durante a crise, o evento ter\u00e1 in\u00edcio \u00e0s 13h30, no dia 27 de novembro, no\u00a0<strong>Summit M&amp;T Expo 2018<\/strong>. \u201cO congresso j\u00e1 fez hist\u00f3ria como um importante agente transformador no mercado da loca\u00e7\u00e3o, por reunir num mesmo ambiente de neg\u00f3cios, centenas de lideran\u00e7as empresariais e setoriais, construtores, contratantes, agentes financiadores, fabricantes, revendedores, prestadores de servi\u00e7o de pe\u00e7as e manuten\u00e7\u00e3o, al\u00e9m dos locadores de equipamentos leves e de grande porte\u201d, afirma\u00a0<strong>Reynaldo Fraiha<\/strong>, presidente da Analoc.<\/p>\n<p style=\"text-align: justify;\">O Congresso Brasileiro de Valoriza\u00e7\u00e3o do Rental contar\u00e1 com as palestras do jornalista\u00a0<strong>Luiz Arthur Nogueira<\/strong>, editor da Revista Isto \u00c9, que vai trazer aspectos do cen\u00e1rio econ\u00f4mico e pol\u00edtico; de\u00a0<strong>Expedito Arena<\/strong>, da Casa do Construtor, uma das maiores redes de aluguel de equipamentos do pa\u00eds, que trar\u00e1 informa\u00e7\u00f5es sobre o setor e como atrair investimentos na atual conjuntura; e do engenheiro\u00a0<strong>S\u00e9rgio Augusto Palazzo<\/strong>, especializado na aplica\u00e7\u00e3o e opera\u00e7\u00e3o de m\u00e1quinas de constru\u00e7\u00e3o de infraestruturas, representante do Brasil no Comit\u00ea Executivo da International Society for Trenchless Technology, que falar\u00e1 sobre o que fazer quando as empresas est\u00e3o na UTI.<\/p>\n<p style=\"text-align: justify;\">Sobre a M&amp;T Expo, Fraiha diz que ela tem import\u00e2ncia fundamental n\u00e3o s\u00f3 para o mercado locador como para toda a cadeia da constru\u00e7\u00e3o em geral. \u201cA feira nos permite interagir com todo o mercado e ter acesso ao que de mais moderno em equipamentos temos a disposi\u00e7\u00e3o. \u00c9 um evento de muita import\u00e2ncia no planejamento das empresas, pois possibilita pelo network gerado uma vis\u00e3o \u00fanica. Os congressos que complementam a estrutura da feira disseminam informa\u00e7\u00f5es valiosas ao mercado de equipamentos\u201d, finaliza.<\/p>\n<p style=\"text-align: justify;\">Al\u00e9m da Analoc, est\u00e3o confirmados no\u00a0<span style=\"color: #0000ff;\"><strong>Summit M&amp;T Expo 2018<\/strong><\/span>\u00a0eventos promovidos pela Ag\u00eancia Paulista de Promo\u00e7\u00e3o de Investimentos e Competitividade (Investe S\u00e3o Paulo), Associa\u00e7\u00e3o Brasileira da Ind\u00fastria de Blocos de Concreto (BlocoBrasil), Associa\u00e7\u00e3o Brasileira da Ind\u00fastria de Materiais de Constru\u00e7\u00e3o (Abramat), Associa\u00e7\u00e3o Brasileira das Empresas de Filtros e seus Sistemas Automotivos e Industriais (Abrafiltros), Associa\u00e7\u00e3o Brasileira de Ensaios N\u00e3o Destrutivos e Inspe\u00e7\u00e3o (Abendi), Comit\u00ea Brasileiro de T\u00faneis (CBT), Funda\u00e7\u00e3o Vanzolini, Instituto de Engenharia (IE) e Sindicato Nacional das Empresas de Transportes e Movimenta\u00e7\u00e3o de Cargas Pesadas e Excepcionais (Sindipesa).<\/p>\n<p style=\"text-align: justify;\">A M&amp;T Expo foi promovida, pela primeira vez, em 1995, em uma iniciativa da Associa\u00e7\u00e3o Brasileira de Tecnologia para Constru\u00e7\u00e3o e Minera\u00e7\u00e3o (Sobratema). A edi\u00e7\u00e3o de 2018 marca o in\u00edcio do acordo de coopera\u00e7\u00e3o de longo prazo firmado entre a entidade e a Messe M\u00fcnchen, promotora da bauma, maior feira mundial da \u00e1rea de equipamentos para constru\u00e7\u00e3o. Com isso, a feira passa a ser organizada e promovida pela Messe Muenchen do Brasil.<\/p>\n<p style=\"text-align: justify;\"><strong>Servi\u00e7o:<\/strong><br \/>\n<strong>M&amp;T Expo 2018 \u2013 10\u00aa Feira Internacional de Equipamentos para Constru\u00e7\u00e3o e Minera\u00e7\u00e3o<\/strong><br \/>\n<strong>Data<\/strong>: 26 a 29 de novembro de 2018<br \/>\n<strong>Hor\u00e1rios<\/strong>: 26 a 28 &#8211; 13h \u00e0s 20h<br \/>\n29 &#8211; 9h \u00e0s 16h<br \/>\n<strong>Local<\/strong>: S\u00e3o Paulo Expo Exhibition &amp; Convention Center &#8211; Rodovia dos Imigrantes, km 1,5 \u2013 \u00c1gua Funda \u2013 S\u00e3o Paulo\/SP<br \/>\n<strong>Informa\u00e7\u00f5es e credenciamento<\/strong>:<span style=\"color: #0000ff;\">\u00a0<a style=\"color: #0000ff;\" href=\"http:\/\/www.mtexpo.com.br\/\" target=\"_blank\" rel=\"noopener noreferrer\">http:\/\/www.mtexpo.com.br<\/a><\/span><\/p>\n","protected":false},"excerpt":{"rendered":"<p>Outubro, 2018 &#8211; A\u00a0\u00a0Associa\u00e7\u00e3o Brasileira dos Sindicatos e Associa\u00e7\u00f5es Representantes dos Locadores de M\u00e1quinas, Equipamentos e Ferramentas (Analoc) promover\u00e1 a 6\u00aa edi\u00e7\u00e3o do\u00a0Congresso Brasileiro de Valoriza\u00e7\u00e3o do Rental, durante a\u00a010\u00aa M&amp;T Expo \u2013 Feira Internacional de Equipamentos para Constru\u00e7\u00e3o e Minera\u00e7\u00e3o, maior feira do segmento na Am\u00e9rica Latina. Com uma programa\u00e7\u00e3o intensa e diferenciada, focada [&hellip;]<\/p>\n","protected":false},"author":1,"featured_media":10541,"comment_status":"open","ping_status":"open","sticky":false,"template":"","format":"standard","meta":{"_uag_custom_page_level_css":"","footnotes":""},"categories":[33],"tags":[14083,2897,5070,6017,14084,14085,14081,7100,7210,9161,10679,14082,14080],"class_list":["post-10540","post","type-post","status-publish","format-standard","has-post-thumbnail","hentry","category-mercado","tag-analoc","tag-construcao-pesada","tag-finame","tag-industria-4-0","tag-industria-de-blocos-de-concreto","tag-industria-de-materiais-de-construcao","tag-locadoras-de-maquinas","tag-mt-expo-2018","tag-maquinas-e-equipamentos","tag-pos-venda","tag-sao-paulo-sp","tag-seminario-sobre-vendas","tag-vendas-de-maquinas-para-construcao-e-mineracao"],"blocksy_meta":[],"spectra_blocks_featured_image_url":{"thumbnail":{"url":"https:\/\/construcaocivil.siriusmarketingedesign.com.br\/wp-content\/uploads\/2018\/10\/MeT-150x150.jpg","width":150,"height":150},"medium":{"url":"https:\/\/construcaocivil.siriusmarketingedesign.com.br\/wp-content\/uploads\/2018\/10\/MeT-300x232.jpg","width":300,"height":232},"medium_large":{"url":"https:\/\/construcaocivil.siriusmarketingedesign.com.br\/wp-content\/uploads\/2018\/10\/MeT-768x595.jpg","width":768,"height":595},"large":{"url":"https:\/\/construcaocivil.siriusmarketingedesign.com.br\/wp-content\/uploads\/2018\/10\/MeT-1024x793.jpg","width":1024,"height":793},"full":{"url":"https:\/\/construcaocivil.siriusmarketingedesign.com.br\/wp-content\/uploads\/2018\/10\/MeT-e1540821877505.jpg","width":900,"height":697}},"spectra_blocks_author_info":{"display_name":"Jornal da Constru\u00e7\u00e3o Civil","avatar_url":"https:\/\/secure.gravatar.com\/avatar\/973c9774fd44ddaceb026973c4962faa70fc512bc4c9da68e8ebb40fecee6540?s=96&d=mm&r=g","author_link":"https:\/\/construcaocivil.siriusmarketingedesign.com.br\/?author=1","description":"Desde de 2013, levando muitas informa\u00e7\u00f5es, lan\u00e7amentos e produtos de qualidade para toda cadeia produtiva da constru\u00e7\u00e3o. O Futuro da constru\u00e7\u00e3o passa por aqui,"},"uagb_featured_image_src":{"full":["https:\/\/construcaocivil.siriusmarketingedesign.com.br\/wp-content\/uploads\/2018\/10\/MeT-e1540821877505.jpg",900,697,false],"thumbnail":["https:\/\/construcaocivil.siriusmarketingedesign.com.br\/wp-content\/uploads\/2018\/10\/MeT-150x150.jpg",150,150,true],"medium":["https:\/\/construcaocivil.siriusmarketingedesign.com.br\/wp-content\/uploads\/2018\/10\/MeT-300x232.jpg",300,232,true],"medium_large":["https:\/\/construcaocivil.siriusmarketingedesign.com.br\/wp-content\/uploads\/2018\/10\/MeT-768x595.jpg",768,595,true],"large":["https:\/\/construcaocivil.siriusmarketingedesign.com.br\/wp-content\/uploads\/2018\/10\/MeT-1024x793.jpg",1024,793,true],"1536x1536":["https:\/\/construcaocivil.siriusmarketingedesign.com.br\/wp-content\/uploads\/2018\/10\/MeT-e1540821877505.jpg",900,697,false],"2048x2048":["https:\/\/construcaocivil.siriusmarketingedesign.com.br\/wp-content\/uploads\/2018\/10\/MeT-e1540821877505.jpg",900,697,false]},"uagb_author_info":{"display_name":"Jornal da Constru\u00e7\u00e3o Civil","author_link":"https:\/\/construcaocivil.siriusmarketingedesign.com.br\/?author=1"},"uagb_comment_info":0,"uagb_excerpt":"Outubro, 2018 &#8211; A\u00a0\u00a0Associa\u00e7\u00e3o Brasileira dos Sindicatos e Associa\u00e7\u00f5es Representantes dos Locadores de M\u00e1quinas, Equipamentos e Ferramentas (Analoc) promover\u00e1 a 6\u00aa edi\u00e7\u00e3o do\u00a0Congresso Brasileiro de Valoriza\u00e7\u00e3o do Rental, durante a\u00a010\u00aa M&amp;T Expo \u2013 Feira Internacional de Equipamentos para Constru\u00e7\u00e3o e Minera\u00e7\u00e3o, maior feira do segmento na Am\u00e9rica Latina. Com uma programa\u00e7\u00e3o intensa e diferenciada, focada&hellip;","_links":{"self":[{"href":"https:\/\/construcaocivil.siriusmarketingedesign.com.br\/index.php?rest_route=\/wp\/v2\/posts\/10540","targetHints":{"allow":["GET"]}}],"collection":[{"href":"https:\/\/construcaocivil.siriusmarketingedesign.com.br\/index.php?rest_route=\/wp\/v2\/posts"}],"about":[{"href":"https:\/\/construcaocivil.siriusmarketingedesign.com.br\/index.php?rest_route=\/wp\/v2\/types\/post"}],"author":[{"embeddable":true,"href":"https:\/\/construcaocivil.siriusmarketingedesign.com.br\/index.php?rest_route=\/wp\/v2\/users\/1"}],"replies":[{"embeddable":true,"href":"https:\/\/construcaocivil.siriusmarketingedesign.com.br\/index.php?rest_route=%2Fwp%2Fv2%2Fcomments&post=10540"}],"version-history":[{"count":0,"href":"https:\/\/construcaocivil.siriusmarketingedesign.com.br\/index.php?rest_route=\/wp\/v2\/posts\/10540\/revisions"}],"wp:featuredmedia":[{"embeddable":true,"href":"https:\/\/construcaocivil.siriusmarketingedesign.com.br\/index.php?rest_route=\/wp\/v2\/media\/10541"}],"wp:attachment":[{"href":"https:\/\/construcaocivil.siriusmarketingedesign.com.br\/index.php?rest_route=%2Fwp%2Fv2%2Fmedia&parent=10540"}],"wp:term":[{"taxonomy":"category","embeddable":true,"href":"https:\/\/construcaocivil.siriusmarketingedesign.com.br\/index.php?rest_route=%2Fwp%2Fv2%2Fcategories&post=10540"},{"taxonomy":"post_tag","embeddable":true,"href":"https:\/\/construcaocivil.siriusmarketingedesign.com.br\/index.php?rest_route=%2Fwp%2Fv2%2Ftags&post=10540"}],"curies":[{"name":"wp","href":"https:\/\/api.w.org\/{rel}","templated":true}]}}