{"id":10545,"date":"2018-10-29T12:20:40","date_gmt":"2018-10-29T15:20:40","guid":{"rendered":"http:\/\/www.jornaldaconstrucaocivil.com.br\/?p=10545"},"modified":"2018-10-29T12:20:40","modified_gmt":"2018-10-29T15:20:40","slug":"rio-water-week-semana-internacional-da-agua-do-rio","status":"publish","type":"post","link":"https:\/\/construcaocivil.siriusmarketingedesign.com.br\/?p=10545","title":{"rendered":"Rio Water Week \u2013 Semana internacional da \u00c1gua do Rio"},"content":{"rendered":"<p style=\"text-align: justify;\"><span style=\"color: #993300;\">Outubro, 2018<\/span> &#8211; De 26 a 28 de novembro, a\u00a0<strong>ABES \u2013 Associa\u00e7\u00e3o Brasileira de Engenharia Sanit\u00e1ria e Ambiental\u00a0<\/strong>realizar\u00e1 pela primeira vez no Brasil, o mais importante evento sobre \u00e1gua no mundo: a\u00a0<strong>RIO\u00a0WATER\u00a0WEEK\u00a0\u2013 Semana da \u00c1gua do\u00a0Rio.<\/strong><\/p>\n<p style=\"text-align: justify;\"><em>Com mais de 100 palestrantes e 60 convidados internacionais, o evento reunir\u00e1 profissionais, comunidade acad\u00eamica, empresas e organiza\u00e7\u00f5es mundiais para discutir a \u00e1gua em sua concep\u00e7\u00e3o mais ampla, abordando desafios, pol\u00edticas p\u00fablicas e solu\u00e7\u00f5es e tecnologias existentes no Brasil e no mundo. A RWW contemplar\u00e1 o encontro <strong>\u201cWater and Business\u201d, <\/strong>organizado pelo setor privado <strong>(CEBDS, Rede Brasil do Pacto Global e CNI)<\/strong> para debater sobre Seguran\u00e7a da \u00c1gua e Saneamento.<\/em>\u00a0As inscri\u00e7\u00f5es podem ser feitas<span style=\"color: #0000ff;\">\u00a0<a style=\"color: #0000ff;\" href=\"http:\/\/riowaterweek.com.br\/\"><strong>aqui<\/strong><\/a><\/span>.<\/p>\n<p style=\"text-align: justify;\">O evento, que j\u00e1 ocorre em outros pa\u00edses, como Su\u00e9cia e Cingapura, reunir\u00e1, no Riocentro, no Rio de Janeiro, profissionais, comunidade acad\u00eamica, empresas e organiza\u00e7\u00f5es mundiais para discutir a \u00e1gua em sua concep\u00e7\u00e3o mais ampla, abordando desafios, pol\u00edticas p\u00fablicas e solu\u00e7\u00f5es e tecnologias existentes no Brasil e no mundo.<\/p>\n<p style=\"text-align: justify;\">Ser\u00e3o mais de 100 palestrantes, cerca de 60 deles internacionais, de pa\u00edses como Espanha, Fran\u00e7a, Estados Unidos, \u00c1frica do Sul e Chile, entre outros, abordando 9 temas, em 23 t\u00f3picos e 45 sess\u00f5es, tendo como fio condutor o Objetivo de Desenvolvimento Sustent\u00e1vel &#8211; ODS 6 da ONU \u2013 \u00c1GUA E ESGOTO PARA TODOS AT\u00c9 2030.<\/p>\n<p style=\"text-align: justify;\">Ser\u00e3o temas do encontro: \u00c1gua e Esgoto para Todos at\u00e9 2030; Governan\u00e7a e Planejamento; Gest\u00e3o Eficiente; Forma\u00e7\u00e3o e Capacita\u00e7\u00e3o; Financiamento; Monitoramento e Relat\u00f3rio do ODS 6; Regula\u00e7\u00e3o; Comunica\u00e7\u00e3o e Tecnologia da Informa\u00e7\u00e3o; Mudan\u00e7as Clim\u00e1ticas e a \u00c1gua.<\/p>\n<p style=\"text-align: justify;\">Entre os oradores principais do evento est\u00e3o\u00a0<strong>Dhesigen Naidoo<\/strong>, da Comiss\u00e3o de Pesquisa da \u00c1gua da \u00c1frica do Sul,\u00a0<strong>Enrique Cabrera<\/strong>, especialista espanhol e membro da IWA \u2013 International Water Association,\u00a0<strong>Paula Kehoe<\/strong>, diretora de Recursos H\u00eddricos da San Francisco Public Utilities Commission (Calif\u00f3rnia\/EUA), e os brasileiros\u00a0<strong>Jorge Luiz Briard<\/strong>, presidente da Cedae,\u00a0<strong>Karla Bertocco Trindade<\/strong>, presidente da Sabesp,\u00a0<strong>Ricardo Soavinski<\/strong>, presidente da Sanepar,\u00a0<strong>Rog\u00e9rio de Paula Tavares<\/strong>, vice-presidente de Rela\u00e7\u00f5es Institucionais da Aegea,\u00a0<strong>Roberto Cavalcanti Tavares<\/strong>, presidente da Compesa e da AESBE (Associa\u00e7\u00e3o Brasileira das Empresas de Saneamento B\u00e1sico Estaduais), e\u00a0<strong>Paulo Massato,<\/strong>\u00a0diretor metropolitano da Sabesp.<\/p>\n<p style=\"text-align: justify;\">Com expectativa de reunir no Rio Centro cerca de 1.500 mil pessoas nas sess\u00f5es tem\u00e1ticas, a Rio Water Week far\u00e1 hist\u00f3ria, inserindo o Brasil nas discuss\u00f5es sobre \u00e1gua mais importantes do planeta.<\/p>\n<p style=\"text-align: justify;\"><span style=\"color: #000080;\"><em>\u201cO desafio maior \u00e9 o de ir al\u00e9m das fronteiras do nosso Brasil e de interessar e trazer para discutir a universaliza\u00e7\u00e3o os nossos grandes parceiros internacionais\u201d<\/em><\/span>, ressalta o presidente da ABES, <strong>Roberval Tavares de Souza<\/strong>.<\/p>\n<p style=\"text-align: justify;\"><span style=\"color: #000080;\"><em>\u201cEstamos adaptando para a nossa RIO WATER WEEK alguns aspectos que julgamos positivos na organiza\u00e7\u00e3o e planejamento do F\u00f3rum Mundial da \u00c1gua e das Semanas da \u00c1gua que nos precederam. Entre eles, destacaria uma participa\u00e7\u00e3o muito relevante das organiza\u00e7\u00f5es parceiras \u2013 quase uma centena \u2013 que efetivamente coordenar\u00e3o as 65 sess\u00f5es da RIO WATER WEEK, trazendo com elas uma larga experi\u00eancia nos quatro quadrantes do planeta\u201d<\/em><\/span>, frisa o vice-presidente nacional da ABES, <strong>Carlos Alberto Rosito<\/strong>, idealizador e embaixador do evento.<\/p>\n<p style=\"text-align: justify;\"><span style=\"color: #993300;\"><strong>Water and Business &#8211;<\/strong> <strong>\u00c1gua e Neg\u00f3cios<\/strong><\/span><\/p>\n<p style=\"text-align: justify;\">No \u00e2mbito da RWW, ser\u00e1 realizado no dia 27 de novembro, das 9h45 \u00e0s 18h, o evento <strong>Water and Business &#8211; \u00c1gua e Neg\u00f3cios<\/strong>, desenvolvido pelo <strong>Conselho Empresarial Brasileiro para o Desenvolvimento Sustent\u00e1vel (CEBDS)<\/strong>, pela <strong>Rede Brasil do Pacto Global<\/strong> e pela <strong>Confedera\u00e7\u00e3o Nacional da Ind\u00fastria (CNI).<\/strong><\/p>\n<p style=\"text-align: justify;\">Idealizado com o objetivo de ser uma contribui\u00e7\u00e3o do setor privado para a Semana da \u00c1gua no Rio, o evento trar\u00e1 a vis\u00e3o de neg\u00f3cios associada a dois principais temas: Seguran\u00e7a da \u00c1gua e Saneamento, que ser\u00e3o abordados em quatro pain\u00e9is.<\/p>\n<p style=\"text-align: justify;\">O Water and Business reunir\u00e1 painelistas de alto n\u00edvel que incluir\u00e3o organiza\u00e7\u00f5es empresariais e da sociedade civil nacionais e internacionais. Os pain\u00e9is contar\u00e3o com representantes de entidades como a Ag\u00eancia Nacional de \u00c1guas e Abcon\/Sindcon,\u00a0 e empresas como Ambev, Coca Cola,\u00a0 Nestl\u00e9, ECOLAB, Aegea, Braskem e BRK.<\/p>\n<p style=\"text-align: justify;\">Programa\u00e7\u00e3o:<span style=\"color: #0000ff;\"> <a style=\"color: #0000ff;\" href=\"http:\/\/riowaterweek.com.br\/water-and-business\/\">http:\/\/riowaterweek.com.br\/water-and-business\/<\/a><\/span><\/p>\n<p>Fonte: Imprensa\/ABES<\/p>\n<p style=\"text-align: justify;\">\n<p style=\"text-align: justify;\">\n","protected":false},"excerpt":{"rendered":"<p>Outubro, 2018 &#8211; De 26 a 28 de novembro, a\u00a0ABES \u2013 Associa\u00e7\u00e3o Brasileira de Engenharia Sanit\u00e1ria e Ambiental\u00a0realizar\u00e1 pela primeira vez no Brasil, o mais importante evento sobre \u00e1gua no mundo: a\u00a0RIO\u00a0WATER\u00a0WEEK\u00a0\u2013 Semana da \u00c1gua do\u00a0Rio. Com mais de 100 palestrantes e 60 convidados internacionais, o evento reunir\u00e1 profissionais, comunidade acad\u00eamica, empresas e organiza\u00e7\u00f5es mundiais [&hellip;]<\/p>\n","protected":false},"author":1,"featured_media":10546,"comment_status":"open","ping_status":"open","sticky":false,"template":"","format":"standard","meta":{"_uag_custom_page_level_css":"","footnotes":""},"categories":[27],"tags":[552,14096,2050,14093,14091,14092,14095,14094,10540,14097],"class_list":["post-10545","post","type-post","status-publish","format-standard","has-post-thumbnail","hentry","category-acontece","tag-agua-direito-universal","tag-agua-e-esgoto-para-todos-ate-2030","tag-cedae","tag-comissao-de-pesquisa-da-agua-da-africa-do-sul","tag-empresas-de-saneamento-basico-estaduais","tag-mudancas-climaticas-e-a-agua","tag-politicas-publicas-e-solucoes-e-tecnologias","tag-rio-water-week-semana-da-agua-do-rio","tag-sabesp","tag-water-and-business"],"blocksy_meta":[],"spectra_blocks_featured_image_url":{"thumbnail":{"url":"https:\/\/construcaocivil.siriusmarketingedesign.com.br\/wp-content\/uploads\/2018\/10\/quadrado_01_pt-150x150.png","width":150,"height":150},"medium":{"url":"https:\/\/construcaocivil.siriusmarketingedesign.com.br\/wp-content\/uploads\/2018\/10\/quadrado_01_pt-300x300.png","width":300,"height":300},"medium_large":{"url":"https:\/\/construcaocivil.siriusmarketingedesign.com.br\/wp-content\/uploads\/2018\/10\/quadrado_01_pt.png","width":512,"height":512},"large":{"url":"https:\/\/construcaocivil.siriusmarketingedesign.com.br\/wp-content\/uploads\/2018\/10\/quadrado_01_pt.png","width":512,"height":512},"full":{"url":"https:\/\/construcaocivil.siriusmarketingedesign.com.br\/wp-content\/uploads\/2018\/10\/quadrado_01_pt.png","width":512,"height":512}},"spectra_blocks_author_info":{"display_name":"Jornal da Constru\u00e7\u00e3o Civil","avatar_url":"https:\/\/secure.gravatar.com\/avatar\/973c9774fd44ddaceb026973c4962faa70fc512bc4c9da68e8ebb40fecee6540?s=96&d=mm&r=g","author_link":"https:\/\/construcaocivil.siriusmarketingedesign.com.br\/?author=1","description":"Desde de 2013, levando muitas informa\u00e7\u00f5es, lan\u00e7amentos e produtos de qualidade para toda cadeia produtiva da constru\u00e7\u00e3o. O Futuro da constru\u00e7\u00e3o passa por aqui,"},"uagb_featured_image_src":{"full":["https:\/\/construcaocivil.siriusmarketingedesign.com.br\/wp-content\/uploads\/2018\/10\/quadrado_01_pt.png",512,512,false],"thumbnail":["https:\/\/construcaocivil.siriusmarketingedesign.com.br\/wp-content\/uploads\/2018\/10\/quadrado_01_pt-150x150.png",150,150,true],"medium":["https:\/\/construcaocivil.siriusmarketingedesign.com.br\/wp-content\/uploads\/2018\/10\/quadrado_01_pt-300x300.png",300,300,true],"medium_large":["https:\/\/construcaocivil.siriusmarketingedesign.com.br\/wp-content\/uploads\/2018\/10\/quadrado_01_pt.png",512,512,false],"large":["https:\/\/construcaocivil.siriusmarketingedesign.com.br\/wp-content\/uploads\/2018\/10\/quadrado_01_pt.png",512,512,false],"1536x1536":["https:\/\/construcaocivil.siriusmarketingedesign.com.br\/wp-content\/uploads\/2018\/10\/quadrado_01_pt.png",512,512,false],"2048x2048":["https:\/\/construcaocivil.siriusmarketingedesign.com.br\/wp-content\/uploads\/2018\/10\/quadrado_01_pt.png",512,512,false]},"uagb_author_info":{"display_name":"Jornal da Constru\u00e7\u00e3o Civil","author_link":"https:\/\/construcaocivil.siriusmarketingedesign.com.br\/?author=1"},"uagb_comment_info":0,"uagb_excerpt":"Outubro, 2018 &#8211; De 26 a 28 de novembro, a\u00a0ABES \u2013 Associa\u00e7\u00e3o Brasileira de Engenharia Sanit\u00e1ria e Ambiental\u00a0realizar\u00e1 pela primeira vez no Brasil, o mais importante evento sobre \u00e1gua no mundo: a\u00a0RIO\u00a0WATER\u00a0WEEK\u00a0\u2013 Semana da \u00c1gua do\u00a0Rio. Com mais de 100 palestrantes e 60 convidados internacionais, o evento reunir\u00e1 profissionais, comunidade acad\u00eamica, empresas e organiza\u00e7\u00f5es mundiais&hellip;","_links":{"self":[{"href":"https:\/\/construcaocivil.siriusmarketingedesign.com.br\/index.php?rest_route=\/wp\/v2\/posts\/10545","targetHints":{"allow":["GET"]}}],"collection":[{"href":"https:\/\/construcaocivil.siriusmarketingedesign.com.br\/index.php?rest_route=\/wp\/v2\/posts"}],"about":[{"href":"https:\/\/construcaocivil.siriusmarketingedesign.com.br\/index.php?rest_route=\/wp\/v2\/types\/post"}],"author":[{"embeddable":true,"href":"https:\/\/construcaocivil.siriusmarketingedesign.com.br\/index.php?rest_route=\/wp\/v2\/users\/1"}],"replies":[{"embeddable":true,"href":"https:\/\/construcaocivil.siriusmarketingedesign.com.br\/index.php?rest_route=%2Fwp%2Fv2%2Fcomments&post=10545"}],"version-history":[{"count":0,"href":"https:\/\/construcaocivil.siriusmarketingedesign.com.br\/index.php?rest_route=\/wp\/v2\/posts\/10545\/revisions"}],"wp:featuredmedia":[{"embeddable":true,"href":"https:\/\/construcaocivil.siriusmarketingedesign.com.br\/index.php?rest_route=\/wp\/v2\/media\/10546"}],"wp:attachment":[{"href":"https:\/\/construcaocivil.siriusmarketingedesign.com.br\/index.php?rest_route=%2Fwp%2Fv2%2Fmedia&parent=10545"}],"wp:term":[{"taxonomy":"category","embeddable":true,"href":"https:\/\/construcaocivil.siriusmarketingedesign.com.br\/index.php?rest_route=%2Fwp%2Fv2%2Fcategories&post=10545"},{"taxonomy":"post_tag","embeddable":true,"href":"https:\/\/construcaocivil.siriusmarketingedesign.com.br\/index.php?rest_route=%2Fwp%2Fv2%2Ftags&post=10545"}],"curies":[{"name":"wp","href":"https:\/\/api.w.org\/{rel}","templated":true}]}}